{"id":28299,"date":"2020-05-22T07:56:24","date_gmt":"2020-05-22T11:56:24","guid":{"rendered":"http:\/\/blogdalucianaoliveira.com.br\/blog\/?p=28299"},"modified":"2020-05-22T07:56:31","modified_gmt":"2020-05-22T11:56:31","slug":"justica-obriga-orgaos-ambientais-a-adotarem-medidas-contra-o-desmatamento","status":"publish","type":"post","link":"http:\/\/blogdalucianaoliveira.com.br\/blog\/2020\/05\/22\/justica-obriga-orgaos-ambientais-a-adotarem-medidas-contra-o-desmatamento\/","title":{"rendered":"Justi\u00e7a obriga \u00f3rg\u00e3os ambientais a adotarem medidas contra o desmatamento"},"content":{"rendered":"\n<figure class=\"wp-block-image size-large\"><img data-recalc-dims=\"1\" loading=\"lazy\" decoding=\"async\" width=\"600\" height=\"344\" data-attachment-id=\"28300\" data-permalink=\"http:\/\/blogdalucianaoliveira.com.br\/blog\/2020\/05\/22\/justica-obriga-orgaos-ambientais-a-adotarem-medidas-contra-o-desmatamento\/image-81-5\/\" data-orig-file=\"https:\/\/i0.wp.com\/blogdalucianaoliveira.com.br\/blog\/wp-content\/uploads\/2020\/05\/image-81.jpeg?fit=750%2C430\" data-orig-size=\"750,430\" data-comments-opened=\"0\" data-image-meta=\"{&quot;aperture&quot;:&quot;0&quot;,&quot;credit&quot;:&quot;&quot;,&quot;camera&quot;:&quot;&quot;,&quot;caption&quot;:&quot;&quot;,&quot;created_timestamp&quot;:&quot;0&quot;,&quot;copyright&quot;:&quot;&quot;,&quot;focal_length&quot;:&quot;0&quot;,&quot;iso&quot;:&quot;0&quot;,&quot;shutter_speed&quot;:&quot;0&quot;,&quot;title&quot;:&quot;&quot;,&quot;orientation&quot;:&quot;0&quot;}\" data-image-title=\"image-81\" data-image-description=\"\" data-image-caption=\"\" data-medium-file=\"https:\/\/i0.wp.com\/blogdalucianaoliveira.com.br\/blog\/wp-content\/uploads\/2020\/05\/image-81.jpeg?fit=300%2C172\" data-large-file=\"https:\/\/i0.wp.com\/blogdalucianaoliveira.com.br\/blog\/wp-content\/uploads\/2020\/05\/image-81.jpeg?fit=600%2C344\" src=\"https:\/\/i0.wp.com\/blogdalucianaoliveira.com.br\/blog\/wp-content\/uploads\/2020\/05\/image-81.jpeg?resize=600%2C344\" alt=\"\" class=\"wp-image-28300\" srcset=\"https:\/\/i0.wp.com\/blogdalucianaoliveira.com.br\/blog\/wp-content\/uploads\/2020\/05\/image-81.jpeg?w=750 750w, https:\/\/i0.wp.com\/blogdalucianaoliveira.com.br\/blog\/wp-content\/uploads\/2020\/05\/image-81.jpeg?resize=300%2C172 300w, https:\/\/i0.wp.com\/blogdalucianaoliveira.com.br\/blog\/wp-content\/uploads\/2020\/05\/image-81.jpeg?resize=523%2C300 523w\" sizes=\"auto, (max-width: 600px) 100vw, 600px\" \/><\/figure>\n\n\n\n<p>Congresso Em Foco &#8211; Uma decis\u00e3o liminar obriga\u00a0<strong><a href=\"https:\/\/congressoemfoco.uol.com.br\/tag\/ibama\/\">Ibama<\/a><\/strong>,\u00a0<a href=\"https:\/\/congressoemfoco.uol.com.br\/tag\/funai\/\"><strong>Funai<\/strong>\u00a0<\/a>e\u00a0<strong><a href=\"https:\/\/congressoemfoco.uol.com.br\/tag\/icmbio\">Icmbio\u00a0<\/a><\/strong>a adotarem medidas concretas para combater o desmatamento na Amaz\u00f4nia &#8220;sem preju\u00edzo de nenhuma outra atividade funcional&#8221;. Segundo o texto, os \u00f3rg\u00e3os ter\u00e3o que adotar &#8220;imediatamente, a\u00e7\u00f5es de comando e controle para conten\u00e7\u00e3o de infratores ambientais \u2013 madeireiros, garimpeiros, grileiros, dentre outros&#8221;. A decis\u00e3o foi assinada pela ju\u00edza federal, Jaiza Maria Pinto Fraxe.<\/p>\n\n\n\n<!--more-->\n\n\n\n<p>O texto ressalta que desde 2012 \u00e9 poss\u00edvel notar um crescimento no\u00a0<a href=\"https:\/\/congressoemfoco.uol.com.br\/tag\/desmatamento\/\"><strong>desmatamento<\/strong><\/a>. &#8220;A tend\u00eancia de corte raso da floresta amaz\u00f4nica teria se acentuado em 2019, quando cerca de 10.300 km2 da Amaz\u00f4nia Legal foram desmatados, segundo dados do PRODES (de agosto de 2018 a julho de 2019), representando assim o maior \u00edndice de desmate dos \u00faltimos dez anos&#8221;, diz a pe\u00e7a.<\/p>\n\n\n\n<p>&#8220;O incremento do desmatamento de 2018 para 2019, segundo o PRODES, foi de 30%, representando a maior taxa de crescimento dos \u00faltimos dez anos. Asseverou que, ap\u00f3s julho de 2019 \u2013 \u00faltimo m\u00eas avaliado pelo Sistema PRODES, o Sistema DETER, cujo objetivo \u00e9 indicar alertas de desmatamento, teria corroborado a tend\u00eancia de alta, ressaltando que, embora o Sistema DETER n\u00e3o tenha o objetivo mensurar desmatamentos, ele constitui um indicativo importante do alcance dos il\u00edcitos ambientais na regi\u00e3o amaz\u00f4nica. Com base nesses dados, o MPF alegou que \u201cse est\u00e1 a caminhar para mais uma alta hist\u00f3rica do desmatamento de 2019 para 2020, inclusive e em que pese a pandemia de coronav\u00edrus vivenciada atualmente\u201d.<\/p>\n\n\n\n<p>Para combater essa realidade, a ju\u00edza determinou que as bases tenham &#8220;com equipes interinstitucionais formadas, ao menos, por for\u00e7as de comando e controle suficientes para conten\u00e7\u00e3o dos il\u00edcitos ambientais e socioambientais de cada regi\u00e3o, a exemplo de fiscais do IBAMA e do ICMBio, For\u00e7a Nacional, militares das For\u00e7as Armadas e das Pol\u00edcias Militares Ambientais, Policiais Federais, servidores da FUNAI, tudo a depender das caracter\u00edsticas e necessidades&#8221;.<\/p>\n\n\n\n<p>Os \u00f3rg\u00e3os, que s\u00e3o subordinados a paste de Meio Ambiente, t\u00eam cinco dias para apresentares os planos de a\u00e7\u00e3o. Junto com o plano, os \u00f3rg\u00e3os ter\u00e3o que apresentar medidas para n\u00e3o agravar o risco de contamina\u00e7\u00e3o nas terras ind\u00edgenas.<\/p>\n\n\n\n<p><em><strong><a href=\"https:\/\/static.congressoemfoco.uol.com.br\/2020\/05\/Decisa%CC%83o-22.pdf\">Decis\u00e3o da Justi\u00e7a na \u00edntegra<\/a><\/strong><\/em><\/p>\n","protected":false},"excerpt":{"rendered":"<p>Congresso Em Foco &#8211; Uma decis\u00e3o liminar obriga\u00a0Ibama,\u00a0Funai\u00a0e\u00a0Icmbio\u00a0a adotarem medidas concretas para combater o desmatamento na Amaz\u00f4nia &#8220;sem preju\u00edzo de nenhuma outra atividade funcional&#8221;. Segundo o texto, os \u00f3rg\u00e3os ter\u00e3o que adotar &#8220;imediatamente, a\u00e7\u00f5es de comando e controle para conten\u00e7\u00e3o de infratores ambientais \u2013 madeireiros, garimpeiros, grileiros, dentre outros&#8221;. A decis\u00e3o foi assinada pela ju\u00edza&#8230;<a class=\"more-link\" href=\"http:\/\/blogdalucianaoliveira.com.br\/blog\/2020\/05\/22\/justica-obriga-orgaos-ambientais-a-adotarem-medidas-contra-o-desmatamento\/\">Continue a leitura <span class=\"meta-nav\">&raquo;<\/span><\/a><\/p>\n","protected":false},"author":1,"featured_media":0,"comment_status":"closed","ping_status":"open","sticky":false,"template":"","format":"standard","meta":{"_exactmetrics_skip_tracking":false,"_exactmetrics_sitenote_active":false,"_exactmetrics_sitenote_note":"","_exactmetrics_sitenote_category":0,"jetpack_post_was_ever_published":false,"_jetpack_newsletter_access":"","_jetpack_dont_email_post_to_subs":false,"_jetpack_newsletter_tier_id":0,"_jetpack_memberships_contains_paywalled_content":false,"_jetpack_memberships_contains_paid_content":false,"footnotes":"","jetpack_publicize_message":"","jetpack_publicize_feature_enabled":true,"jetpack_social_post_already_shared":true,"jetpack_social_options":{"image_generator_settings":{"template":"highway","enabled":false},"version":2}},"categories":[1],"tags":[],"class_list":["post-28299","post","type-post","status-publish","format-standard","hentry","category-notas"],"jetpack_publicize_connections":[],"jetpack_sharing_enabled":true,"jetpack_featured_media_url":"","jetpack_shortlink":"https:\/\/wp.me\/p7wKYW-7mr","jetpack-related-posts":[],"_links":{"self":[{"href":"http:\/\/blogdalucianaoliveira.com.br\/blog\/wp-json\/wp\/v2\/posts\/28299","targetHints":{"allow":["GET"]}}],"collection":[{"href":"http:\/\/blogdalucianaoliveira.com.br\/blog\/wp-json\/wp\/v2\/posts"}],"about":[{"href":"http:\/\/blogdalucianaoliveira.com.br\/blog\/wp-json\/wp\/v2\/types\/post"}],"author":[{"embeddable":true,"href":"http:\/\/blogdalucianaoliveira.com.br\/blog\/wp-json\/wp\/v2\/users\/1"}],"replies":[{"embeddable":true,"href":"http:\/\/blogdalucianaoliveira.com.br\/blog\/wp-json\/wp\/v2\/comments?post=28299"}],"version-history":[{"count":1,"href":"http:\/\/blogdalucianaoliveira.com.br\/blog\/wp-json\/wp\/v2\/posts\/28299\/revisions"}],"predecessor-version":[{"id":28301,"href":"http:\/\/blogdalucianaoliveira.com.br\/blog\/wp-json\/wp\/v2\/posts\/28299\/revisions\/28301"}],"wp:attachment":[{"href":"http:\/\/blogdalucianaoliveira.com.br\/blog\/wp-json\/wp\/v2\/media?parent=28299"}],"wp:term":[{"taxonomy":"category","embeddable":true,"href":"http:\/\/blogdalucianaoliveira.com.br\/blog\/wp-json\/wp\/v2\/categories?post=28299"},{"taxonomy":"post_tag","embeddable":true,"href":"http:\/\/blogdalucianaoliveira.com.br\/blog\/wp-json\/wp\/v2\/tags?post=28299"}],"curies":[{"name":"wp","href":"https:\/\/api.w.org\/{rel}","templated":true}]}}