{"id":28302,"date":"2020-05-22T08:02:29","date_gmt":"2020-05-22T12:02:29","guid":{"rendered":"http:\/\/blogdalucianaoliveira.com.br\/blog\/?p=28302"},"modified":"2020-05-22T08:02:37","modified_gmt":"2020-05-22T12:02:37","slug":"nomeacao-de-criminalista-que-defendeu-milicianos-do-rio-e-salvatore-cacciola-vira-misterio-no-ministerio-da-saude","status":"publish","type":"post","link":"http:\/\/blogdalucianaoliveira.com.br\/blog\/2020\/05\/22\/nomeacao-de-criminalista-que-defendeu-milicianos-do-rio-e-salvatore-cacciola-vira-misterio-no-ministerio-da-saude\/","title":{"rendered":"Nomea\u00e7\u00e3o de criminalista que defendeu milicianos do Rio e Salvatore Cacciola vira mist\u00e9rio no Minist\u00e9rio da Sa\u00fade"},"content":{"rendered":"\n<figure class=\"wp-block-image size-large\"><img data-recalc-dims=\"1\" loading=\"lazy\" decoding=\"async\" width=\"600\" height=\"393\" data-attachment-id=\"28303\" data-permalink=\"http:\/\/blogdalucianaoliveira.com.br\/blog\/2020\/05\/22\/nomeacao-de-criminalista-que-defendeu-milicianos-do-rio-e-salvatore-cacciola-vira-misterio-no-ministerio-da-saude\/e1e4306e-d97e-4cd0-a67b-b95e2c740456\/\" data-orig-file=\"https:\/\/i0.wp.com\/blogdalucianaoliveira.com.br\/blog\/wp-content\/uploads\/2020\/05\/E1E4306E-D97E-4CD0-A67B-B95E2C740456.jpeg?fit=819%2C537\" data-orig-size=\"819,537\" data-comments-opened=\"0\" data-image-meta=\"{&quot;aperture&quot;:&quot;0&quot;,&quot;credit&quot;:&quot;&quot;,&quot;camera&quot;:&quot;&quot;,&quot;caption&quot;:&quot;&quot;,&quot;created_timestamp&quot;:&quot;0&quot;,&quot;copyright&quot;:&quot;&quot;,&quot;focal_length&quot;:&quot;0&quot;,&quot;iso&quot;:&quot;0&quot;,&quot;shutter_speed&quot;:&quot;0&quot;,&quot;title&quot;:&quot;&quot;,&quot;orientation&quot;:&quot;0&quot;}\" data-image-title=\"E1E4306E-D97E-4CD0-A67B-B95E2C740456\" data-image-description=\"\" data-image-caption=\"\" data-medium-file=\"https:\/\/i0.wp.com\/blogdalucianaoliveira.com.br\/blog\/wp-content\/uploads\/2020\/05\/E1E4306E-D97E-4CD0-A67B-B95E2C740456.jpeg?fit=300%2C197\" data-large-file=\"https:\/\/i0.wp.com\/blogdalucianaoliveira.com.br\/blog\/wp-content\/uploads\/2020\/05\/E1E4306E-D97E-4CD0-A67B-B95E2C740456.jpeg?fit=600%2C393\" src=\"https:\/\/i0.wp.com\/blogdalucianaoliveira.com.br\/blog\/wp-content\/uploads\/2020\/05\/E1E4306E-D97E-4CD0-A67B-B95E2C740456.jpeg?resize=600%2C393\" alt=\"\" class=\"wp-image-28303\" srcset=\"https:\/\/i0.wp.com\/blogdalucianaoliveira.com.br\/blog\/wp-content\/uploads\/2020\/05\/E1E4306E-D97E-4CD0-A67B-B95E2C740456.jpeg?w=819 819w, https:\/\/i0.wp.com\/blogdalucianaoliveira.com.br\/blog\/wp-content\/uploads\/2020\/05\/E1E4306E-D97E-4CD0-A67B-B95E2C740456.jpeg?resize=300%2C197 300w, https:\/\/i0.wp.com\/blogdalucianaoliveira.com.br\/blog\/wp-content\/uploads\/2020\/05\/E1E4306E-D97E-4CD0-A67B-B95E2C740456.jpeg?resize=768%2C504 768w, https:\/\/i0.wp.com\/blogdalucianaoliveira.com.br\/blog\/wp-content\/uploads\/2020\/05\/E1E4306E-D97E-4CD0-A67B-B95E2C740456.jpeg?resize=458%2C300 458w\" sizes=\"auto, (max-width: 600px) 100vw, 600px\" \/><\/figure>\n\n\n\n<p>Zoser Hardman \u00e9 filiado ao PRTB, de Hamilton Mour\u00e3o, e trabalhar\u00e1 como assessor especial do ministro<\/p>\n\n\n\n<!--more-->\n\n\n\n<p>Na FSP<\/p>\n\n\n\n<p><strong>De onde veio<\/strong>&nbsp;Virou mist\u00e9rio para integrantes do Minist\u00e9rio da Sa\u00fade o respons\u00e1vel pela nomea\u00e7\u00e3o de Zoser Hardman de Ara\u00fajo para o cargo de assessor especial do ministro.<\/p>\n\n\n\n<p>Causou mais estranheza o fato de ele ser advogado criminalista. Ele come\u00e7ou a trabalhar ainda na gest\u00e3o de Nelson Teich na Sa\u00fade.<\/p>\n\n\n\n<p>Na administra\u00e7\u00e3o de Luiz Henrique Mandetta, os auxiliares tinham carreira na \u00e1rea do direito p\u00fablico. Como criminalista, Ara\u00fajo j\u00e1 defendeu milicianos do Rio e um ex-PM condenado pelo assassinato da ju\u00edza Patr\u00edcia Acioli em 2011.<br><br><strong>Sigilo<\/strong>\u00a0O Painel procurou Pazuello, a assessoria do Minist\u00e9rio da Sa\u00fade, Teich e o advogado, mas ningu\u00e9m respondeu quem foi o respons\u00e1vel pela indica\u00e7\u00e3o.<br><br><strong>Outro lado\u00a0<\/strong>No site do TSE, Ara\u00fajo aparece ainda como filiado ao PRTB, partido do vice-presidente Hamilton Mour\u00e3o. Em nota, o minist\u00e9rio disse que ele n\u00e3o se filiou \u00e0 legenda. A pasta afirmou ainda que o cargo tem sido ocupado por bachar\u00e9is em direito.<br><br><strong>Menu<\/strong>\u00a0O advogado teve como clientes o vereador cassado Cristiano Gir\u00e3o e Wallace Pires, o Robocop. Ex-bombeiro, Gir\u00e3o foi preso por acusa\u00e7\u00e3o de envolvimento com mil\u00edcia de Gard\u00eania Azul e perdeu seu mandato em 2010, quando foi defendido por Hardman.<br><br>Ele foi o primeiro vereador a ter o mandato cassado pelos seus colegas em toda a hist\u00f3ria do Legislativo do Rio.<\/p>\n\n\n\n<p>O advogado tamb\u00e9m defendeu Ricardo Gildes, o Dentu\u00e7o, bra\u00e7o direito do ex-PM Ricardo Teixeira da Cruz, o Batman, outro miliciano do Rio de Janeiro. Dentu\u00e7o foi assassinado em 2014 por membros de outra mil\u00edcia.\u200b<\/p>\n\n\n\n<p>Al\u00e9m deles, Hardman tamb\u00e9m teve como cliente o ex-tenente da PM Daniel Benitez, apontado como um dos mentores do assassinato da ju\u00edza Patr\u00edcia Acioli em 2011. Ele foi condenado a 36 anos de pris\u00e3o por homic\u00eddio triplamente qualificado e forma\u00e7\u00e3o de quadrilha armada.<\/p>\n\n\n\n<p>Zoser Hardman tamb\u00e9m foi um dos advogados do&nbsp;<a href=\"https:\/\/www1.folha.uol.com.br\/folha\/brasil\/ult96u416052.shtml\">ex-banqueiro \u00edtalo-brasileiro Salvatore Cacciola<\/a>, condenado por gest\u00e3o fraudulenta e peculato em um dos maiores esc\u00e2ndalos financeiros da hist\u00f3ria recente do pa\u00eds.<\/p>\n\n\n\n<p>Com&nbsp;<strong>Mariana Carneiro e Guilherme Seto<\/strong><\/p>\n","protected":false},"excerpt":{"rendered":"<p>Zoser Hardman \u00e9 filiado ao PRTB, de Hamilton Mour\u00e3o, e trabalhar\u00e1 como assessor especial do ministro<\/p>\n","protected":false},"author":1,"featured_media":0,"comment_status":"closed","ping_status":"open","sticky":false,"template":"","format":"standard","meta":{"_exactmetrics_skip_tracking":false,"_exactmetrics_sitenote_active":false,"_exactmetrics_sitenote_note":"","_exactmetrics_sitenote_category":0,"jetpack_post_was_ever_published":false,"_jetpack_newsletter_access":"","_jetpack_dont_email_post_to_subs":false,"_jetpack_newsletter_tier_id":0,"_jetpack_memberships_contains_paywalled_content":false,"_jetpack_memberships_contains_paid_content":false,"footnotes":"","jetpack_publicize_message":"","jetpack_publicize_feature_enabled":true,"jetpack_social_post_already_shared":true,"jetpack_social_options":{"image_generator_settings":{"template":"highway","enabled":false},"version":2}},"categories":[1],"tags":[],"class_list":["post-28302","post","type-post","status-publish","format-standard","hentry","category-notas"],"jetpack_publicize_connections":[],"jetpack_sharing_enabled":true,"jetpack_featured_media_url":"","jetpack_shortlink":"https:\/\/wp.me\/p7wKYW-7mu","jetpack-related-posts":[],"_links":{"self":[{"href":"http:\/\/blogdalucianaoliveira.com.br\/blog\/wp-json\/wp\/v2\/posts\/28302","targetHints":{"allow":["GET"]}}],"collection":[{"href":"http:\/\/blogdalucianaoliveira.com.br\/blog\/wp-json\/wp\/v2\/posts"}],"about":[{"href":"http:\/\/blogdalucianaoliveira.com.br\/blog\/wp-json\/wp\/v2\/types\/post"}],"author":[{"embeddable":true,"href":"http:\/\/blogdalucianaoliveira.com.br\/blog\/wp-json\/wp\/v2\/users\/1"}],"replies":[{"embeddable":true,"href":"http:\/\/blogdalucianaoliveira.com.br\/blog\/wp-json\/wp\/v2\/comments?post=28302"}],"version-history":[{"count":1,"href":"http:\/\/blogdalucianaoliveira.com.br\/blog\/wp-json\/wp\/v2\/posts\/28302\/revisions"}],"predecessor-version":[{"id":28304,"href":"http:\/\/blogdalucianaoliveira.com.br\/blog\/wp-json\/wp\/v2\/posts\/28302\/revisions\/28304"}],"wp:attachment":[{"href":"http:\/\/blogdalucianaoliveira.com.br\/blog\/wp-json\/wp\/v2\/media?parent=28302"}],"wp:term":[{"taxonomy":"category","embeddable":true,"href":"http:\/\/blogdalucianaoliveira.com.br\/blog\/wp-json\/wp\/v2\/categories?post=28302"},{"taxonomy":"post_tag","embeddable":true,"href":"http:\/\/blogdalucianaoliveira.com.br\/blog\/wp-json\/wp\/v2\/tags?post=28302"}],"curies":[{"name":"wp","href":"https:\/\/api.w.org\/{rel}","templated":true}]}}