{"id":28309,"date":"2020-05-22T15:42:40","date_gmt":"2020-05-22T19:42:40","guid":{"rendered":"http:\/\/blogdalucianaoliveira.com.br\/blog\/?p=28309"},"modified":"2020-05-22T15:42:49","modified_gmt":"2020-05-22T19:42:49","slug":"heleno-ameaca-stf-apos-decisao-de-apreender-celulares-de-bolsonaro-e-sinaliza-golpe","status":"publish","type":"post","link":"http:\/\/blogdalucianaoliveira.com.br\/blog\/2020\/05\/22\/heleno-ameaca-stf-apos-decisao-de-apreender-celulares-de-bolsonaro-e-sinaliza-golpe\/","title":{"rendered":"Heleno amea\u00e7a STF ap\u00f3s decis\u00e3o de apreender celulares de Bolsonaro e sinaliza golpe"},"content":{"rendered":"\n<figure class=\"wp-block-image size-large\"><img data-recalc-dims=\"1\" loading=\"lazy\" decoding=\"async\" width=\"600\" height=\"374\" data-attachment-id=\"28310\" data-permalink=\"http:\/\/blogdalucianaoliveira.com.br\/blog\/2020\/05\/22\/heleno-ameaca-stf-apos-decisao-de-apreender-celulares-de-bolsonaro-e-sinaliza-golpe\/image-83-5\/\" data-orig-file=\"https:\/\/i0.wp.com\/blogdalucianaoliveira.com.br\/blog\/wp-content\/uploads\/2020\/05\/image-83.jpeg?fit=610%2C380\" data-orig-size=\"610,380\" data-comments-opened=\"0\" data-image-meta=\"{&quot;aperture&quot;:&quot;0&quot;,&quot;credit&quot;:&quot;&quot;,&quot;camera&quot;:&quot;&quot;,&quot;caption&quot;:&quot;&quot;,&quot;created_timestamp&quot;:&quot;0&quot;,&quot;copyright&quot;:&quot;&quot;,&quot;focal_length&quot;:&quot;0&quot;,&quot;iso&quot;:&quot;0&quot;,&quot;shutter_speed&quot;:&quot;0&quot;,&quot;title&quot;:&quot;&quot;,&quot;orientation&quot;:&quot;0&quot;}\" data-image-title=\"image-83\" data-image-description=\"\" data-image-caption=\"\" data-medium-file=\"https:\/\/i0.wp.com\/blogdalucianaoliveira.com.br\/blog\/wp-content\/uploads\/2020\/05\/image-83.jpeg?fit=300%2C187\" data-large-file=\"https:\/\/i0.wp.com\/blogdalucianaoliveira.com.br\/blog\/wp-content\/uploads\/2020\/05\/image-83.jpeg?fit=600%2C374\" src=\"https:\/\/i0.wp.com\/blogdalucianaoliveira.com.br\/blog\/wp-content\/uploads\/2020\/05\/image-83.jpeg?resize=600%2C374\" alt=\"\" class=\"wp-image-28310\" srcset=\"https:\/\/i0.wp.com\/blogdalucianaoliveira.com.br\/blog\/wp-content\/uploads\/2020\/05\/image-83.jpeg?w=610 610w, https:\/\/i0.wp.com\/blogdalucianaoliveira.com.br\/blog\/wp-content\/uploads\/2020\/05\/image-83.jpeg?resize=300%2C187 300w, https:\/\/i0.wp.com\/blogdalucianaoliveira.com.br\/blog\/wp-content\/uploads\/2020\/05\/image-83.jpeg?resize=482%2C300 482w\" sizes=\"auto, (max-width: 600px) 100vw, 600px\" \/><\/figure>\n\n\n\n<p><strong>247 &#8211;<\/strong>&nbsp;O ministro-chefe do GSI (Gabinete de Seguran\u00e7a Institucional), Augusto Heleno, amea\u00e7ou diretamente o Supremo Tribunal Federal e criticou o pedido de apreens\u00e3o dos celulares de Jair Bolsonaro e de seu filho, Carlos Bolsonaro, ap\u00f3s decis\u00e3o tomada pelo ministro Celso de Mello \u00e0 PGR (Procuradoria-Geral da Rep\u00fablica) para avalia\u00e7\u00e3o.<\/p>\n\n\n\n<!--more-->\n\n\n\n<p>Heleno disse que o pedido \u00e9 &#8220;inconceb\u00edvel e, at\u00e9 certo ponto, inacredit\u00e1vel&#8221; em nota enviada \u00e0 imprensa. O ministro considerou que a medida &#8220;seria uma afronta \u00e0 autoridade m\u00e1xima do Poder Executivo e uma interfer\u00eancia de outro poder na privacidade do presidente da Rep\u00fablica e na seguran\u00e7a institucional do pa\u00eds&#8221;.<\/p>\n\n\n\n<p>A nota do ministro Heleno ainda enviou um &#8220;alerta&#8221; de que a apreens\u00e3o dos celulares &#8220;poder\u00e1 ter consequ\u00eancias imprevis\u00edveis para a estabilidade nacional&#8221;. Saiba mais:<\/p>\n\n\n\n<p>247 &#8211; O decano do Supremo Tribunal Federal, ministro Celso de Mello, decidiu partir para cima do cl\u00e3 \u00a0Bolsonaro e pediu o depoimento do presidente, assim como a busca e apreens\u00e3o do celular dele e de seu filho, Carlos Bolsonaro, para per\u00edcia. Em despachos enviados nesta quinta-feira (21) \u00e0 PGR, o ministro ressaltou ser dever jur\u00eddico do Estado promover a apura\u00e7\u00e3o da &#8220;autoria e da materialidade dos fatos delituosos narrados por \u2018qualquer pessoa do povo\u2019\u201d.<\/p>\n\n\n\n<p>\u201cA indisponibilidade da pretens\u00e3o investigat\u00f3ria do Estado impede, pois, que os \u00f3rg\u00e3os p\u00fablicos competentes ignorem aquilo que se aponta na \u00b4notitia criminis\u00b4, motivo pelo qual se torna imprescind\u00edvel a apura\u00e7\u00e3o dos fatos delatados, quaisquer que possam ser as pessoas alegadamente envolvidas, ainda que se trate de algu\u00e9m investido de autoridade na hierarquia da Rep\u00fablica, independentemente do Poder (Legislativo, Executivo ou Judici\u00e1rio) a que tal agente se ache vinculado\u201d, escreveu o ministro do STF.<\/p>\n","protected":false},"excerpt":{"rendered":"<p>247 &#8211;&nbsp;O ministro-chefe do GSI (Gabinete de Seguran\u00e7a Institucional), Augusto Heleno, amea\u00e7ou diretamente o Supremo Tribunal Federal e criticou o pedido de apreens\u00e3o dos celulares de Jair Bolsonaro e de seu filho, Carlos Bolsonaro, ap\u00f3s decis\u00e3o tomada pelo ministro Celso de Mello \u00e0 PGR (Procuradoria-Geral da Rep\u00fablica) para avalia\u00e7\u00e3o.<\/p>\n","protected":false},"author":1,"featured_media":0,"comment_status":"closed","ping_status":"open","sticky":false,"template":"","format":"standard","meta":{"_exactmetrics_skip_tracking":false,"_exactmetrics_sitenote_active":false,"_exactmetrics_sitenote_note":"","_exactmetrics_sitenote_category":0,"jetpack_post_was_ever_published":false,"_jetpack_newsletter_access":"","_jetpack_dont_email_post_to_subs":false,"_jetpack_newsletter_tier_id":0,"_jetpack_memberships_contains_paywalled_content":false,"_jetpack_memberships_contains_paid_content":false,"footnotes":"","jetpack_publicize_message":"","jetpack_publicize_feature_enabled":true,"jetpack_social_post_already_shared":true,"jetpack_social_options":{"image_generator_settings":{"template":"highway","enabled":false},"version":2}},"categories":[1],"tags":[],"class_list":["post-28309","post","type-post","status-publish","format-standard","hentry","category-notas"],"jetpack_publicize_connections":[],"jetpack_sharing_enabled":true,"jetpack_featured_media_url":"","jetpack_shortlink":"https:\/\/wp.me\/p7wKYW-7mB","jetpack-related-posts":[],"_links":{"self":[{"href":"http:\/\/blogdalucianaoliveira.com.br\/blog\/wp-json\/wp\/v2\/posts\/28309","targetHints":{"allow":["GET"]}}],"collection":[{"href":"http:\/\/blogdalucianaoliveira.com.br\/blog\/wp-json\/wp\/v2\/posts"}],"about":[{"href":"http:\/\/blogdalucianaoliveira.com.br\/blog\/wp-json\/wp\/v2\/types\/post"}],"author":[{"embeddable":true,"href":"http:\/\/blogdalucianaoliveira.com.br\/blog\/wp-json\/wp\/v2\/users\/1"}],"replies":[{"embeddable":true,"href":"http:\/\/blogdalucianaoliveira.com.br\/blog\/wp-json\/wp\/v2\/comments?post=28309"}],"version-history":[{"count":1,"href":"http:\/\/blogdalucianaoliveira.com.br\/blog\/wp-json\/wp\/v2\/posts\/28309\/revisions"}],"predecessor-version":[{"id":28311,"href":"http:\/\/blogdalucianaoliveira.com.br\/blog\/wp-json\/wp\/v2\/posts\/28309\/revisions\/28311"}],"wp:attachment":[{"href":"http:\/\/blogdalucianaoliveira.com.br\/blog\/wp-json\/wp\/v2\/media?parent=28309"}],"wp:term":[{"taxonomy":"category","embeddable":true,"href":"http:\/\/blogdalucianaoliveira.com.br\/blog\/wp-json\/wp\/v2\/categories?post=28309"},{"taxonomy":"post_tag","embeddable":true,"href":"http:\/\/blogdalucianaoliveira.com.br\/blog\/wp-json\/wp\/v2\/tags?post=28309"}],"curies":[{"name":"wp","href":"https:\/\/api.w.org\/{rel}","templated":true}]}}