{"id":28312,"date":"2020-05-22T15:47:59","date_gmt":"2020-05-22T19:47:59","guid":{"rendered":"http:\/\/blogdalucianaoliveira.com.br\/blog\/?p=28312"},"modified":"2020-05-22T15:48:09","modified_gmt":"2020-05-22T19:48:09","slug":"saia-de-1964-e-tente-contribuir-com-2020-diz-presidente-da-oab-apos-nota-de-general-heleno","status":"publish","type":"post","link":"http:\/\/blogdalucianaoliveira.com.br\/blog\/2020\/05\/22\/saia-de-1964-e-tente-contribuir-com-2020-diz-presidente-da-oab-apos-nota-de-general-heleno\/","title":{"rendered":"Saia de 1964 e tente contribuir com 2020, diz presidente da OAB ap\u00f3s nota de general Heleno"},"content":{"rendered":"\n<figure class=\"wp-block-image size-large\"><img data-recalc-dims=\"1\" loading=\"lazy\" decoding=\"async\" width=\"600\" height=\"411\" data-attachment-id=\"28313\" data-permalink=\"http:\/\/blogdalucianaoliveira.com.br\/blog\/2020\/05\/22\/saia-de-1964-e-tente-contribuir-com-2020-diz-presidente-da-oab-apos-nota-de-general-heleno\/ab23c31b-7e37-49ba-b139-31c0a27f0617\/\" data-orig-file=\"https:\/\/i0.wp.com\/blogdalucianaoliveira.com.br\/blog\/wp-content\/uploads\/2020\/05\/AB23C31B-7E37-49BA-B139-31C0A27F0617.jpeg?fit=809%2C554\" data-orig-size=\"809,554\" data-comments-opened=\"0\" data-image-meta=\"{&quot;aperture&quot;:&quot;0&quot;,&quot;credit&quot;:&quot;&quot;,&quot;camera&quot;:&quot;&quot;,&quot;caption&quot;:&quot;&quot;,&quot;created_timestamp&quot;:&quot;0&quot;,&quot;copyright&quot;:&quot;&quot;,&quot;focal_length&quot;:&quot;0&quot;,&quot;iso&quot;:&quot;0&quot;,&quot;shutter_speed&quot;:&quot;0&quot;,&quot;title&quot;:&quot;&quot;,&quot;orientation&quot;:&quot;0&quot;}\" data-image-title=\"AB23C31B-7E37-49BA-B139-31C0A27F0617\" data-image-description=\"\" data-image-caption=\"\" data-medium-file=\"https:\/\/i0.wp.com\/blogdalucianaoliveira.com.br\/blog\/wp-content\/uploads\/2020\/05\/AB23C31B-7E37-49BA-B139-31C0A27F0617.jpeg?fit=300%2C205\" data-large-file=\"https:\/\/i0.wp.com\/blogdalucianaoliveira.com.br\/blog\/wp-content\/uploads\/2020\/05\/AB23C31B-7E37-49BA-B139-31C0A27F0617.jpeg?fit=600%2C411\" src=\"https:\/\/i0.wp.com\/blogdalucianaoliveira.com.br\/blog\/wp-content\/uploads\/2020\/05\/AB23C31B-7E37-49BA-B139-31C0A27F0617.jpeg?resize=600%2C411\" alt=\"\" class=\"wp-image-28313\" srcset=\"https:\/\/i0.wp.com\/blogdalucianaoliveira.com.br\/blog\/wp-content\/uploads\/2020\/05\/AB23C31B-7E37-49BA-B139-31C0A27F0617.jpeg?w=809 809w, https:\/\/i0.wp.com\/blogdalucianaoliveira.com.br\/blog\/wp-content\/uploads\/2020\/05\/AB23C31B-7E37-49BA-B139-31C0A27F0617.jpeg?resize=300%2C205 300w, https:\/\/i0.wp.com\/blogdalucianaoliveira.com.br\/blog\/wp-content\/uploads\/2020\/05\/AB23C31B-7E37-49BA-B139-31C0A27F0617.jpeg?resize=768%2C526 768w, https:\/\/i0.wp.com\/blogdalucianaoliveira.com.br\/blog\/wp-content\/uploads\/2020\/05\/AB23C31B-7E37-49BA-B139-31C0A27F0617.jpeg?resize=438%2C300 438w\" sizes=\"auto, (max-width: 600px) 100vw, 600px\" \/><\/figure>\n\n\n\n<p>Na FSP &#8211; Em resposta \u00e0 nota em que o general da reserva Augusto Heleno, ministro-chefe do GSI (Gabinete de Seguran\u00e7a Institucional) da Presid\u00eancia, diz que a\u00a0<a href=\"https:\/\/www1.folha.uol.com.br\/poder\/2020\/05\/celso-de-mello-diz-caber-a-pgr-avaliacao-de-pedidos-para-apreender-celulares-de-bolsonaro-e-carlos.shtml\">apreens\u00e3o do celular<\/a>\u00a0do\u00a0<a href=\"https:\/\/www1.folha.uol.com.br\/colunas\/painel\/2020\/05\/nomeacao-de-criminalista-que-defendeu-milicianos-do-rio-e-salvatore-cacciola-vira-misterio-no-ministerio-da-saude.shtml\">presidente Jair Bolsonaro<\/a>\u00a0poderia &#8220;ter consequ\u00eancias imprevis\u00edveis para a estabilidade nacional&#8221;, o presidente da OAB, Felipe Santa Cruz, apontou anacronismo e pediu que o militar ajudasse mais no per\u00edodo da\u00a0<a href=\"https:\/\/www1.folha.uol.com.br\/colunas\/painel\/2020\/05\/apos-denuncias-comunicacao-de-bolsonaro-apaga-postagem-sobre-eficacia-da-cloroquina-para-coronavirus.shtml\">pandemia do novo coronav\u00edrus<\/a>.<\/p>\n\n\n\n<!--more-->\n\n\n\n<p>&#8220;General Heleno, as institui\u00e7\u00f5es recha\u00e7am o anacronismo de sua nota. Saia de 64 e tente contribuir com 2020, se puder. Se n\u00e3o puder, #ficaemcasa&#8221;, escreveu Santa Cruz nesta sexta-feira (22), logo ap\u00f3s a publica\u00e7\u00e3o do texto pelo general.<\/p>\n\n\n\n<figure class=\"wp-block-embed-twitter wp-block-embed is-type-rich is-provider-twitter\"><div class=\"wp-block-embed__wrapper\">\n<blockquote class=\"twitter-tweet\" data-width=\"550\" data-dnt=\"true\"><p lang=\"pt\" dir=\"ltr\"><a href=\"https:\/\/twitter.com\/gen_heleno?ref_src=twsrc%5Etfw\">@gen_heleno<\/a>, as institui\u00e7\u00f5es democr\u00e1ticas recha\u00e7am o anacronismo de sua nota. Saia de 64 e tente contribuir com 2020, se puder. Se n\u00e3o puder, <a href=\"https:\/\/twitter.com\/hashtag\/ficaemcasa?src=hash&amp;ref_src=twsrc%5Etfw\">#ficaemcasa<\/a>. <a href=\"https:\/\/t.co\/vuC60jd2Hh\">https:\/\/t.co\/vuC60jd2Hh<\/a><\/p>&mdash; Felipe Santa Cruz (@fsantacruz_rj) <a href=\"https:\/\/twitter.com\/fsantacruz_rj\/status\/1263899498172030978?ref_src=twsrc%5Etfw\">May 22, 2020<\/a><\/blockquote><script async src=\"https:\/\/platform.twitter.com\/widgets.js\" charset=\"utf-8\"><\/script>\n<\/div><\/figure>\n\n\n\n<p>Em sua nota, Heleno escreveu que &#8220;o pedido de apreens\u00e3o do celular do Presidente da Rep\u00fablica&#8221; \u00e9 inconceb\u00edvel e, at\u00e9 certo ponto, inacredit\u00e1vel. Caso se efetivasse, seria uma afronta \u00e0 autoridade m\u00e1xima do Poder Executivo e uma interfer\u00eancia inadmiss\u00edvel de outro Poder&#8221;.<\/p>\n\n\n\n<p>Ele ainda disse que estava fazendo &#8220;um alerta&#8221; \u00e0s &#8220;autoridades constitu\u00eddas&#8221; de que o pedido seria uma &#8220;tentativa de comprometer a harmonia entre os poderes&#8221;.<\/p>\n\n\n\n<p>Nesta sexta (22), o\u00a0<a href=\"https:\/\/www1.folha.uol.com.br\/poder\/2020\/05\/celso-de-mello-diz-caber-a-pgr-avaliacao-de-pedidos-para-apreender-celulares-de-bolsonaro-e-carlos.shtml\">ministro Celso de Mello<\/a>, do STF (Supremo Tribunal Federal), encaminhou \u00e0 PGR (Procuradoria-Geral da Rep\u00fablica) pedidos de partidos e parlamentares de oposi\u00e7\u00e3o para que o celular de Bolsonaro seja apreendido e periciado.<\/p>\n\n\n\n<figure class=\"wp-block-embed-twitter wp-block-embed is-type-rich is-provider-twitter\"><div class=\"wp-block-embed__wrapper\">\n<blockquote class=\"twitter-tweet\" data-width=\"550\" data-dnt=\"true\"><p lang=\"pt\" dir=\"ltr\">Nota \u00e0 Na\u00e7\u00e3o Brasileira. <a href=\"https:\/\/t.co\/aykS99h49K\">pic.twitter.com\/aykS99h49K<\/a><\/p>&mdash; General Heleno (@gen_heleno) <a href=\"https:\/\/twitter.com\/gen_heleno\/status\/1263896941349535746?ref_src=twsrc%5Etfw\">May 22, 2020<\/a><\/blockquote><script async src=\"https:\/\/platform.twitter.com\/widgets.js\" charset=\"utf-8\"><\/script>\n<\/div><\/figure>\n","protected":false},"excerpt":{"rendered":"<p>Na FSP &#8211; Em resposta \u00e0 nota em que o general da reserva Augusto Heleno, ministro-chefe do GSI (Gabinete de Seguran\u00e7a Institucional) da Presid\u00eancia, diz que a\u00a0apreens\u00e3o do celular\u00a0do\u00a0presidente Jair Bolsonaro\u00a0poderia &#8220;ter consequ\u00eancias imprevis\u00edveis para a estabilidade nacional&#8221;, o presidente da OAB, Felipe Santa Cruz, apontou anacronismo e pediu que o militar ajudasse mais no&#8230;<a class=\"more-link\" href=\"http:\/\/blogdalucianaoliveira.com.br\/blog\/2020\/05\/22\/saia-de-1964-e-tente-contribuir-com-2020-diz-presidente-da-oab-apos-nota-de-general-heleno\/\">Continue a leitura <span class=\"meta-nav\">&raquo;<\/span><\/a><\/p>\n","protected":false},"author":1,"featured_media":0,"comment_status":"closed","ping_status":"open","sticky":false,"template":"","format":"standard","meta":{"_exactmetrics_skip_tracking":false,"_exactmetrics_sitenote_active":false,"_exactmetrics_sitenote_note":"","_exactmetrics_sitenote_category":0,"jetpack_post_was_ever_published":false,"_jetpack_newsletter_access":"","_jetpack_dont_email_post_to_subs":false,"_jetpack_newsletter_tier_id":0,"_jetpack_memberships_contains_paywalled_content":false,"_jetpack_memberships_contains_paid_content":false,"footnotes":"","jetpack_publicize_message":"","jetpack_publicize_feature_enabled":true,"jetpack_social_post_already_shared":true,"jetpack_social_options":{"image_generator_settings":{"template":"highway","enabled":false},"version":2}},"categories":[1],"tags":[],"class_list":["post-28312","post","type-post","status-publish","format-standard","hentry","category-notas"],"jetpack_publicize_connections":[],"jetpack_sharing_enabled":true,"jetpack_featured_media_url":"","jetpack_shortlink":"https:\/\/wp.me\/p7wKYW-7mE","jetpack-related-posts":[],"_links":{"self":[{"href":"http:\/\/blogdalucianaoliveira.com.br\/blog\/wp-json\/wp\/v2\/posts\/28312","targetHints":{"allow":["GET"]}}],"collection":[{"href":"http:\/\/blogdalucianaoliveira.com.br\/blog\/wp-json\/wp\/v2\/posts"}],"about":[{"href":"http:\/\/blogdalucianaoliveira.com.br\/blog\/wp-json\/wp\/v2\/types\/post"}],"author":[{"embeddable":true,"href":"http:\/\/blogdalucianaoliveira.com.br\/blog\/wp-json\/wp\/v2\/users\/1"}],"replies":[{"embeddable":true,"href":"http:\/\/blogdalucianaoliveira.com.br\/blog\/wp-json\/wp\/v2\/comments?post=28312"}],"version-history":[{"count":1,"href":"http:\/\/blogdalucianaoliveira.com.br\/blog\/wp-json\/wp\/v2\/posts\/28312\/revisions"}],"predecessor-version":[{"id":28314,"href":"http:\/\/blogdalucianaoliveira.com.br\/blog\/wp-json\/wp\/v2\/posts\/28312\/revisions\/28314"}],"wp:attachment":[{"href":"http:\/\/blogdalucianaoliveira.com.br\/blog\/wp-json\/wp\/v2\/media?parent=28312"}],"wp:term":[{"taxonomy":"category","embeddable":true,"href":"http:\/\/blogdalucianaoliveira.com.br\/blog\/wp-json\/wp\/v2\/categories?post=28312"},{"taxonomy":"post_tag","embeddable":true,"href":"http:\/\/blogdalucianaoliveira.com.br\/blog\/wp-json\/wp\/v2\/tags?post=28312"}],"curies":[{"name":"wp","href":"https:\/\/api.w.org\/{rel}","templated":true}]}}