{"id":28318,"date":"2020-05-22T19:29:36","date_gmt":"2020-05-22T23:29:36","guid":{"rendered":"http:\/\/blogdalucianaoliveira.com.br\/blog\/?p=28318"},"modified":"2020-05-22T19:55:58","modified_gmt":"2020-05-22T23:55:58","slug":"video-explicita-face-agressiva-e-paranoica-do-governo-bolsonaro","status":"publish","type":"post","link":"http:\/\/blogdalucianaoliveira.com.br\/blog\/2020\/05\/22\/video-explicita-face-agressiva-e-paranoica-do-governo-bolsonaro\/","title":{"rendered":"V\u00eddeo explicita face agressiva e paranoica do governo Bolsonaro"},"content":{"rendered":"\n<figure class=\"wp-block-image size-large\"><img data-recalc-dims=\"1\" loading=\"lazy\" decoding=\"async\" width=\"600\" height=\"400\" data-attachment-id=\"28319\" data-permalink=\"http:\/\/blogdalucianaoliveira.com.br\/blog\/2020\/05\/22\/video-explicita-face-agressiva-e-paranoica-do-governo-bolsonaro\/image-85-5\/\" data-orig-file=\"https:\/\/i0.wp.com\/blogdalucianaoliveira.com.br\/blog\/wp-content\/uploads\/2020\/05\/image-85.jpeg?fit=1024%2C682\" data-orig-size=\"1024,682\" data-comments-opened=\"0\" data-image-meta=\"{&quot;aperture&quot;:&quot;0&quot;,&quot;credit&quot;:&quot;&quot;,&quot;camera&quot;:&quot;&quot;,&quot;caption&quot;:&quot;&quot;,&quot;created_timestamp&quot;:&quot;0&quot;,&quot;copyright&quot;:&quot;&quot;,&quot;focal_length&quot;:&quot;0&quot;,&quot;iso&quot;:&quot;0&quot;,&quot;shutter_speed&quot;:&quot;0&quot;,&quot;title&quot;:&quot;&quot;,&quot;orientation&quot;:&quot;0&quot;}\" data-image-title=\"image-85\" data-image-description=\"\" data-image-caption=\"\" data-medium-file=\"https:\/\/i0.wp.com\/blogdalucianaoliveira.com.br\/blog\/wp-content\/uploads\/2020\/05\/image-85.jpeg?fit=300%2C200\" data-large-file=\"https:\/\/i0.wp.com\/blogdalucianaoliveira.com.br\/blog\/wp-content\/uploads\/2020\/05\/image-85.jpeg?fit=600%2C400\" src=\"https:\/\/i0.wp.com\/blogdalucianaoliveira.com.br\/blog\/wp-content\/uploads\/2020\/05\/image-85.jpeg?resize=600%2C400\" alt=\"\" class=\"wp-image-28319\" srcset=\"https:\/\/i0.wp.com\/blogdalucianaoliveira.com.br\/blog\/wp-content\/uploads\/2020\/05\/image-85.jpeg?w=1024 1024w, https:\/\/i0.wp.com\/blogdalucianaoliveira.com.br\/blog\/wp-content\/uploads\/2020\/05\/image-85.jpeg?resize=300%2C200 300w, https:\/\/i0.wp.com\/blogdalucianaoliveira.com.br\/blog\/wp-content\/uploads\/2020\/05\/image-85.jpeg?resize=768%2C512 768w, https:\/\/i0.wp.com\/blogdalucianaoliveira.com.br\/blog\/wp-content\/uploads\/2020\/05\/image-85.jpeg?resize=450%2C300 450w\" sizes=\"auto, (max-width: 600px) 100vw, 600px\" \/><\/figure>\n\n\n\n<p>Pe\u00e7a \u00fanica, registro tem de menosprezo ao centr\u00e3o at\u00e9 sugest\u00e3o de insurrei\u00e7\u00e3o armada.<\/p>\n\n\n\n<!--more-->\n\n\n\n<p>Na FSP<\/p>\n\n\n\n<p><strong><a href=\"https:\/\/www1.folha.uol.com.br\/autores\/igor-gielow.shtml\">Igor Gielow<\/a><\/strong><\/p>\n\n\n\n<p>\u00c9 atribu\u00eddo ao pai da unifica\u00e7\u00e3o alem\u00e3, Otto von Bismarck (1815-1898),&nbsp;<a href=\"https:\/\/www1.folha.uol.com.br\/fsp\/opiniao\/201362-sobre-leis-e-salsichas.shtml\">o alerta acerca de leis e salsichas<\/a>: para apreci\u00e1-las, \u00e9 melhor n\u00e3o saber como s\u00e3o feitas.<\/p>\n\n\n\n<p>Jair Bolsonaro e sua equipe ministerial deram um &#8220;upgrade&#8221; ao conceito,&nbsp;<a href=\"https:\/\/www1.folha.uol.com.br\/poder\/2020\/05\/celso-de-mello-libere-integra-de-video-de-reuniao-ministerial-com-moro-e-bolsonaro.shtml\">a julgar pelo v\u00eddeo da reuni\u00e3o entre eles no dia 22 de abril.<\/a><\/p>\n\n\n\n<p>Pois se o objeto do acesso da Justi\u00e7a \u00e0 pe\u00e7a, o inqu\u00e9rito sobre a acusa\u00e7\u00e3o do ex-ministro Sergio Moro (Justi\u00e7a) de que o presidente quis interferir na Pol\u00edcia Federal,&nbsp;<a href=\"https:\/\/www1.folha.uol.com.br\/poder\/2020\/05\/em-reuniao-bolsonaro-diz-ter-sistema-de-informacoes-particular-e-reclama-de-orgaos-oficiais.shtml\">ganha densidade com as falas reveladas<\/a>, o panorama que a grava\u00e7\u00e3o apresenta \u00e9 \u00fanico na hist\u00f3ria republicana.<\/p>\n\n\n\n<p>O governo paranoico e em ritmo de guerra que se mostra na grava\u00e7\u00e3o crua vai desagradar apoiadores, detratores e os neoaliados arregimentados \u00e0 base de cargos para evitar a progress\u00e3o de um processo de impeachment na C\u00e2mara contra o presidente.<\/p>\n\n\n\n<p>Claro,&nbsp;<a href=\"https:\/\/www1.folha.uol.com.br\/poder\/2020\/05\/tom-agressivo-de-ministros-nao-surpreende-diz-maia-mesmo-sem-ter-visto-video.shtml\">os palavr\u00f5es abundantes, a linguagem chula&nbsp;<\/a>e desencontrada de Bolsonaro e de alguns ministros podem agradar a parcelas mais fi\u00e9is do eleitorado do presidente. \u00c9 coisa de macho, diriam, coerentes ao ide\u00e1rio da turma.<\/p>\n\n\n\n<p>A m\u00e3es e pais de fam\u00edlia Brasil afora, talvez seja um pouco demais. N\u00e3o \u00e9 nada que qualquer rep\u00f3rter de pol\u00edtica n\u00e3o tenha ouvido com alguma experi\u00eancia de campo, mas, evocando Bismarck, ver a produ\u00e7\u00e3o da salsicha pode ser desagrad\u00e1vel.<\/p>\n\n\n\n<p>Para come\u00e7ar por Moro, o v\u00eddeo confirma o que as transcri\u00e7\u00f5es anteriores insinuavam: sim, Bolsonaro queria interferir em \u00f3rg\u00e3os de intelig\u00eancia e citou a PF, &#8220;e ponto final&#8221;. Haver\u00e1 discuss\u00e3o acerca da refer\u00eancia \u00e0 mexida no Rio, mas os atos posteriores \u00e0 sa\u00edda de Moro basicamente comprovam a inten\u00e7\u00e3o do presidente.<\/p>\n\n\n\n<p>O mandat\u00e1rio m\u00e1ximo surge como uma figura acuada. Fala ora que est\u00e1 tudo bem, ora que o governo ruma a um iceberg. &#8220;Se for para cair, que n\u00e3o seja por babaquice&#8221;, reclama, citando o caso de seus exames ditos negativos de Covid-19.<\/p>\n\n\n\n<p>De forma preocupante, mant\u00e9m o morde e assopra no sens\u00edvel tema da interven\u00e7\u00e3o militar. Diz que \u00e9 contra,&nbsp;<a href=\"https:\/\/www1.folha.uol.com.br\/poder\/2020\/05\/ex-ministros-da-defesa-lancam-manifesto-e-rechacam-pedidos-de-golpe-militar-a-favor-de-bolsonaro.shtml\">mas lembra com insist\u00eancia do artigo 142 da Constitui\u00e7\u00e3o<\/a>, que permite a Poderes convocarem os fardados a retomar a ordem p\u00fablica. Para Bolsonaro, &#8220;todo mundo quer o 142&#8221;.<\/p>\n\n\n\n<p>A isso se soma a lembran\u00e7a de 1964, cujo golpe livrou o pa\u00eds &#8220;dessa cambada&#8221; que faria a todos &#8220;plantar cana&#8221;. At\u00e9 a\u00ed, zero novidade sobre a cabe\u00e7a presidencial, mas muito a dizer sobre o eloquente sil\u00eancio do vice Hamilton Mour\u00e3o a seu lado.<\/p>\n\n\n\n<p>Mais grave, contudo, \u00e9 a parte da conversa em que Bolsonaro faz basicamente a defesa da insurrei\u00e7\u00e3o armada no pa\u00eds contra governadores e prefeitos que imp\u00f5em a quarentena devido \u00e0 Covid-19, uma obsess\u00e3o do presidente.<\/p>\n\n\n\n<p>&#8220;Quero que todo mundo se arme contra a ditadura&#8221;, diz, seguindo a leitura do porte de armas enraizado na funda\u00e7\u00e3o dos EUA, seu pa\u00eds-modelo.<\/p>\n\n\n\n<p>Para isso, ele refor\u00e7a a derrubada das portarias do Ex\u00e9rcito para controle de armas e muni\u00e7\u00f5es, objeto de apura\u00e7\u00e3o do Minist\u00e9rio P\u00fablico Federal. Bolsonaro acaba de adicionar mais uma suspeita de crime de responsabilidade \u00e0 sua cole\u00e7\u00e3o na pandemia.<\/p>\n\n\n\n<p>Chama a aten\u00e7\u00e3o o sil\u00eancio dos ministros militares e de Moro. O monop\u00f3lio da for\u00e7a, numa democracia, \u00e9 dos fardados; fora disso \u00e9 chavismo, para ficar numa compara\u00e7\u00e3o continental.<\/p>\n\n\n\n<p>O trato aos governadores<a href=\"https:\/\/www1.folha.uol.com.br\/poder\/2020\/05\/bolsonaro-chama-doria-de-bosta-e-wtizel-de-estrume-em-gravacao-de-reuniao.shtml\">, r\u00edspido e j\u00e1 conhecido, ganha cor com o v\u00eddeo<\/a>. Ainda mais um dia depois de o presidente tratar a todos de forma cordata&nbsp;<a href=\"https:\/\/www1.folha.uol.com.br\/cotidiano\/2020\/05\/bolsonaro-promete-r-60-bilhoes-a-governadores-para-combater-novo-coronavirus.shtml\">em reuni\u00e3o feita para gerar&nbsp;<\/a>um ar de normalidade democr\u00e1tica no pa\u00eds.<\/p>\n\n\n\n<p>O ex-superministro em atividade Paulo Guedes (Economia), por sua vez, colabora para a certeza de qu\u00e3o vol\u00e1til ser\u00e1 a lealdade do centr\u00e3o,<a href=\"https:\/\/www1.folha.uol.com.br\/colunas\/igorgielow\/2020\/05\/alianca-da-ala-militar-com-o-centrao-ajuda-bolsonaro-mas-e-contrato-de-transicao.shtml\">&nbsp;rec\u00e9m-cooptado com cargos para buscar um seguro contra o impeachment.<\/a><\/p>\n\n\n\n<p>Num dado momento, ele diz: &#8220;N\u00f3s podemos conversar com todo mundo aqui, porque \u00e9 o establishment<em>,&nbsp;<\/em>\u00e9 porque n\u00f3s precisamos dele pra aprovar coisas, mas n\u00f3s sabemos que n\u00f3s somos diferentes. N\u00f3s temos no\u00e7\u00e3o que n\u00f3s somos diferentes deles&#8221;, diz.<\/p>\n\n\n\n<p>De forma utilitarista, completa: &#8220;E quando eles cruzam a linha a gente solta a m\u00e3o e sai andando sozinho. Enquanto eles tiverem no trilho, conosco, no caminho de fazendo as reformas que n\u00f3s prometemos, n\u00f3s tamo junto. Na hora que o cara soltou a m\u00e3o e passou pro lado de l\u00e1, a gente deixa o cara ir sozinho e a gente continua sozinho&#8221;.<\/p>\n\n\n\n<p>\u00c0&nbsp;<strong>Folha<\/strong>, um l\u00edder de partido em negocia\u00e7\u00e3o por vagas no governo sublinhou justamente esse ponto a comentar o v\u00eddeo. Nada que n\u00e3o soubesse, mas a\u00ed vale a cita\u00e7\u00e3o aos embutidos e \u00e0 legisla\u00e7\u00e3o.<\/p>\n\n\n\n<p>Guedes ainda sugere a venda do Banco do Brasil (&#8220;Essa p&#8230;&#8221;) e protagoniza a sugest\u00e3o de transformar o Rio de Janeiro em polo de cassinos, com direito a insinua\u00e7\u00e3o sobre explora\u00e7\u00e3o sexual, respondendo \u00e0 ministra Damares Alves (Mulheres).<\/p>\n\n\n\n<p>&#8220;Deixa cada um se f&#8230; do jeito que quiser. Principalmente se o cara \u00e9 maior, vacinado e bilion\u00e1rio. Deixa o cara se f&#8230;, p\u00f4!\u201d, afirmou, garantindo que l\u00e1 n\u00e3o entraria &#8220;nenhum brasileirinho desprotegido, entendeu?&#8221;.<\/p>\n\n\n\n<p>Para a ci\u00eancia pol\u00edtica, h\u00e1 muito a ser mastigado sobre o bolsonarismo na pe\u00e7a. O presidente se apresenta o tempo todo como um perseguido pela imprensa, sobrando improp\u00e9rios aos &#8220;pulhas&#8221;, como chama os jornalistas a quem seus ministros n\u00e3o deveriam atender.<\/p>\n\n\n\n<p>Bolsonaro lembra que &#8220;querem a nossa hemorroida&#8221;, e distribui palavr\u00f5es aos desafetos Jo\u00e3o Doria (PSDB-SP) e Wilson Witzel (PSC-RJ), governadores contr\u00e1rios \u00e0 pol\u00edtica oficial de menosprezo \u00e0 Covid-19, assim como ao prefeito de Manaus, Arthur Virg\u00edlio (PSDB).<\/p>\n\n\n\n<p>O motivo da teima em evitar a divulga\u00e7\u00e3o de todo o v\u00eddeo fica clara quando falam os ministros egressos do bolsonarismo-raiz.&nbsp;<a href=\"https:\/\/www1.folha.uol.com.br\/opiniao\/2020\/04\/um-caso-clinico.shtml\">O sempre exuberante Abraham Weintraub<\/a>&nbsp;se sobressai, com sua vontade de botar &#8220;esses vagabundos na cadeia, come\u00e7ando pelo STF&#8221;.<\/p>\n\n\n\n<p>\u00c9 o &#8220;\u00e9thos&#8221; bolsonarista em estado puro. Weintraub se apresenta como o militante zero, que n\u00e3o se contamina pela pol\u00edtica, que se queixa do &#8220;cancro de Bras\u00edlia&#8221; e de ter de conversar &#8220;com quem a gente tinha de lutar&#8221;.O fato de que ele teve de ceder ao centr\u00e3o fatias expressivas de sua pasta poucas semanas depois do v\u00eddeo apenas adiciona vazio ao espet\u00e1culo.<\/p>\n\n\n\n<p>Continua Weintraub com impreca\u00e7\u00f5es contra os termos &#8220;povos ind\u00edgenas&#8221; e &#8220;povo cigano&#8221;, tamb\u00e9m lembrado por Damares Alves (Mulheres, Cidadania e Direitos Humanos), que por sua vez sugeriu prender prefeitos e governadores por medidas restritivas contra a Covid-19.<\/p>\n\n\n\n<p>Saindo da ret\u00f3rica e indo \u00e0 pr\u00e1tica vem outro ideol\u00f3gico, Ricardo Salles (Meio Ambiente), que tamb\u00e9m esbarra na improbidade administrativa ao sugerir que \u00e9 preciso &#8220;aproveitar a Covid&#8221; para dar uma &#8220;baciada de simplifica\u00e7\u00e3o&#8221; de regras em sua \u00e1rea.&nbsp;<a href=\"https:\/\/www1.folha.uol.com.br\/ambiente\/2020\/05\/ministro-do-meio-ambiente-defende-aproveitar-crise-do-coronavirus-para-passar-a-boiada.shtml\">Ele diz ser poss\u00edvel &#8220;passar a boiada&#8221;<\/a>.<\/p>\n\n\n\n<p><a href=\"https:\/\/www1.folha.uol.com.br\/equilibrioesaude\/2020\/05\/america-latina-e-o-epicentro-da-pandemia-e-brasil-e-pais-mais-preocupante-diz-oms.shtml\">A doen\u00e7a que hoje colocou o Brasil no centro da pandemia&nbsp;<\/a>s\u00f3 \u00e9 tratada com seriedade pelo ent\u00e3o rec\u00e9m-chegado Nelson Teich, defenestrado semana passada da Sa\u00fade. Ele ressalta que s\u00f3 \u00e9 poss\u00edvel focar a economia ap\u00f3s o coronav\u00edrus ser controlado. &#8220;\u00c9 fundamental.&#8221;<\/p>\n\n\n\n<p>Ele o faz s\u00f3 para ser interrompido por Bolsonaro, se queixando de que o chefe da Pol\u00edcia Rodovi\u00e1ria Federal havia lamentado a morte de um integrante da for\u00e7a por Covid-19, quando ele tinha v\u00e1rias comorbidades \u2014palavra que o presidente n\u00e3o consegue falar de primeira.<\/p>\n\n\n\n<p>Outro que assume a voz do mestre \u00e9 Pedro Guimar\u00e3es, presidente da Caixa Econ\u00f4mica Federal, que, depois de chiar sobre a &#8220;ladroagem do PT, PMDB e PSDB&#8221; no \u00f3rg\u00e3o, reclama da ideia de deixar funcion\u00e1rios em casa para proteg\u00ea-los do v\u00edrus.<\/p>\n\n\n\n<p>Para ele, trata-se de &#8220;frescurada de home office&#8221;.<\/p>\n\n\n\n<p>A determina\u00e7\u00e3o de Celso de Mello ao liberar a pe\u00e7a, de apenas tarjar as claras refer\u00eancias ao temor de que a China esteja espionando os minist\u00e9rios e cr\u00edticas pontuais aos asi\u00e1ticos, mostra algo que j\u00e1 se aferia em Bras\u00edlia: o decano do Supremo n\u00e3o quer se aposentar sem um \u00faltimo grande ato.<\/p>\n\n\n\n<p>Mais: a libera\u00e7\u00e3o veio no dia em que o general Augusto Heleno (Gabinete de Seguran\u00e7a Institucional) achou por bem amea\u00e7ar as institui\u00e7\u00f5es com uma nota em que protestava contra um ato protocolar de Mello, enviar para a Procuradoria-Geral da Rep\u00fablica um pedido para a apreens\u00e3o do celular de Bolsonaro.<\/p>\n\n\n\n<p>A PGR iria descartar tal ideia mesmo que n\u00e3o fosse t\u00e3o alinhada a Bolsonaro. Mas o recado de Heleno, emulando de forma menor a famosa&nbsp;<a href=\"https:\/\/www1.folha.uol.com.br\/poder\/2018\/11\/bolsonaro-nao-e-volta-dos-militares-mas-ha-o-risco-de-politizacao-de-quarteis-diz-villas-boas.shtml\">advert\u00eancia do ent\u00e3o comandante do Ex\u00e9rcito&nbsp;<\/a>ao Supremo em 2018, para que n\u00e3o concedesse habeas corpus a Luiz In\u00e1cio Lula da Silva, caiu muito mal na corte.<\/p>\n\n\n\n<p>N\u00e3o s\u00f3 nela. Na quarta (20),<a href=\"https:\/\/www1.folha.uol.com.br\/poder\/2020\/05\/militares-nao-vao-dar-golpe-ou-fazer-intervencao-diz-general-heleno.shtml\">&nbsp;Heleno havia negado a hip\u00f3tese de interven\u00e7\u00e3o militar&nbsp;<\/a>em uma &#8220;live&#8221; divulgada pela Folha, agradando a oficiais-generais da ativa. A imagem se desfez em dois dias.<\/p>\n\n\n\n<p>O v\u00eddeo traz elementos novos, para todos os gostos, \u00e0 crise pol\u00edtica. Mas \u00e9 como retrato de uma \u00e9poca que ganha o ar de documento hist\u00f3rico.<\/p>\n","protected":false},"excerpt":{"rendered":"<p>Pe\u00e7a \u00fanica, registro tem de menosprezo ao centr\u00e3o at\u00e9 sugest\u00e3o de insurrei\u00e7\u00e3o armada.<\/p>\n","protected":false},"author":1,"featured_media":0,"comment_status":"closed","ping_status":"open","sticky":false,"template":"","format":"standard","meta":{"_exactmetrics_skip_tracking":false,"_exactmetrics_sitenote_active":false,"_exactmetrics_sitenote_note":"","_exactmetrics_sitenote_category":0,"jetpack_post_was_ever_published":false,"_jetpack_newsletter_access":"","_jetpack_dont_email_post_to_subs":false,"_jetpack_newsletter_tier_id":0,"_jetpack_memberships_contains_paywalled_content":false,"_jetpack_memberships_contains_paid_content":false,"footnotes":"","jetpack_publicize_message":"","jetpack_publicize_feature_enabled":true,"jetpack_social_post_already_shared":true,"jetpack_social_options":{"image_generator_settings":{"template":"highway","enabled":false},"version":2}},"categories":[1],"tags":[],"class_list":["post-28318","post","type-post","status-publish","format-standard","hentry","category-notas"],"jetpack_publicize_connections":[],"jetpack_sharing_enabled":true,"jetpack_featured_media_url":"","jetpack_shortlink":"https:\/\/wp.me\/p7wKYW-7mK","jetpack-related-posts":[],"_links":{"self":[{"href":"http:\/\/blogdalucianaoliveira.com.br\/blog\/wp-json\/wp\/v2\/posts\/28318","targetHints":{"allow":["GET"]}}],"collection":[{"href":"http:\/\/blogdalucianaoliveira.com.br\/blog\/wp-json\/wp\/v2\/posts"}],"about":[{"href":"http:\/\/blogdalucianaoliveira.com.br\/blog\/wp-json\/wp\/v2\/types\/post"}],"author":[{"embeddable":true,"href":"http:\/\/blogdalucianaoliveira.com.br\/blog\/wp-json\/wp\/v2\/users\/1"}],"replies":[{"embeddable":true,"href":"http:\/\/blogdalucianaoliveira.com.br\/blog\/wp-json\/wp\/v2\/comments?post=28318"}],"version-history":[{"count":2,"href":"http:\/\/blogdalucianaoliveira.com.br\/blog\/wp-json\/wp\/v2\/posts\/28318\/revisions"}],"predecessor-version":[{"id":28321,"href":"http:\/\/blogdalucianaoliveira.com.br\/blog\/wp-json\/wp\/v2\/posts\/28318\/revisions\/28321"}],"wp:attachment":[{"href":"http:\/\/blogdalucianaoliveira.com.br\/blog\/wp-json\/wp\/v2\/media?parent=28318"}],"wp:term":[{"taxonomy":"category","embeddable":true,"href":"http:\/\/blogdalucianaoliveira.com.br\/blog\/wp-json\/wp\/v2\/categories?post=28318"},{"taxonomy":"post_tag","embeddable":true,"href":"http:\/\/blogdalucianaoliveira.com.br\/blog\/wp-json\/wp\/v2\/tags?post=28318"}],"curies":[{"name":"wp","href":"https:\/\/api.w.org\/{rel}","templated":true}]}}