{"id":28322,"date":"2020-05-23T18:23:09","date_gmt":"2020-05-23T22:23:09","guid":{"rendered":"http:\/\/blogdalucianaoliveira.com.br\/blog\/?p=28322"},"modified":"2020-05-23T18:23:17","modified_gmt":"2020-05-23T22:23:17","slug":"bolsonaro-mente","status":"publish","type":"post","link":"http:\/\/blogdalucianaoliveira.com.br\/blog\/2020\/05\/23\/bolsonaro-mente\/","title":{"rendered":"Bolsonaro mente"},"content":{"rendered":"\n<figure class=\"wp-block-image size-large\"><img data-recalc-dims=\"1\" loading=\"lazy\" decoding=\"async\" width=\"600\" height=\"400\" data-attachment-id=\"28323\" data-permalink=\"http:\/\/blogdalucianaoliveira.com.br\/blog\/2020\/05\/23\/bolsonaro-mente\/image-86-5\/\" data-orig-file=\"https:\/\/i0.wp.com\/blogdalucianaoliveira.com.br\/blog\/wp-content\/uploads\/2020\/05\/image-86.jpeg?fit=1024%2C683\" data-orig-size=\"1024,683\" data-comments-opened=\"0\" data-image-meta=\"{&quot;aperture&quot;:&quot;0&quot;,&quot;credit&quot;:&quot;&quot;,&quot;camera&quot;:&quot;&quot;,&quot;caption&quot;:&quot;&quot;,&quot;created_timestamp&quot;:&quot;0&quot;,&quot;copyright&quot;:&quot;&quot;,&quot;focal_length&quot;:&quot;0&quot;,&quot;iso&quot;:&quot;0&quot;,&quot;shutter_speed&quot;:&quot;0&quot;,&quot;title&quot;:&quot;&quot;,&quot;orientation&quot;:&quot;0&quot;}\" data-image-title=\"image-86\" data-image-description=\"\" data-image-caption=\"\" data-medium-file=\"https:\/\/i0.wp.com\/blogdalucianaoliveira.com.br\/blog\/wp-content\/uploads\/2020\/05\/image-86.jpeg?fit=300%2C200\" data-large-file=\"https:\/\/i0.wp.com\/blogdalucianaoliveira.com.br\/blog\/wp-content\/uploads\/2020\/05\/image-86.jpeg?fit=600%2C400\" src=\"https:\/\/i0.wp.com\/blogdalucianaoliveira.com.br\/blog\/wp-content\/uploads\/2020\/05\/image-86.jpeg?resize=600%2C400\" alt=\"\" class=\"wp-image-28323\" srcset=\"https:\/\/i0.wp.com\/blogdalucianaoliveira.com.br\/blog\/wp-content\/uploads\/2020\/05\/image-86.jpeg?w=1024 1024w, https:\/\/i0.wp.com\/blogdalucianaoliveira.com.br\/blog\/wp-content\/uploads\/2020\/05\/image-86.jpeg?resize=300%2C200 300w, https:\/\/i0.wp.com\/blogdalucianaoliveira.com.br\/blog\/wp-content\/uploads\/2020\/05\/image-86.jpeg?resize=768%2C512 768w, https:\/\/i0.wp.com\/blogdalucianaoliveira.com.br\/blog\/wp-content\/uploads\/2020\/05\/image-86.jpeg?resize=450%2C300 450w\" sizes=\"auto, (max-width: 600px) 100vw, 600px\" \/><\/figure>\n\n\n\n<p>Editorial da Folha &#8211; O registro da reuni\u00e3o ministerial de 22 de abril, cuja divulga\u00e7\u00e3o foi liberada por decis\u00e3o de Celso de Mello, decano do Supremo Tribunal Federal, na sexta-feira (22), traz novas evid\u00eancias conclusivas sobre o que j\u00e1 se suspeitava: o presidente Jair Bolsonaro mente.<\/p>\n\n\n\n<!--more-->\n\n\n\n<p>Depois do v\u00eddeo, a vers\u00e3o presidencial de que queria interferir na sua seguran\u00e7a pessoal, e n\u00e3o na superintend\u00eancia da Pol\u00edcia Federal no Rio de Janeiro, torna-se completamente inveross\u00edmil.<\/p>\n\n\n\n<p>Como demonstrou reportagem da TV Globo, menos de um m\u00eas antes da reuni\u00e3o Bolsonaro havia promovido o respons\u00e1vel por sua seguran\u00e7a e o substitu\u00eddo pelo ent\u00e3o n\u00famero dois na fun\u00e7\u00e3o.<\/p>\n\n\n\n<p><a href=\"https:\/\/www1.folha.uol.com.br\/poder\/2020\/05\/assista-a-reuniao-ministerial-alvo-da-investigacao-que-pode-levar-ao-afastamento-de-bolsonaro.shtml\">No v\u00eddeo<\/a>, o presidente fala textualmente: \u201cJ\u00e1 tentei trocar gente de seguran\u00e7a no Rio, oficialmente, e n\u00e3o consegui. E isso acabou. Eu n\u00e3o vou esperar foder a minha fam\u00edlia toda (&#8230;) porque eu n\u00e3o posso trocar algu\u00e9m da seguran\u00e7a na ponta da linha. Vai trocar! Se n\u00e3o puder trocar, troca o chefe dele. Se n\u00e3o puder trocar o chefe dele, troca o ministro. E ponto final. N\u00e3o estamos para brincadeira\u201d.<\/p>\n\n\n\n<p>Tudo o que ocorreu depois da reuni\u00e3o se encaixa na narrativa do ex-juiz Sergio Moro. N\u00e3o h\u00e1 d\u00favidas de que o presidente trata da PF, um \u00f3rg\u00e3o de Estado, quando promete ir at\u00e9 o fim para fazer valer a sua vontade antes que a sua fam\u00edlia seja atingida.<\/p>\n\n\n\n<p>De resto, o encontro do minist\u00e9rio entra para a hist\u00f3ria dos 130 anos da Rep\u00fablica no Brasil como um dos epis\u00f3dios mais execr\u00e1veis do exerc\u00edcio do poder presidencial.<\/p>\n\n\n\n<p>Evidencia-se, nos termos chulos, nos rompantes autorit\u00e1rios e nas exibi\u00e7\u00f5es de incapacidade gerencial diante de uma crise monstruosa, que Jair Bolsonaro aviltou e avilta a Presid\u00eancia da Rep\u00fablica, colocada pelos constituintes de 1988 no pin\u00e1culo do edif\u00edcio democr\u00e1tico. A democracia que o elegeu \u00e9 a mesma que tem sido vilipendiada por seus atos e suas falas.<\/p>\n\n\n\n<p>Partem do pr\u00f3prio presidente as ofensas a governadores. O celerado \u00e0 frente da pasta da Educa\u00e7\u00e3o quer cadeia para ministros do STF, que qualifica de vagabundos.<\/p>\n\n\n\n<p>Mandat\u00e1rios estaduais e municipais tamb\u00e9m ser\u00e3o alvo de pedidos de pris\u00e3o, promete a exaltada ministra que cuida, paradoxalmente, dos Direitos Humanos.<\/p>\n\n\n\n<p>Um elemento a mais aparece no v\u00eddeo. Bolsonaro afirma que tem acesso a um dispositivo de intelig\u00eancia particular. Ora, nada no ordenamento constitucional, nem nos princ\u00edpios que norteiam as sociedades democr\u00e1ticas, autoriza o chefe de Estado a dispor de um aparelho pessoal de bisbilhotagem.<\/p>\n\n\n\n<p>Por tudo o que se mostrou, o procurador-geral da Rep\u00fablica, Augusto Aras, est\u00e1 obrigado a aprofundar a investiga\u00e7\u00e3o acerca da conduta de um mandat\u00e1rio que, al\u00e9m de cercar-se de assessores insanos, autorit\u00e1rios e incapazes, pode ter cometido crimes. Que Aras se mostre \u00e0 altura do cargo que ocupa.<\/p>\n\n\n\n<p>A apura\u00e7\u00e3o n\u00e3o pode se deter, ademais, diante de amea\u00e7as abjetas como a do general Augusto Heleno, do GSI, segundo o qual uma eventual apreens\u00e3o do celular presidencial teria \u201cconsequ\u00eancias imprevis\u00edveis\u201d. Dados a baixeza e o desvario mostrados numa reuni\u00e3o formal, assusta de fato imaginar o que Bolsonaro diz em privado.<\/p>\n\n\n\n<p><a href=\"mailto:editoriais@grupofolha.com.br\">editoriais@grupofolha.com.br<\/a><\/p>\n","protected":false},"excerpt":{"rendered":"<p>Editorial da Folha &#8211; O registro da reuni\u00e3o ministerial de 22 de abril, cuja divulga\u00e7\u00e3o foi liberada por decis\u00e3o de Celso de Mello, decano do Supremo Tribunal Federal, na sexta-feira (22), traz novas evid\u00eancias conclusivas sobre o que j\u00e1 se suspeitava: o presidente Jair Bolsonaro mente.<\/p>\n","protected":false},"author":1,"featured_media":0,"comment_status":"closed","ping_status":"open","sticky":false,"template":"","format":"standard","meta":{"_exactmetrics_skip_tracking":false,"_exactmetrics_sitenote_active":false,"_exactmetrics_sitenote_note":"","_exactmetrics_sitenote_category":0,"jetpack_post_was_ever_published":false,"_jetpack_newsletter_access":"","_jetpack_dont_email_post_to_subs":false,"_jetpack_newsletter_tier_id":0,"_jetpack_memberships_contains_paywalled_content":false,"_jetpack_memberships_contains_paid_content":false,"footnotes":"","jetpack_publicize_message":"","jetpack_publicize_feature_enabled":true,"jetpack_social_post_already_shared":true,"jetpack_social_options":{"image_generator_settings":{"template":"highway","enabled":false},"version":2}},"categories":[1],"tags":[],"class_list":["post-28322","post","type-post","status-publish","format-standard","hentry","category-notas"],"jetpack_publicize_connections":[],"jetpack_sharing_enabled":true,"jetpack_featured_media_url":"","jetpack_shortlink":"https:\/\/wp.me\/p7wKYW-7mO","jetpack-related-posts":[],"_links":{"self":[{"href":"http:\/\/blogdalucianaoliveira.com.br\/blog\/wp-json\/wp\/v2\/posts\/28322","targetHints":{"allow":["GET"]}}],"collection":[{"href":"http:\/\/blogdalucianaoliveira.com.br\/blog\/wp-json\/wp\/v2\/posts"}],"about":[{"href":"http:\/\/blogdalucianaoliveira.com.br\/blog\/wp-json\/wp\/v2\/types\/post"}],"author":[{"embeddable":true,"href":"http:\/\/blogdalucianaoliveira.com.br\/blog\/wp-json\/wp\/v2\/users\/1"}],"replies":[{"embeddable":true,"href":"http:\/\/blogdalucianaoliveira.com.br\/blog\/wp-json\/wp\/v2\/comments?post=28322"}],"version-history":[{"count":1,"href":"http:\/\/blogdalucianaoliveira.com.br\/blog\/wp-json\/wp\/v2\/posts\/28322\/revisions"}],"predecessor-version":[{"id":28324,"href":"http:\/\/blogdalucianaoliveira.com.br\/blog\/wp-json\/wp\/v2\/posts\/28322\/revisions\/28324"}],"wp:attachment":[{"href":"http:\/\/blogdalucianaoliveira.com.br\/blog\/wp-json\/wp\/v2\/media?parent=28322"}],"wp:term":[{"taxonomy":"category","embeddable":true,"href":"http:\/\/blogdalucianaoliveira.com.br\/blog\/wp-json\/wp\/v2\/categories?post=28322"},{"taxonomy":"post_tag","embeddable":true,"href":"http:\/\/blogdalucianaoliveira.com.br\/blog\/wp-json\/wp\/v2\/tags?post=28322"}],"curies":[{"name":"wp","href":"https:\/\/api.w.org\/{rel}","templated":true}]}}