{"id":28325,"date":"2020-05-23T18:31:10","date_gmt":"2020-05-23T22:31:10","guid":{"rendered":"http:\/\/blogdalucianaoliveira.com.br\/blog\/?p=28325"},"modified":"2020-05-23T18:31:18","modified_gmt":"2020-05-23T22:31:18","slug":"guedes-sonha-vender-o-banco-do-brasil-como-isso-afetaria-a-populacao-brasileira","status":"publish","type":"post","link":"http:\/\/blogdalucianaoliveira.com.br\/blog\/2020\/05\/23\/guedes-sonha-vender-o-banco-do-brasil-como-isso-afetaria-a-populacao-brasileira\/","title":{"rendered":"Guedes &#8220;sonha&#8221; vender o Banco do Brasil: como isso afetaria a popula\u00e7\u00e3o brasileira?"},"content":{"rendered":"\n<figure class=\"wp-block-image size-large\"><img data-recalc-dims=\"1\" loading=\"lazy\" decoding=\"async\" width=\"600\" height=\"416\" data-attachment-id=\"28326\" data-permalink=\"http:\/\/blogdalucianaoliveira.com.br\/blog\/2020\/05\/23\/guedes-sonha-vender-o-banco-do-brasil-como-isso-afetaria-a-populacao-brasileira\/image-87-5\/\" data-orig-file=\"https:\/\/i0.wp.com\/blogdalucianaoliveira.com.br\/blog\/wp-content\/uploads\/2020\/05\/image-87.jpeg?fit=620%2C430\" data-orig-size=\"620,430\" data-comments-opened=\"0\" data-image-meta=\"{&quot;aperture&quot;:&quot;0&quot;,&quot;credit&quot;:&quot;&quot;,&quot;camera&quot;:&quot;&quot;,&quot;caption&quot;:&quot;&quot;,&quot;created_timestamp&quot;:&quot;0&quot;,&quot;copyright&quot;:&quot;&quot;,&quot;focal_length&quot;:&quot;0&quot;,&quot;iso&quot;:&quot;0&quot;,&quot;shutter_speed&quot;:&quot;0&quot;,&quot;title&quot;:&quot;&quot;,&quot;orientation&quot;:&quot;0&quot;}\" data-image-title=\"image-87\" data-image-description=\"\" data-image-caption=\"\" data-medium-file=\"https:\/\/i0.wp.com\/blogdalucianaoliveira.com.br\/blog\/wp-content\/uploads\/2020\/05\/image-87.jpeg?fit=300%2C208\" data-large-file=\"https:\/\/i0.wp.com\/blogdalucianaoliveira.com.br\/blog\/wp-content\/uploads\/2020\/05\/image-87.jpeg?fit=600%2C416\" src=\"https:\/\/i0.wp.com\/blogdalucianaoliveira.com.br\/blog\/wp-content\/uploads\/2020\/05\/image-87.jpeg?resize=600%2C416\" alt=\"\" class=\"wp-image-28326\" srcset=\"https:\/\/i0.wp.com\/blogdalucianaoliveira.com.br\/blog\/wp-content\/uploads\/2020\/05\/image-87.jpeg?w=620 620w, https:\/\/i0.wp.com\/blogdalucianaoliveira.com.br\/blog\/wp-content\/uploads\/2020\/05\/image-87.jpeg?resize=300%2C208 300w, https:\/\/i0.wp.com\/blogdalucianaoliveira.com.br\/blog\/wp-content\/uploads\/2020\/05\/image-87.jpeg?resize=433%2C300 433w\" sizes=\"auto, (max-width: 600px) 100vw, 600px\" \/><\/figure>\n\n\n\n<h4 class=\"wp-block-heading\">Paulo Guedes quer &#8220;vender essa porra&#8221;. Privatiza\u00e7\u00e3o p\u00f5e em risco o acesso ao cr\u00e9dito e a inclus\u00e3o financeira no pa\u00eds<\/h4>\n\n\n\n<!--more-->\n\n\n\n<p>Lu Sudr\u00e9 &#8211; Brasil de Fato\u00a0<\/p>\n\n\n\n<p>Para&nbsp;<a href=\"https:\/\/www.brasildefato.com.br\/2020\/05\/22\/guedes-defende-atrair-cassinos-ao-brasil-e-recebe-apoio-da-pastora-damares-alves\" target=\"_blank\" rel=\"noreferrer noopener\">Paulo Guedes<\/a>, ministro da Economia, o Banco do Brasil \u201c\u00e9 um caso pronto de privatiza\u00e7\u00e3o\u201d. A declara\u00e7\u00e3o feita em reuni\u00e3o ministerial do dia 22 de abril, se tornou p\u00fablica nesta sexta (22), ap\u00f3s&nbsp;<a href=\"https:\/\/www.brasildefato.com.br\/2020\/05\/22\/video-de-reuniao-e-prova-suficiente-para-que-bolsonaro-seja-denunciado-diz-jurista\" target=\"_blank\" rel=\"noreferrer noopener\">grava\u00e7\u00f5es em v\u00eddeo&nbsp;<\/a>do encontro serem liberadas na \u00edntegra por determina\u00e7\u00e3o do ministro Celso de Mello, do Supremo Tribunal Federal (STF).&nbsp;<\/p>\n\n\n\n<p>&#8220;\u00c9 um caso pronto e a gente n\u00e3o t\u00e1 dando esse passo. Senhor j\u00e1 notou que o BNDES e a\u00a0<a rel=\"noreferrer noopener\" href=\"https:\/\/www.brasildefato.com.br\/2020\/05\/18\/caixa-amplia-a-suspensao-do-pagamento-de-financiamento-de-imoveis-para-quatro-meses\" target=\"_blank\">Caixa<\/a>\u00a0que s\u00e3o nossos, p\u00fablicos, a gente faz o que a gente quer.\u00a0<a rel=\"noreferrer noopener\" href=\"https:\/\/www.bb.com.br\/pbb\/pagina-inicial#\/\" target=\"_blank\">Banco do Brasil<\/a>\u00a0a gente n\u00e3o consegue fazer nada e tem um liberal l\u00e1. Ent\u00e3o tem que vender essa porra logo&#8221;, disse Guedes a\u00a0<a rel=\"noreferrer noopener\" href=\"https:\/\/www.brasildefato.com.br\/2020\/05\/22\/em-reuniao-bolsonaro-confessa-interferencia-na-pf-e-intencao-de-proteger-a-familia\" target=\"_blank\">Jair Bolsonaro<\/a>\u00a0(sem partido), na ocasi\u00e3o.<\/p>\n\n\n\n<p>Em seguida, o ministro solicitou&nbsp;<a href=\"https:\/\/valor.globo.com\/brasil\/noticia\/2020\/05\/22\/presidente-do-bb-diz-que-instituicao-estaria-pronta-para-a-privatizacao-e-bolsonaro-sugere-deixar-para-2023.ghtml\" target=\"_blank\" rel=\"noreferrer noopener\">a Rubem Novaes, presidente do BB<\/a>, que confessasse \u201cseu sonho\u201d. Ele, prontamente, comentou a proposta de privatiza\u00e7\u00e3o. Bolsonaro, por sua vez, respondeu aos risos que \u201cisso s\u00f3 se fala em 2023\u201d, referindo-se a um eventual segundo mandato.&nbsp;<\/p>\n\n\n\n<p>Apesar de defendida fervorosamente pelo ministro, a venda do banco p\u00fablico \u00e0 iniciativa privada parece n\u00e3o ser um bom neg\u00f3cio para grande parte dos brasileiros que depende de linhas de cr\u00e9ditos acess\u00edveis para garantir melhores condi\u00e7\u00f5es de vida.<\/p>\n\n\n\n<p>Conforme explica Gustavo Cavarzan, economista do&nbsp;<a href=\"https:\/\/www.dieese.org.br\/\" target=\"_blank\" rel=\"noreferrer noopener\">Departamento Intersindical de Estat\u00edstica e Estudos Socioecon\u00f4micos (Dieese)<\/a>, o cr\u00e9dito rural e imobili\u00e1rio, por exemplo, possui&nbsp;taxas de juros limitadas que beneficiam a popula\u00e7\u00e3o, e que justamente por serem controladas, afastam os bancos privados das ofertas. Por esse motivo, explica o especialista, essas linhas s\u00e3o oferecidas&nbsp;massivamente pelos<a href=\"https:\/\/www.brasildefato.com.br\/2020\/03\/24\/covid-19-em-meio-a-crise-bancos-publicos-sao-tabua-de-salvacao-diz-economista\" target=\"_blank\" rel=\"noreferrer noopener\">&nbsp;bancos p\u00fablicos<\/a>.&nbsp;<\/p>\n\n\n\n<p>\u201cO sistema financeiro privado torce para que os bancos p\u00fablicos sejam privatizados porque a partir da\u00ed eles passariam a ganhar mercado. Hoje, basicamente, metade do cr\u00e9dito no Brasil \u00e9 fornecido por bancos p\u00fablicos. Na medida em que se tira esses agentes de cena, os bancos privados ganham esse mercado e perdem os concorrentes com taxas de juros menores\u201d, detalha Cavarzan.<\/p>\n\n\n\n<blockquote class=\"wp-block-quote is-layout-flow wp-block-quote-is-layout-flow\"><p>&nbsp;<\/p><p><em><strong>O sistema financeiro privado torce para que os bancos p\u00fablicos sejam privatizados.<\/strong><\/em><\/p><\/blockquote>\n\n\n\n<p>Dessa forma, com a privatiza\u00e7\u00e3o do&nbsp;<a href=\"https:\/\/www.brasildefatorj.com.br\/2020\/01\/23\/publico-do-ccbb-teme-falta-de-investimentos-com-privatizacao-dos-bancos-publicos\" target=\"_blank\" rel=\"noreferrer noopener\">Banco do Brasil<\/a>, a popula\u00e7\u00e3o ficaria ref\u00e9m dos valores determinados pelo oligop\u00f3lio dos bancos privados para acessar os diferentes programas de cr\u00e9dito, com taxas muito mais altas do que as cobradas pelas institui\u00e7\u00f5es p\u00fablicas.<\/p>\n\n\n\n<p>O especialista ressalta que o BB \u00e9 respons\u00e1vel por 55% do&nbsp;<a href=\"https:\/\/www.brasildefato.com.br\/2016\/11\/23\/plano-de-reducao-do-banco-do-brasil-afetara-agricultura-afirma-movimentos-rurais\" target=\"_blank\" rel=\"noreferrer noopener\">cr\u00e9dito agr\u00edcola<\/a>&nbsp;no pa\u00eds atualmente &#8211; percentual que j\u00e1 foi bem maior antes do governo Temer. No tocante \u00e0 habita\u00e7\u00e3o, a Caixa Econ\u00f4mica Federal responde por quase 70% da oferta de cr\u00e9dito para a casa pr\u00f3pria. J\u00e1 o&nbsp;<a href=\"https:\/\/www.bndes.gov.br\/wps\/portal\/site\/home\" target=\"_blank\" rel=\"noreferrer noopener\">Banco Nacional de Desenvolvimento Econ\u00f4mico Social (BNDES)&nbsp;<\/a>\u00e9 o grande&nbsp;respons\u00e1vel pelo financiamento de projetos para ind\u00fastria e infraestrutura em todo o pa\u00eds.&nbsp;<\/p>\n\n\n\n<p>&#8220;Onde os bancos privados n\u00e3o querem entrar&#8221;<\/p>\n\n\n\n<p>B\u00e1rbara Vallejos, pesquisadora do&nbsp;<a href=\"https:\/\/www.cesit.net.br\/\" target=\"_blank\" rel=\"noreferrer noopener\">Centro de Estudos Sindicais e de Economia do Trabalho (Cesit)<\/a>, vinculado \u00e0 Universidade Estadual de Campinas (Unicamp), argumenta que os bancos p\u00fablicos s\u00e3o instrumentos essenciais para a inclus\u00e3o financeira da popula\u00e7\u00e3o, sobretudo do Norte, Nordeste e interiores dos estados brasileiros, &#8220;regi\u00f5es onde os bancos privados n\u00e3o querem entrar&#8221;.&nbsp;<\/p>\n\n\n\n<blockquote class=\"wp-block-quote is-layout-flow wp-block-quote-is-layout-flow\"><p>&nbsp;<\/p><p><em><strong>No Nordeste, os bancos p\u00fablicos s\u00e3o respons\u00e1veis 87,3% do cr\u00e9dito concedido. Na regi\u00e3o Norte, 94,5%.<\/strong><\/em>&nbsp;<\/p><\/blockquote>\n\n\n\n<p>Segundo ela, sem a presen\u00e7a de ag\u00eancias e distribui\u00e7\u00e3o de cr\u00e9dito, a dinamiza\u00e7\u00e3o das economias locais ser\u00e1&nbsp;comprometida, impactando o desenvolvimento nacional como um todo e aprofundando a desigualdade socioecon\u00f4mica.&nbsp;<\/p>\n\n\n\n<p>\u201cNo Nordeste, os bancos p\u00fablicos s\u00e3o respons\u00e1veis 87,3% do cr\u00e9dito concedido. Na regi\u00e3o Norte, 94,5%. Ou seja: os bancos privados n\u00e3o t\u00eam grandes interesses [nessas regi\u00f5es]. Est\u00e3o nas capitais de alguns estados, mas n\u00e3o t\u00eam interesse, de fato, em interiorizar o atendimento\u201d, critica Vallejos, citando dados disponibilizados pelo&nbsp;<a href=\"https:\/\/www.bcb.gov.br\/\">Banco Central (BC)<\/a>. &nbsp;<\/p>\n\n\n\n<p>De acordo com a entidade estatal, que gere a pol\u00edtica econ\u00f4mica brasileira, 82% do cr\u00e9dito imobili\u00e1rio vem das\u00a0<a rel=\"noreferrer noopener\" href=\"https:\/\/www.brasildefato.com.br\/2020\/05\/18\/caixa-amplia-a-suspensao-do-pagamento-de-financiamento-de-imoveis-para-quatro-meses\" target=\"_blank\">institui\u00e7\u00f5es financeiras p\u00fablicas,<\/a>\u00a0assim como 75% do cr\u00e9dito rural.\u00a0<br><\/p>\n\n\n\n<p>\u201cOs dados mostram que sem Banco do Brasil, e sem bancos p\u00fablicos, de uma forma geral, a popula\u00e7\u00e3o vai ficar muito alijada de atendimento banc\u00e1rio e de acesso ao cr\u00e9dito. Sabemos que o setor privado fornece cr\u00e9ditos muito mais caros e tem uma clientela constitu\u00edda nas classes m\u00e9dias e altas, nas regi\u00f5es mais urbanizadas do pa\u00eds\u201d, refor\u00e7a a pesquisadora do Cesit. &nbsp;<\/p>\n\n\n\n<p>A gest\u00e3o por parte da iniciativa privada pode ainda trazer empecilhos ao acesso a outras &nbsp;pol\u00edticas sociais executadas pelo BB. Como por exemplo, o&nbsp;<a href=\"https:\/\/www.brasildefato.com.br\/2020\/04\/21\/mec-prorroga-validacao-de-inscricao-no-fies-para-o-dia-30-de-junho\" target=\"_blank\" rel=\"noreferrer noopener\">Fundo de Financiamento ao Estudante do Ensino Superior (FIES)&nbsp;<\/a>e o&nbsp;<a href=\"https:\/\/www.brasildefato.com.br\/2020\/03\/03\/com-incra-sucateado-pronaf-afunda-agricultores-em-dividas-e-miseria\" target=\"_blank\" rel=\"noreferrer noopener\">Programa de Fortalecimento da Agricultura Familiar (Pronaf<\/a>), que favorece 12 milh\u00f5es de fam\u00edlias do campo.&nbsp;<\/p>\n\n\n\n<p>\u201c[O Pronaf] \u00c9 uma pol\u00edtica super importante para, por exemplo, possamos garantir que chegue ao supermercado alimentos n\u00e3o t\u00e3o caros. Se o agricultor consegue pegar um cr\u00e9dito pra sua produ\u00e7\u00e3o com uma taxa de juros limitada, pode produzir em condi\u00e7\u00f5es melhores e portanto a comida chega na mesa do trabalhador brasileiro a um pre\u00e7o razo\u00e1vel\u201d, comenta Cavarzan.&nbsp;<\/p>\n\n\n\n<p><strong>Papel essencial<\/strong><\/p>\n\n\n\n<p>A atua\u00e7\u00e3o dos bancos p\u00fablicos pode ser ainda mais determinante em momentos de crise e retra\u00e7\u00e3o econ\u00f4mica.&nbsp;<\/p>\n\n\n\n<p>O economista do Dieese aponta os bancos privados possuem uma atua\u00e7\u00e3o pr\u00f3-ciclica. Isso significa que, se vivemos um ciclo econ\u00f4mico de alta e de expans\u00e3o, os empr\u00e9stimos financeiros tendem a ser amplificados.&nbsp;<\/p>\n\n\n\n<p>Por outro lado, em meio \u00e0 recess\u00e3o econ\u00f4mica como a que o Brasil enfrenta neste momento, o risco aumenta para os bancos privados. Em resposta, as institui\u00e7\u00f5es passam a cobrar juros ainda mais caros, reduzem empr\u00e9stimos ou aumentam os requisitos necess\u00e1rios para obt\u00ea-los, aprofundando o ciclo recessivo.<\/p>\n\n\n\n<p><a href=\"https:\/\/www.brasildefato.com.br\/2019\/03\/18\/como-a-privatizacao-do-banco-do-brasil-pode-aumentar-a-fome-no-brasil\"><strong>::Por que a privatiza\u00e7\u00e3o do Banco do Brasil pode aumentar a fome no Brasil?::<\/strong><\/a>&nbsp;<\/p>\n\n\n\n<p>Mas, em momentos de crise, os bancos p\u00fablicos podem atuar de forma diferenciada &#8211; a depender, claro, da escolha pol\u00edtica do governo em quest\u00e3o.&nbsp;<\/p>\n\n\n\n<p>\u201cO Brasil fez isso na crise financeira de 2008. Os bancos p\u00fablicos foram largamente utilizados para reverter a recess\u00e3o. E ent\u00e3o funcionou. Em 2009, h\u00e1 uma pequena queda no PIB, j\u00e1 em 2010 tem uma alta de 10%, muito em fun\u00e7\u00e3o da atua\u00e7\u00e3o do cr\u00e9dito dos bancos p\u00fablicos\u201d, exemplifica Cavarzan.&nbsp;<\/p>\n\n\n\n<p>Fal\u00e1cia<\/p>\n\n\n\n<p>Um dos argumentos utilizados pela for\u00e7as neoliberais a favor da privatiza\u00e7\u00e3o das empresas p\u00fablicas, inclusive por Paulo Guedes, \u00e9 o da inefici\u00eancia e da n\u00e3o lucratividade. Entretanto, B\u00e1rbara Vallejos, que tamb\u00e9m \u00e9 docente da<a href=\"https:\/\/www.fespsp.org.br\/\" target=\"_blank\" rel=\"noreferrer noopener\">Funda\u00e7\u00e3o Escola de Sociologia e Pol\u00edtica (FESP)<\/a>, esclarece que esse argumento n\u00e3o pode ser aplicado aos bancos p\u00fablicos.&nbsp;<\/p>\n\n\n\n<p>A economista destaca que por ser uma empresa mista, o Banco do Brasil paga a maior parte de seus lucros para o governo federal, maior acionista da institui\u00e7\u00e3o, em forma de dividendos.&nbsp;<\/p>\n\n\n\n<p>\u201cOs bancos p\u00fablicos, geraram, entre 2002 e 2016, R$ 203 bilh\u00f5es para o caixa do tesouro. Se juntarmos todas as estatais, elas somaram quase R$ 286 bilh\u00f5es. Ou seja, os bancos s\u00e3o muito lucrativos, s\u00e3o bem geridos e rendem dinheiro pro Estado\u201d, endossa Vallejos, acrescentando que os resultados positivos evidenciam uma gest\u00e3o eficiente.&nbsp;<\/p>\n\n\n\n<p>Desmonte<\/p>\n\n\n\n<p>Os economistas consultados pela reportagem do&nbsp;<strong>Brasil de Fato<\/strong>&nbsp;registram que, mesmo com a press\u00e3o a favor da privatiza\u00e7\u00e3o se intensificar no governo Bolsonaro, j\u00e1 h\u00e1 uma mudan\u00e7a clar\u00edssima na atua\u00e7\u00e3o do bancos, fruto de precariza\u00e7\u00e3o iniciada pela gest\u00e3o de Michel Temer (MDB).&nbsp;<\/p>\n\n\n\n<p><strong><a href=\"https:\/\/www.brasildefato.com.br\/2016\/11\/23\/plano-de-reducao-do-banco-do-brasil-afetara-agricultura-afirma-movimentos-rurais\" target=\"_blank\" rel=\"noreferrer noopener\">::&nbsp;Plano de redu\u00e7\u00e3o do Banco do Brasil afetar\u00e1 agricultura, afirmam movimentos rurais ::&nbsp;<\/a><\/strong><\/p>\n\n\n\n<p>Gustavo Carvazan, tamb\u00e9m assessor do Sindicato dos Banc\u00e1rios de S\u00e3o Paulo, afirma que desde 2016 o Banco do Brasil fechou 16 mil postos de trabalho e mais de mil ag\u00eancias banc\u00e1rias.&nbsp;<\/p>\n\n\n\n<p>\u201cMesmo com o sucateamento todo, os programas sociais est\u00e3o de p\u00e9. Privatiz\u00e1-los significaria, de fato, fazer um corte brutal em todas essas pol\u00edticas. Se j\u00e1 h\u00e1 esse impacto com a mudan\u00e7a de atua\u00e7\u00e3o desde 2016, a privatiza\u00e7\u00e3o significaria uma trag\u00e9dia para os trabalhadores brasileiros\u201d, finaliza o economista.&nbsp;<\/p>\n\n\n\n<p>Edi\u00e7\u00e3o: Rodrigo Chagas<\/p>\n","protected":false},"excerpt":{"rendered":"<p>Paulo Guedes quer &#8220;vender essa porra&#8221;. Privatiza\u00e7\u00e3o p\u00f5e em risco o acesso ao cr\u00e9dito e a inclus\u00e3o financeira no pa\u00eds<\/p>\n","protected":false},"author":1,"featured_media":0,"comment_status":"closed","ping_status":"open","sticky":false,"template":"","format":"standard","meta":{"_exactmetrics_skip_tracking":false,"_exactmetrics_sitenote_active":false,"_exactmetrics_sitenote_note":"","_exactmetrics_sitenote_category":0,"jetpack_post_was_ever_published":false,"_jetpack_newsletter_access":"","_jetpack_dont_email_post_to_subs":false,"_jetpack_newsletter_tier_id":0,"_jetpack_memberships_contains_paywalled_content":false,"_jetpack_memberships_contains_paid_content":false,"footnotes":"","jetpack_publicize_message":"","jetpack_publicize_feature_enabled":true,"jetpack_social_post_already_shared":true,"jetpack_social_options":{"image_generator_settings":{"template":"highway","enabled":false},"version":2}},"categories":[1],"tags":[],"class_list":["post-28325","post","type-post","status-publish","format-standard","hentry","category-notas"],"jetpack_publicize_connections":[],"jetpack_sharing_enabled":true,"jetpack_featured_media_url":"","jetpack_shortlink":"https:\/\/wp.me\/p7wKYW-7mR","jetpack-related-posts":[],"_links":{"self":[{"href":"http:\/\/blogdalucianaoliveira.com.br\/blog\/wp-json\/wp\/v2\/posts\/28325","targetHints":{"allow":["GET"]}}],"collection":[{"href":"http:\/\/blogdalucianaoliveira.com.br\/blog\/wp-json\/wp\/v2\/posts"}],"about":[{"href":"http:\/\/blogdalucianaoliveira.com.br\/blog\/wp-json\/wp\/v2\/types\/post"}],"author":[{"embeddable":true,"href":"http:\/\/blogdalucianaoliveira.com.br\/blog\/wp-json\/wp\/v2\/users\/1"}],"replies":[{"embeddable":true,"href":"http:\/\/blogdalucianaoliveira.com.br\/blog\/wp-json\/wp\/v2\/comments?post=28325"}],"version-history":[{"count":1,"href":"http:\/\/blogdalucianaoliveira.com.br\/blog\/wp-json\/wp\/v2\/posts\/28325\/revisions"}],"predecessor-version":[{"id":28327,"href":"http:\/\/blogdalucianaoliveira.com.br\/blog\/wp-json\/wp\/v2\/posts\/28325\/revisions\/28327"}],"wp:attachment":[{"href":"http:\/\/blogdalucianaoliveira.com.br\/blog\/wp-json\/wp\/v2\/media?parent=28325"}],"wp:term":[{"taxonomy":"category","embeddable":true,"href":"http:\/\/blogdalucianaoliveira.com.br\/blog\/wp-json\/wp\/v2\/categories?post=28325"},{"taxonomy":"post_tag","embeddable":true,"href":"http:\/\/blogdalucianaoliveira.com.br\/blog\/wp-json\/wp\/v2\/tags?post=28325"}],"curies":[{"name":"wp","href":"https:\/\/api.w.org\/{rel}","templated":true}]}}