{"id":28330,"date":"2020-05-23T22:33:37","date_gmt":"2020-05-24T02:33:37","guid":{"rendered":"http:\/\/blogdalucianaoliveira.com.br\/blog\/?p=28330"},"modified":"2020-05-23T22:33:40","modified_gmt":"2020-05-24T02:33:40","slug":"salles-enxergou-mortes-pelo-coronavirus-como-oportunidade-diz-greenpeace","status":"publish","type":"post","link":"http:\/\/blogdalucianaoliveira.com.br\/blog\/2020\/05\/23\/salles-enxergou-mortes-pelo-coronavirus-como-oportunidade-diz-greenpeace\/","title":{"rendered":"Salles enxergou mortes pelo coronav\u00edrus como oportunidade, diz Greenpeace"},"content":{"rendered":"\n<figure class=\"wp-block-image size-large\"><img data-recalc-dims=\"1\" loading=\"lazy\" decoding=\"async\" width=\"600\" height=\"400\" data-attachment-id=\"28331\" data-permalink=\"http:\/\/blogdalucianaoliveira.com.br\/blog\/2020\/05\/23\/salles-enxergou-mortes-pelo-coronavirus-como-oportunidade-diz-greenpeace\/image-88-4\/\" data-orig-file=\"https:\/\/i0.wp.com\/blogdalucianaoliveira.com.br\/blog\/wp-content\/uploads\/2020\/05\/image-88.jpeg?fit=680%2C453\" data-orig-size=\"680,453\" data-comments-opened=\"0\" data-image-meta=\"{&quot;aperture&quot;:&quot;0&quot;,&quot;credit&quot;:&quot;&quot;,&quot;camera&quot;:&quot;&quot;,&quot;caption&quot;:&quot;&quot;,&quot;created_timestamp&quot;:&quot;0&quot;,&quot;copyright&quot;:&quot;&quot;,&quot;focal_length&quot;:&quot;0&quot;,&quot;iso&quot;:&quot;0&quot;,&quot;shutter_speed&quot;:&quot;0&quot;,&quot;title&quot;:&quot;&quot;,&quot;orientation&quot;:&quot;0&quot;}\" data-image-title=\"image-88\" data-image-description=\"\" data-image-caption=\"\" data-medium-file=\"https:\/\/i0.wp.com\/blogdalucianaoliveira.com.br\/blog\/wp-content\/uploads\/2020\/05\/image-88.jpeg?fit=300%2C200\" data-large-file=\"https:\/\/i0.wp.com\/blogdalucianaoliveira.com.br\/blog\/wp-content\/uploads\/2020\/05\/image-88.jpeg?fit=600%2C400\" src=\"https:\/\/i0.wp.com\/blogdalucianaoliveira.com.br\/blog\/wp-content\/uploads\/2020\/05\/image-88.jpeg?resize=600%2C400\" alt=\"\" class=\"wp-image-28331\" srcset=\"https:\/\/i0.wp.com\/blogdalucianaoliveira.com.br\/blog\/wp-content\/uploads\/2020\/05\/image-88.jpeg?w=680 680w, https:\/\/i0.wp.com\/blogdalucianaoliveira.com.br\/blog\/wp-content\/uploads\/2020\/05\/image-88.jpeg?resize=300%2C200 300w, https:\/\/i0.wp.com\/blogdalucianaoliveira.com.br\/blog\/wp-content\/uploads\/2020\/05\/image-88.jpeg?resize=450%2C300 450w\" sizes=\"auto, (max-width: 600px) 100vw, 600px\" \/><\/figure>\n\n\n\n<h4 class=\"wp-block-heading\">Em v\u00eddeo de reuni\u00e3o ministerial, ministro do Meio Ambiente sugeriu aproveitar o momento para aprovar medidas &#8220;a boiada&#8221;<\/h4>\n\n\n\n<!--more-->\n\n\n\n<p>Por\u00a0<strong><a href=\"https:\/\/veja.abril.com.br\/autor\/jennifer-thomas\">Jennifer Ann Thomas<\/a><\/strong>, na Veja <\/p>\n\n\n\n<p>O aguardado v\u00eddeo divulgado nesta sexta-feira, 22, era esperado por conter informa\u00e7\u00f5es sobre as acusa\u00e7\u00f5es do ex-ministro da Justi\u00e7a, S\u00e9rgio Moro, contra o presidente Jair Bolsonaro, mas o conte\u00fado completo revelou tamb\u00e9m as inten\u00e7\u00f5es do ministro do Meio Ambiente, Ricardo Salles, para a sua \u00e1rea. Na reuni\u00e3o, Salles afirmou que, com o momento de \u201ctranquilidade\u201d na cobertura da imprensa, focada na pandemia da Covid-19, seria o momento de \u201cir passando a boiada e mudando todo o regramento e simplificando normas\u201d. Salles afirmou: \u201cAgora tem um monte de coisa que \u00e9 s\u00f3, parecer, caneta, parecer, caneta. Sem parecer tamb\u00e9m n\u00e3o tem caneta, porque dar uma canetada sem parecer \u00e9 cana. (\u2026) Isso a\u00ed vale muito a pena. A gente tem um espa\u00e7o enorme pra fazer\u201d. Segundo a porta-voz de Pol\u00edticas P\u00fablicas do Greenpeace Brasil, Luiza Lima, o discurso n\u00e3o surpreendeu, mas comprovou o que vem sendo feito pelo governo federal h\u00e1 um ano e meio.&nbsp;<\/p>\n\n\n\n<p><strong>Como o Greenpeace Brasil avaliou a fala do ministro do Meio Ambiente?&nbsp;<\/strong>Ele escancarou o que estamos denunciando h\u00e1 um ano e meio. \u00c9 um projeto orientado para o desmantelamento das pol\u00edticas e dos \u00f3rg\u00e3os de controle. Na verdade, o plano j\u00e1 est\u00e1 claro. As a\u00e7\u00f5es s\u00e3o bastante not\u00f3rias. N\u00e3o precisar\u00edamos da fala, o sat\u00e9lite mostra o resultado do trabalho dele. Ainda assim, \u00e9 revoltante ver o que ele encarna, e que representa a voz de muitos que estavam na reuni\u00e3o, sobre como as pessoas morrendo nos hospitais seja uma boa oportunidade para avan\u00e7ar nesse projeto anti-ambiental. Salles acha que a aus\u00eancia dos holofotes seria o suficiente para ele fazer o que bem entende. No m\u00ednimo, \u00e9 desumano e imoral. Desde o in\u00edcio desse governo estamos dizendo o contr\u00e1rio. N\u00e3o h\u00e1 espa\u00e7o para passar \u201ca boiada\u201d. Como sociedade, vamos seguir questionando e resistindo.<\/p>\n\n\n\n<p><strong>\u00c9 poss\u00edvel agir da forma como o ministro sugeriu, \u201cpassando a boiada\u201d?<\/strong>&nbsp;As inten\u00e7\u00f5es ficam mais escancaradas a cada dia. A Justi\u00e7a Federal emitiu uma decis\u00e3o judicial obrigando que os \u00f3rg\u00e3os ambientais cumpram com os seus deveres. E o sat\u00e9lite continua medindo o desmatamento. N\u00e3o tem espa\u00e7o para passar \u201ca boiada\u201d em um bem de todos, que \u00e9 a floresta. N\u00e3o \u00e9 inacredit\u00e1vel o que ele disse, porque \u00e9 bastante cr\u00edvel que venha dele uma afirma\u00e7\u00e3o como essa. Mas n\u00e3o \u00e9 aceit\u00e1vel. Vamos continuar reagindo.<\/p>\n\n\n\n<p><strong>Quais foram as a\u00e7\u00f5es pr\u00e1ticas que aconteceram como reflexo da fala na reuni\u00e3o?<\/strong>&nbsp;Come\u00e7ou na \u00e9poca eleitoral e o plano vem sendo implementado com sucesso. A demonstra\u00e7\u00e3o \u00e9 o aumento de desmatamento, de alertas de desmatamento, aumento das mortes no campo. Tudo isso mostra o sucesso de um projeto voltado \u00e0 destrui\u00e7\u00e3o. Acontece pelo desmantelamento do Ibama, desde o primeiro corte de or\u00e7amento. Quando ele proibiu os servidores do Minist\u00e9rio de fazerem qualquer comunicado p\u00fablico. O envio de tropas do Ex\u00e9rcito para a floresta \u00e9 uma tentativa de grande teatro. Est\u00e3o queimando dinheiro e deixando queimar a floresta. Se o interesse fosse combater o crime, n\u00e3o estariam fazendo esse tipo de coment\u00e1rio que vimos na reuni\u00e3o.<\/p>\n","protected":false},"excerpt":{"rendered":"<p>Em v\u00eddeo de reuni\u00e3o ministerial, ministro do Meio Ambiente sugeriu aproveitar o momento para aprovar medidas &#8220;a boiada&#8221;<\/p>\n","protected":false},"author":1,"featured_media":0,"comment_status":"closed","ping_status":"open","sticky":false,"template":"","format":"standard","meta":{"_exactmetrics_skip_tracking":false,"_exactmetrics_sitenote_active":false,"_exactmetrics_sitenote_note":"","_exactmetrics_sitenote_category":0,"jetpack_post_was_ever_published":false,"_jetpack_newsletter_access":"","_jetpack_dont_email_post_to_subs":false,"_jetpack_newsletter_tier_id":0,"_jetpack_memberships_contains_paywalled_content":false,"_jetpack_memberships_contains_paid_content":false,"footnotes":"","jetpack_publicize_message":"","jetpack_publicize_feature_enabled":true,"jetpack_social_post_already_shared":true,"jetpack_social_options":{"image_generator_settings":{"template":"highway","enabled":false},"version":2}},"categories":[1],"tags":[],"class_list":["post-28330","post","type-post","status-publish","format-standard","hentry","category-notas"],"jetpack_publicize_connections":[],"jetpack_sharing_enabled":true,"jetpack_featured_media_url":"","jetpack_shortlink":"https:\/\/wp.me\/p7wKYW-7mW","jetpack-related-posts":[],"_links":{"self":[{"href":"http:\/\/blogdalucianaoliveira.com.br\/blog\/wp-json\/wp\/v2\/posts\/28330","targetHints":{"allow":["GET"]}}],"collection":[{"href":"http:\/\/blogdalucianaoliveira.com.br\/blog\/wp-json\/wp\/v2\/posts"}],"about":[{"href":"http:\/\/blogdalucianaoliveira.com.br\/blog\/wp-json\/wp\/v2\/types\/post"}],"author":[{"embeddable":true,"href":"http:\/\/blogdalucianaoliveira.com.br\/blog\/wp-json\/wp\/v2\/users\/1"}],"replies":[{"embeddable":true,"href":"http:\/\/blogdalucianaoliveira.com.br\/blog\/wp-json\/wp\/v2\/comments?post=28330"}],"version-history":[{"count":1,"href":"http:\/\/blogdalucianaoliveira.com.br\/blog\/wp-json\/wp\/v2\/posts\/28330\/revisions"}],"predecessor-version":[{"id":28332,"href":"http:\/\/blogdalucianaoliveira.com.br\/blog\/wp-json\/wp\/v2\/posts\/28330\/revisions\/28332"}],"wp:attachment":[{"href":"http:\/\/blogdalucianaoliveira.com.br\/blog\/wp-json\/wp\/v2\/media?parent=28330"}],"wp:term":[{"taxonomy":"category","embeddable":true,"href":"http:\/\/blogdalucianaoliveira.com.br\/blog\/wp-json\/wp\/v2\/categories?post=28330"},{"taxonomy":"post_tag","embeddable":true,"href":"http:\/\/blogdalucianaoliveira.com.br\/blog\/wp-json\/wp\/v2\/tags?post=28330"}],"curies":[{"name":"wp","href":"https:\/\/api.w.org\/{rel}","templated":true}]}}