{"id":28333,"date":"2020-05-24T06:56:37","date_gmt":"2020-05-24T10:56:37","guid":{"rendered":"http:\/\/blogdalucianaoliveira.com.br\/blog\/?p=28333"},"modified":"2020-05-24T06:56:42","modified_gmt":"2020-05-24T10:56:42","slug":"semana-termina-com-centenas-de-demissoes-em-redes-de-museus-e-teatro","status":"publish","type":"post","link":"http:\/\/blogdalucianaoliveira.com.br\/blog\/2020\/05\/24\/semana-termina-com-centenas-de-demissoes-em-redes-de-museus-e-teatro\/","title":{"rendered":"Semana termina com centenas de demiss\u00f5es em redes de museus e teatro"},"content":{"rendered":"\n<figure class=\"wp-block-image size-large\"><img data-recalc-dims=\"1\" loading=\"lazy\" decoding=\"async\" width=\"600\" height=\"360\" data-attachment-id=\"28334\" data-permalink=\"http:\/\/blogdalucianaoliveira.com.br\/blog\/2020\/05\/24\/semana-termina-com-centenas-de-demissoes-em-redes-de-museus-e-teatro\/image-89-4\/\" data-orig-file=\"https:\/\/i0.wp.com\/blogdalucianaoliveira.com.br\/blog\/wp-content\/uploads\/2020\/05\/image-89.jpeg?fit=715%2C429\" data-orig-size=\"715,429\" data-comments-opened=\"0\" data-image-meta=\"{&quot;aperture&quot;:&quot;0&quot;,&quot;credit&quot;:&quot;&quot;,&quot;camera&quot;:&quot;&quot;,&quot;caption&quot;:&quot;&quot;,&quot;created_timestamp&quot;:&quot;0&quot;,&quot;copyright&quot;:&quot;&quot;,&quot;focal_length&quot;:&quot;0&quot;,&quot;iso&quot;:&quot;0&quot;,&quot;shutter_speed&quot;:&quot;0&quot;,&quot;title&quot;:&quot;&quot;,&quot;orientation&quot;:&quot;0&quot;}\" data-image-title=\"image-89\" data-image-description=\"\" data-image-caption=\"\" data-medium-file=\"https:\/\/i0.wp.com\/blogdalucianaoliveira.com.br\/blog\/wp-content\/uploads\/2020\/05\/image-89.jpeg?fit=300%2C180\" data-large-file=\"https:\/\/i0.wp.com\/blogdalucianaoliveira.com.br\/blog\/wp-content\/uploads\/2020\/05\/image-89.jpeg?fit=600%2C360\" src=\"https:\/\/i0.wp.com\/blogdalucianaoliveira.com.br\/blog\/wp-content\/uploads\/2020\/05\/image-89.jpeg?resize=600%2C360\" alt=\"\" class=\"wp-image-28334\" srcset=\"https:\/\/i0.wp.com\/blogdalucianaoliveira.com.br\/blog\/wp-content\/uploads\/2020\/05\/image-89.jpeg?w=715 715w, https:\/\/i0.wp.com\/blogdalucianaoliveira.com.br\/blog\/wp-content\/uploads\/2020\/05\/image-89.jpeg?resize=300%2C180 300w, https:\/\/i0.wp.com\/blogdalucianaoliveira.com.br\/blog\/wp-content\/uploads\/2020\/05\/image-89.jpeg?resize=500%2C300 500w\" sizes=\"auto, (max-width: 600px) 100vw, 600px\" \/><\/figure>\n\n\n\n<p>GA\u00daCHAZH &#8211; A quinta (21) e a sexta (22) foram dias cravados de demiss\u00f5es em espa\u00e7os e institui\u00e7\u00f5es importantes para a cultura, em S\u00e3o Paulo e no Rio de Janeiro. Os cortes est\u00e3o relacionados \u00e0 redu\u00e7\u00e3o de receitas de museus e teatros, no Sesi e na Prefeitura do Rio de Janeiro, acentuadas ap\u00f3s as determina\u00e7\u00f5es de isolamento social por causa da pandemia do novo coronav\u00edrus.<\/p>\n\n\n\n<!--more-->\n\n\n\n<p>Na \u00e1rea cultural do Sesi, se considerado todo o estado de S\u00e3o Paulo, foram cerca de 60 demiss\u00f5es de um total de pouco mais de cem. Funcion\u00e1rios demitidos dizem que teatros que comp\u00f5em a rede da institui\u00e7\u00e3o no interior paulistano ficaram sem operadores e sem capacidade de funcionamento. Os contratados foram demitidos em sua maioria por telefone, e a eles foi dito que o Sesi estuda a possibilidade de contrata\u00e7\u00e3o ap\u00f3s o fim da crise causada pela pandemia.<\/p>\n\n\n\n<p>Por nota, a institui\u00e7\u00e3o disse que &#8220;a crise do coronav\u00edrus tem castigado todos os setores da economia&#8221; e que o Sesi-SP tem feito todos os esfor\u00e7os para preservar seu quadro funcional&#8221;.<\/p>\n\n\n\n<p>Entretanto, prossegue o texto, &#8220;\u00e9 imposs\u00edvel ignorar a queda de arrecada\u00e7\u00e3o causada pela desacelera\u00e7\u00e3o da economia, a redu\u00e7\u00e3o compuls\u00f3ria de 50% da receita nesses meses e o n\u00edvel de inadimpl\u00eancia, que \u00e9 imprevis\u00edvel&#8221;. A institui\u00e7\u00e3o diz que tamb\u00e9m est\u00e1 impossibilitada de manter funcionando as \u00e1reas esportivas.<\/p>\n\n\n\n<p>A prefeitura do Rio, por sua vez, decidiu n\u00e3o renovar um contrato de fornecimento de m\u00e3o de obra para centros culturais no munic\u00edpio, o que levou \u00e0 demiss\u00e3o de cerca de 60 pessoas em meio \u00e0 pandemia. Os demitidos reclamam que est\u00e3o com sal\u00e1rios e benef\u00edcios atrasados.<\/p>\n\n\n\n<p>O problema aflige trabalhadores de outros museus e centros culturais do pa\u00eds, que est\u00e3o fechados desde o in\u00edcio das medidas de isolamento social para enfrentar o coronav\u00edrus. Segundo a Rede de Educadores de Museus, ao menos 35 institui\u00e7\u00f5es no pa\u00eds demitiram educadores.<\/p>\n\n\n\n<p>No Rio, al\u00e9m dos centros culturais da prefeitura, houve demiss\u00f5es tamb\u00e9m em outras institui\u00e7\u00f5es p\u00fablicas, como o CCBB (Centro Cultural Banco do Brasil). Neste caso, as dispensas tamb\u00e9m ocorreram ap\u00f3s o fim do contrato de fornecimento de servi\u00e7os terceirizados.<\/p>\n\n\n\n<p>A prefeitura do Rio disse que o contrato com a prestadora de servi\u00e7os Single foi encerrado automaticamente ao fim do prazo estabelecido em contrato. Os funcion\u00e1rios -entre eles produtores culturais, assistentes e profissionais de comunica\u00e7\u00e3o e redes sociais- foram informados das demiss\u00f5es na quarta (20).<\/p>\n\n\n\n<p>Eles dizem que desde outubro vinham recebendo sal\u00e1rios atrasados e que a empresa n\u00e3o pagou a rescis\u00e3o contratual. A prefeitura afirma que &#8220;est\u00e1 trabalhando para informar, o quanto antes poss\u00edvel, as datas dos pagamentos pendentes&#8221;.<\/p>\n\n\n\n<p>A lista de equipamentos atingidos inclui o Centro de Arte H\u00e9lio Oiticia, o Centro Cultural S\u00e9rgio Porto, o Museu Hist\u00f3rico da Cidade e o Centro Oceanogr\u00e1fico, entre outros. Segundo a prefeitura, outros 40 empregados de outro contrato com a Single continuam trabalhando nos centros culturais.<\/p>\n\n\n\n<p>No CCBB do Rio, foram demitidos quatro educadores e dois coordenadores ap\u00f3s encerramento do contrato com a empresa Ja.ca Centro de Arte e Tecnologia, segundo ex-trabalhadores ouvidos pela reportagem. Antes da demiss\u00e3o eles foram colocados em f\u00e9rias coletivas por 15 dias.<\/p>\n\n\n\n<p>O CCBB est\u00e1 na lista de entidades que j\u00e1 demitiram ap\u00f3s a pandemia elaborada pela Rede de Educadores de Museus. Segundo a entidade, h\u00e1 tamb\u00e9m relatos de redu\u00e7\u00e3o de jornada, suspens\u00e3o de sal\u00e1rios e acordos trabalhistas feitos segundo termos da nova legisla\u00e7\u00e3o institu\u00edda ap\u00f3s a pandemia.<\/p>\n\n\n\n<p>A rede n\u00e3o sabe dizer, por\u00e9m, o n\u00famero total de demitidos no segmento. A pesquisa realizada pela entidade consultou profissionais em 147 institui\u00e7\u00f5es.<\/p>\n\n\n\n<p>Uma das citadas, o MAM (Museu de Arte Moderna do Rio), diz que as demiss\u00f5es n\u00e3o tiveram rela\u00e7\u00e3o com a pandemia, mas foram definidas a partir de &#8220;minucioso diagn\u00f3stico que avaliou as diversas \u00e1reas de atua\u00e7\u00e3o do museu&#8221;, como parte de reestrutura\u00e7\u00e3o que vem sendo posta em pr\u00e1tica desde o in\u00edcio do ano.<\/p>\n\n\n\n<p>Segundo a reportagem apurou, foram ao menos dez pessoas, que representavam um quinto do quadro de funcion\u00e1rios do museu. A dire\u00e7\u00e3o da institui\u00e7\u00e3o diz, por\u00e9m, que desde o in\u00edcio do ano foram efetivadas 11 novas contrata\u00e7\u00f5es.<\/p>\n\n\n\n<p>Procurado, o CCBB ainda n\u00e3o comentou as demiss\u00f5es. A expectativa entre os demitidos \u00e9 que novo contrato para recomposi\u00e7\u00e3o do quadro de funcion\u00e1rios seja assinado quando o museu reabrir ap\u00f3s o fim das medidas de isolamento social.<\/p>\n","protected":false},"excerpt":{"rendered":"<p>GA\u00daCHAZH &#8211; A quinta (21) e a sexta (22) foram dias cravados de demiss\u00f5es em espa\u00e7os e institui\u00e7\u00f5es importantes para a cultura, em S\u00e3o Paulo e no Rio de Janeiro. Os cortes est\u00e3o relacionados \u00e0 redu\u00e7\u00e3o de receitas de museus e teatros, no Sesi e na Prefeitura do Rio de Janeiro, acentuadas ap\u00f3s as determina\u00e7\u00f5es&#8230;<a class=\"more-link\" href=\"http:\/\/blogdalucianaoliveira.com.br\/blog\/2020\/05\/24\/semana-termina-com-centenas-de-demissoes-em-redes-de-museus-e-teatro\/\">Continue a leitura <span class=\"meta-nav\">&raquo;<\/span><\/a><\/p>\n","protected":false},"author":1,"featured_media":0,"comment_status":"closed","ping_status":"open","sticky":false,"template":"","format":"standard","meta":{"_exactmetrics_skip_tracking":false,"_exactmetrics_sitenote_active":false,"_exactmetrics_sitenote_note":"","_exactmetrics_sitenote_category":0,"jetpack_post_was_ever_published":false,"_jetpack_newsletter_access":"","_jetpack_dont_email_post_to_subs":false,"_jetpack_newsletter_tier_id":0,"_jetpack_memberships_contains_paywalled_content":false,"_jetpack_memberships_contains_paid_content":false,"footnotes":"","jetpack_publicize_message":"","jetpack_publicize_feature_enabled":true,"jetpack_social_post_already_shared":true,"jetpack_social_options":{"image_generator_settings":{"template":"highway","enabled":false},"version":2}},"categories":[1],"tags":[],"class_list":["post-28333","post","type-post","status-publish","format-standard","hentry","category-notas"],"jetpack_publicize_connections":[],"jetpack_sharing_enabled":true,"jetpack_featured_media_url":"","jetpack_shortlink":"https:\/\/wp.me\/p7wKYW-7mZ","jetpack-related-posts":[],"_links":{"self":[{"href":"http:\/\/blogdalucianaoliveira.com.br\/blog\/wp-json\/wp\/v2\/posts\/28333","targetHints":{"allow":["GET"]}}],"collection":[{"href":"http:\/\/blogdalucianaoliveira.com.br\/blog\/wp-json\/wp\/v2\/posts"}],"about":[{"href":"http:\/\/blogdalucianaoliveira.com.br\/blog\/wp-json\/wp\/v2\/types\/post"}],"author":[{"embeddable":true,"href":"http:\/\/blogdalucianaoliveira.com.br\/blog\/wp-json\/wp\/v2\/users\/1"}],"replies":[{"embeddable":true,"href":"http:\/\/blogdalucianaoliveira.com.br\/blog\/wp-json\/wp\/v2\/comments?post=28333"}],"version-history":[{"count":1,"href":"http:\/\/blogdalucianaoliveira.com.br\/blog\/wp-json\/wp\/v2\/posts\/28333\/revisions"}],"predecessor-version":[{"id":28335,"href":"http:\/\/blogdalucianaoliveira.com.br\/blog\/wp-json\/wp\/v2\/posts\/28333\/revisions\/28335"}],"wp:attachment":[{"href":"http:\/\/blogdalucianaoliveira.com.br\/blog\/wp-json\/wp\/v2\/media?parent=28333"}],"wp:term":[{"taxonomy":"category","embeddable":true,"href":"http:\/\/blogdalucianaoliveira.com.br\/blog\/wp-json\/wp\/v2\/categories?post=28333"},{"taxonomy":"post_tag","embeddable":true,"href":"http:\/\/blogdalucianaoliveira.com.br\/blog\/wp-json\/wp\/v2\/tags?post=28333"}],"curies":[{"name":"wp","href":"https:\/\/api.w.org\/{rel}","templated":true}]}}