{"id":28338,"date":"2020-05-24T22:32:34","date_gmt":"2020-05-25T02:32:34","guid":{"rendered":"http:\/\/blogdalucianaoliveira.com.br\/blog\/?p=28338"},"modified":"2020-05-24T22:32:43","modified_gmt":"2020-05-25T02:32:43","slug":"eua-suspendem-entrada-de-cidadaos-nao-americanos-que-passaram-pelo-brasil","status":"publish","type":"post","link":"http:\/\/blogdalucianaoliveira.com.br\/blog\/2020\/05\/24\/eua-suspendem-entrada-de-cidadaos-nao-americanos-que-passaram-pelo-brasil\/","title":{"rendered":"EUA suspendem entrada de cidad\u00e3os n\u00e3o americanos que passaram pelo Brasil"},"content":{"rendered":"\n<figure class=\"wp-block-image size-large\"><img data-recalc-dims=\"1\" loading=\"lazy\" decoding=\"async\" width=\"600\" height=\"400\" data-attachment-id=\"28339\" data-permalink=\"http:\/\/blogdalucianaoliveira.com.br\/blog\/2020\/05\/24\/eua-suspendem-entrada-de-cidadaos-nao-americanos-que-passaram-pelo-brasil\/image-90-4\/\" data-orig-file=\"https:\/\/i0.wp.com\/blogdalucianaoliveira.com.br\/blog\/wp-content\/uploads\/2020\/05\/image-90.jpeg?fit=1024%2C683\" data-orig-size=\"1024,683\" data-comments-opened=\"0\" data-image-meta=\"{&quot;aperture&quot;:&quot;0&quot;,&quot;credit&quot;:&quot;&quot;,&quot;camera&quot;:&quot;&quot;,&quot;caption&quot;:&quot;&quot;,&quot;created_timestamp&quot;:&quot;0&quot;,&quot;copyright&quot;:&quot;&quot;,&quot;focal_length&quot;:&quot;0&quot;,&quot;iso&quot;:&quot;0&quot;,&quot;shutter_speed&quot;:&quot;0&quot;,&quot;title&quot;:&quot;&quot;,&quot;orientation&quot;:&quot;0&quot;}\" data-image-title=\"image-90\" data-image-description=\"\" data-image-caption=\"\" data-medium-file=\"https:\/\/i0.wp.com\/blogdalucianaoliveira.com.br\/blog\/wp-content\/uploads\/2020\/05\/image-90.jpeg?fit=300%2C200\" data-large-file=\"https:\/\/i0.wp.com\/blogdalucianaoliveira.com.br\/blog\/wp-content\/uploads\/2020\/05\/image-90.jpeg?fit=600%2C400\" src=\"https:\/\/i0.wp.com\/blogdalucianaoliveira.com.br\/blog\/wp-content\/uploads\/2020\/05\/image-90.jpeg?resize=600%2C400\" alt=\"\" class=\"wp-image-28339\" srcset=\"https:\/\/i0.wp.com\/blogdalucianaoliveira.com.br\/blog\/wp-content\/uploads\/2020\/05\/image-90.jpeg?w=1024 1024w, https:\/\/i0.wp.com\/blogdalucianaoliveira.com.br\/blog\/wp-content\/uploads\/2020\/05\/image-90.jpeg?resize=300%2C200 300w, https:\/\/i0.wp.com\/blogdalucianaoliveira.com.br\/blog\/wp-content\/uploads\/2020\/05\/image-90.jpeg?resize=768%2C512 768w, https:\/\/i0.wp.com\/blogdalucianaoliveira.com.br\/blog\/wp-content\/uploads\/2020\/05\/image-90.jpeg?resize=450%2C300 450w\" sizes=\"auto, (max-width: 600px) 100vw, 600px\" \/><\/figure>\n\n\n\n<p>Medida afeta os que estiveram no territ\u00f3rio brasileiro nos \u00faltimos 14 dias.<\/p>\n\n\n\n<!--more-->\n\n\n\n<p>Na FSP<\/p>\n\n\n\n<p><strong><a href=\"https:\/\/www1.folha.uol.com.br\/autores\/marina-dias.shtml\">Marina Dia<\/a><\/strong>s<\/p>\n\n\n\n<p>O presidente Donald Trump assinou neste domingo (24) um decreto que pro\u00edbe a entrada nos EUA de cidad\u00e3os n\u00e3o americanos que tenham estado no Brasil nos \u00faltimos 14 dias como mais uma medida para<a href=\"https:\/\/www1.folha.uol.com.br\/cotidiano\/coronavirus\/\">&nbsp;tentar conter o avan\u00e7o do coronav\u00edrus<\/a>&nbsp;em seu territ\u00f3rio.<\/p>\n\n\n\n<p>Esperava-se o an\u00fancio de uma restri\u00e7\u00e3o dos voos com origem no Brasil \u2014que j\u00e1 tinha sido cogitada publicamente diversas vezes pelo presidente americano, mas at\u00e9 este fim de semana ainda n\u00e3o havia um plano concreto na Casa Branca neste sentido.<\/p>\n\n\n\n<p>O documento deste domingo \u00e9 mais amplo: engloba todos os estrangeiros que tenham passado pelo territ\u00f3rio brasileiro nas \u00faltimas duas semanas. H\u00e1 exce\u00e7\u00f5es para os portadores de green cards (resid\u00eancia permanente nos EUA), para os c\u00f4njuges, filhos e irm\u00e3os de americanos residentes no pa\u00eds e para estrangeiros que viajem a convite do governo americano, al\u00e9m de integrantes de tripula\u00e7\u00e3o a\u00e9rea.<\/p>\n\n\n\n<p>Um funcion\u00e1rio do alto escal\u00e3o do governo Trump afirmou que os EUA est\u00e3o considerando continuamente op\u00e7\u00f5es de prote\u00e7\u00e3o aos americanos, limitando a transmiss\u00e3o do v\u00edrus por meio das viagens, e que, portanto, Brasil e outros pa\u00edses poderiam entrar em algum momento no escopo das restri\u00e7\u00f5es.<\/p>\n\n\n\n<p>O governo brasileiro, por sua vez, estava em contato di\u00e1rio com autoridades americanas e sabia que a Casa Branca e o Departamento de Estado monitoravam com preocupa\u00e7\u00e3o a situa\u00e7\u00e3o do Brasil, com casos e mortes confirmadas por Covid-19 aumentando em ritmo vertiginoso.<\/p>\n\n\n\n<p>Diplomatas brasileiros afirmam que, depois de os EUA suspenderem voos da China e da Europa, quando estes eram o epicentro da pandemia, esperavam que as restri\u00e7\u00f5es ao Brasil chegariam mais cedo ou mais tarde.<\/p>\n\n\n\n<p>Mesmo assim, houve esfor\u00e7os da chancelaria brasileira nas \u00faltimas semanas para tentar evitar que a medida fosse implementada a voos do Brasil, justificando que transporte a\u00e9reo estava sendo utilizado quase que somente para cargas e repatria\u00e7\u00e3o de cidad\u00e3os.<\/p>\n\n\n\n<p>Desde mar\u00e7o, o governo americano colocou o cen\u00e1rio brasileiro no radar e tem cogitado vetar os voos que chegam do pa\u00eds.<\/p>\n\n\n\n<p>Em nota, a embaixada americana em Bras\u00edlia refor\u00e7ou que a medida n\u00e3o se aplica a cidad\u00e3os americanos ou com perman\u00eancia legal.<\/p>\n\n\n\n<p>No texto, a representa\u00e7\u00e3o diplom\u00e1tica destacou ainda a coopera\u00e7\u00e3o entre os dois pa\u00edses. &#8220;Os EUA mant\u00eam uma forte parceria com o Brasil e trabalhamos em estreita colabora\u00e7\u00e3o para mitigar os impactos socioecon\u00f4micos e de sa\u00fade da Covid-19 no Brasil, bem como para promover prioridades pol\u00edticas, econ\u00f4micas e de seguran\u00e7a no hemisf\u00e9rio e em todo o mundo.&#8221;<\/p>\n\n\n\n<p>O assessor especial da Presid\u00eancia da Rep\u00fablica para Assuntos Internacionais, Filipe G. Martins, minimizou a medida americana ao publicar, em rede social, que o governo dos EUA seguiu &#8220;par\u00e2metros quantitativos previamente estabelecidos, que alcan\u00e7am naturalmente um pa\u00eds t\u00e3o populoso quanto o nosso&#8221;. &#8220;N\u00e3o h\u00e1 nada espec\u00edfico contra o Brasil&#8221;, escreveu.<\/p>\n\n\n\n<figure class=\"wp-block-embed-twitter wp-block-embed is-type-rich is-provider-twitter\"><div class=\"wp-block-embed__wrapper\">\n<blockquote class=\"twitter-tweet\" data-width=\"550\" data-dnt=\"true\"><p lang=\"pt\" dir=\"ltr\">Ao banir temporariamente a entrada de brasileiros nos EUA, o governo americano est\u00e1 seguindo par\u00e2metros quantitativos previamente estabelecidos, que alcan\u00e7am naturalmente um pa\u00eds t\u00e3o populoso quanto o nosso. N\u00e3o h\u00e1 nada espec\u00edfico contra o Brasil. Ignorem a histeria da imprensa.<\/p>&mdash; Filipe G. Martins (@filgmartin) <a href=\"https:\/\/twitter.com\/filgmartin\/status\/1264676286452109317?ref_src=twsrc%5Etfw\">May 24, 2020<\/a><\/blockquote><script async src=\"https:\/\/platform.twitter.com\/widgets.js\" charset=\"utf-8\"><\/script>\n<\/div><\/figure>\n\n\n\n<p>J\u00e1 o secret\u00e1rio de Rela\u00e7\u00f5es Internacionais do Governo de S\u00e3o Paulo, J\u00falio Serson, disse, em nota, que est\u00e1 em contato com autoridades consulares no Brasil para reduzir os impactos da medida tanto para aqueles que precisam se deslocar para os EUA, por motivos pessoais ou profissionais, como no fluxo comercial.<\/p>\n\n\n\n<p>&#8220;Infelizmente, o Brasil caminha para se tornar um dos epicentros da pandemia no mundo, e os EUA est\u00e3o buscando a prote\u00e7\u00e3o de seus cidad\u00e3os&#8221;, afirma o texto. &#8220;Vamos manter contato tamb\u00e9m com importadores e exportadores de S\u00e3o Paulo, principal porta de entrada e sa\u00edda de mercadorias do pa\u00eds para os EUA.&#8221;<\/p>\n\n\n\n<p>Na sexta-feira (22), a OMS (Organiza\u00e7\u00e3o Mundial da Sa\u00fade) anunciou que a Am\u00e9rica Latina era o novo epicentro da pandemia, e o Brasil era o pa\u00eds mais preocupante, com 20 mil mortes e 310 mil casos confirmados. Dois dias depois, Trump resolveu anunciar o veto \u00e0 entrada de quem passou pelo territ\u00f3rio brasileiro.<\/p>\n\n\n\n<p>Na semana passada,&nbsp;<a href=\"https:\/\/www1.folha.uol.com.br\/mundo\/2020\/05\/apos-trump-vice-reafirma-possibilidade-de-veto-a-voos-do-brasil.shtml\">o presidente americano havia dito que cogitava suspender voos do Brasil<\/a>, porque n\u00e3o queria &#8220;pessoas infectando nosso povo&#8221;. &#8220;Eu me preocupo com tudo, eu n\u00e3o quero pessoas vindo para c\u00e1 e infectando nosso povo&#8221;, afirmou Trump. Era a segunda vez em poucos dias que falava do assunto.<\/p>\n\n\n\n<p>Horas depois, o embaixador brasileiro nos EUA, Nestor Forster, disse que n\u00e3o havia at\u00e9 ent\u00e3o nenhuma decis\u00e3o sobre o cancelamento das rotas ou imposi\u00e7\u00e3o de restri\u00e7\u00f5es aos brasileiros que quisessem viajar aos EUA.<\/p>\n\n\n\n<p>&#8220;Brasil e EUA seguem cooperando amplamente na resposta \u00e0 pandemia. As autoridades americanas avaliam de forma permanente e rotineira a situa\u00e7\u00e3o dos voos que chegam ao pa\u00eds, assim como o Brasil tem feito. N\u00e3o h\u00e1, no momento, nenhuma nova decis\u00e3o quanto a cancelamento de conex\u00f5es a\u00e9reas com o Brasil nem de imposi\u00e7\u00e3o de restri\u00e7\u00f5es a este respeito&#8221;, disse Forster.<\/p>\n\n\n\n<p>Os EUA t\u00eam hoje mais de 1,5 milh\u00e3o de casos e 95 mil mortes, e a chegada de americanos ao Brasil est\u00e1 vetada h\u00e1 pouco mais de um m\u00eas.<\/p>\n\n\n\n<p>A medida \u00e9 similar \u00e0 que os americanos impuseram \u00e0 China e a pa\u00edses da Europa desde mar\u00e7o. Nestes casos, s\u00f3 americanos ou estrangeiros com resid\u00eancia permanente nos EUA podem entrar no pa\u00eds vindo de na\u00e7\u00f5es sob restri\u00e7\u00e3o.<\/p>\n\n\n\n<p>Horas antes da assinatura do decreto por Trump, o assessor de Seguran\u00e7a Nacional dos EUA, Robert O\u2019Brien, disse em entrevista \u00e0 CBS que uma decis\u00e3o sobre Brasil seria tomada neste domingo.<\/p>\n\n\n\n<p>\u201cEu acho que teremos hoje (domingo) uma decis\u00e3o sobre o Brasil, assim como fizemos com Reino Unido, Europa e China, e espero que seja tempor\u00e1rio\u201d, disse O\u2019Brien.<\/p>\n\n\n\n<p>\u201cPor causa da situa\u00e7\u00e3o no Brasil, n\u00f3s vamos tomar todas as medidas necess\u00e1rias para proteger o povo americano, completou.<\/p>\n\n\n\n<p>Poss\u00edveis restri\u00e7\u00f5es a outros pa\u00edses da Am\u00e9rica do Sul, por sua vez, dever\u00e3o ser analisadas caso a caso.<\/p>\n\n\n\n<p>Mais cedo neste domingo, o chanceler Ernesto Ara\u00fajo havia destacado, em seu perfil no Twitter, uma doa\u00e7\u00e3o de mil respiradores que os EUA fariam ao Brasil. Ernesto disse que falou com representantes da Casa Branca neste domingo sobre a doa\u00e7\u00e3o.<\/p>\n\n\n\n<figure class=\"wp-block-embed-twitter wp-block-embed is-type-rich is-provider-twitter\"><div class=\"wp-block-embed__wrapper\">\n<blockquote class=\"twitter-tweet\" data-width=\"550\" data-dnt=\"true\"><p lang=\"pt\" dir=\"ltr\">Em conversa hoje com representantes da Casa Branca, dentro da \u00f3tima coopera\u00e7\u00e3o Brasil-EUA no combate ao Covid-19, recebi a not\u00edcia de que o Presidente <a href=\"https:\/\/twitter.com\/realDonaldTrump?ref_src=twsrc%5Etfw\">@realDonaldTrump<\/a> determinou a doa\u00e7\u00e3o de 1.000 respiradores ao Brasil.<br>Parceria produtiva entre duas grandes democracias.<br>\ud83c\udde7\ud83c\uddf7\ud83c\uddfa\ud83c\uddf8<\/p>&mdash; Ernesto Ara\u00fajo (@ernestofaraujo) <a href=\"https:\/\/twitter.com\/ernestofaraujo\/status\/1264634217289392135?ref_src=twsrc%5Etfw\">May 24, 2020<\/a><\/blockquote><script async src=\"https:\/\/platform.twitter.com\/widgets.js\" charset=\"utf-8\"><\/script>\n<\/div><\/figure>\n\n\n\n<p>Trump evita criticar o presidente Jair Bolsonaro publicamente, mas fala da situa\u00e7\u00e3o da pandemia no Brasil h\u00e1 semanas com gravidade e preocupa\u00e7\u00e3o. Bolsonaro tem sido um dos poucos l\u00edderes da Am\u00e9rica Latina \u2014e do mundo\u2014 a minimizar a gravidade da Covid-19. O presidente brasileiro chegou a compar\u00e1-la a uma gripezinha.<\/p>\n\n\n\n<p>O presidente americano tamb\u00e9m j\u00e1 havia dito que sua principal preocupa\u00e7\u00e3o com o aumento de casos no Brasil era na Fl\u00f3rida, que costuma receber muitos brasileiros, e \u00e9 um estado-chave na campanha para sua reelei\u00e7\u00e3o, com muitos latinos conservadores.<\/p>\n\n\n\n<p>Durante um encontro em 28 de abril com o governador da Fl\u00f3rida, o tamb\u00e9m republicano Ron DeSantis, Trump levantou a hip\u00f3tese de proibir os voos do Brasil.<\/p>\n\n\n\n<p>&#8220;O Brasil est\u00e1 tendo um grande surto. Eles foram por um caminho diferente do da maioria da Am\u00e9rica do Sul. Quando voc\u00ea olha os gr\u00e1ficos, infelizmente percebe o que est\u00e1 acontecendo com o Brasil&#8221;, afirmou ele durante a reuni\u00e3o.<\/p>\n\n\n\n<p>Na ocasi\u00e3o, o l\u00edder americano disse que provavelmente iria impor medidas para obrigar turistas brasileiros a passarem por testes r\u00e1pidos de detec\u00e7\u00e3o de Covid-19 e a terem suas temperaturas medidas antes de embarcarem em dire\u00e7\u00e3o ao territ\u00f3rio americano \u2014nada disso foi implementado.<\/p>\n\n\n\n<p>Hoje h\u00e1 13 voos semanais em opera\u00e7\u00e3o entre Brasil e EUA, com destino \u00e0 Fl\u00f3rida e ao Texas. As empresas podem continuar operando as rotas, mas os passageiros que se encaixarem na nova medida n\u00e3o poder\u00e3o entrar nos EUA.<\/p>\n","protected":false},"excerpt":{"rendered":"<p>Medida afeta os que estiveram no territ\u00f3rio brasileiro nos \u00faltimos 14 dias.<\/p>\n","protected":false},"author":1,"featured_media":0,"comment_status":"closed","ping_status":"open","sticky":false,"template":"","format":"standard","meta":{"_exactmetrics_skip_tracking":false,"_exactmetrics_sitenote_active":false,"_exactmetrics_sitenote_note":"","_exactmetrics_sitenote_category":0,"jetpack_post_was_ever_published":false,"_jetpack_newsletter_access":"","_jetpack_dont_email_post_to_subs":false,"_jetpack_newsletter_tier_id":0,"_jetpack_memberships_contains_paywalled_content":false,"_jetpack_memberships_contains_paid_content":false,"footnotes":"","jetpack_publicize_message":"","jetpack_publicize_feature_enabled":true,"jetpack_social_post_already_shared":true,"jetpack_social_options":{"image_generator_settings":{"template":"highway","enabled":false},"version":2}},"categories":[1],"tags":[],"class_list":["post-28338","post","type-post","status-publish","format-standard","hentry","category-notas"],"jetpack_publicize_connections":[],"jetpack_sharing_enabled":true,"jetpack_featured_media_url":"","jetpack_shortlink":"https:\/\/wp.me\/p7wKYW-7n4","jetpack-related-posts":[],"_links":{"self":[{"href":"http:\/\/blogdalucianaoliveira.com.br\/blog\/wp-json\/wp\/v2\/posts\/28338","targetHints":{"allow":["GET"]}}],"collection":[{"href":"http:\/\/blogdalucianaoliveira.com.br\/blog\/wp-json\/wp\/v2\/posts"}],"about":[{"href":"http:\/\/blogdalucianaoliveira.com.br\/blog\/wp-json\/wp\/v2\/types\/post"}],"author":[{"embeddable":true,"href":"http:\/\/blogdalucianaoliveira.com.br\/blog\/wp-json\/wp\/v2\/users\/1"}],"replies":[{"embeddable":true,"href":"http:\/\/blogdalucianaoliveira.com.br\/blog\/wp-json\/wp\/v2\/comments?post=28338"}],"version-history":[{"count":1,"href":"http:\/\/blogdalucianaoliveira.com.br\/blog\/wp-json\/wp\/v2\/posts\/28338\/revisions"}],"predecessor-version":[{"id":28340,"href":"http:\/\/blogdalucianaoliveira.com.br\/blog\/wp-json\/wp\/v2\/posts\/28338\/revisions\/28340"}],"wp:attachment":[{"href":"http:\/\/blogdalucianaoliveira.com.br\/blog\/wp-json\/wp\/v2\/media?parent=28338"}],"wp:term":[{"taxonomy":"category","embeddable":true,"href":"http:\/\/blogdalucianaoliveira.com.br\/blog\/wp-json\/wp\/v2\/categories?post=28338"},{"taxonomy":"post_tag","embeddable":true,"href":"http:\/\/blogdalucianaoliveira.com.br\/blog\/wp-json\/wp\/v2\/tags?post=28338"}],"curies":[{"name":"wp","href":"https:\/\/api.w.org\/{rel}","templated":true}]}}