{"id":28345,"date":"2020-05-24T22:45:21","date_gmt":"2020-05-25T02:45:21","guid":{"rendered":"http:\/\/blogdalucianaoliveira.com.br\/blog\/?p=28345"},"modified":"2020-05-24T22:45:25","modified_gmt":"2020-05-25T02:45:25","slug":"povo-indigena-karitiana-pede-ajuda-contra-covid-19","status":"publish","type":"post","link":"http:\/\/blogdalucianaoliveira.com.br\/blog\/2020\/05\/24\/povo-indigena-karitiana-pede-ajuda-contra-covid-19\/","title":{"rendered":"POVO IND\u00cdGENA KARITIANA PEDE AJUDA CONTRA COVID-19"},"content":{"rendered":"\n<div class=\"fb-post\" data-href=\"https:\/\/www.facebook.com\/1322963204438419\/posts\/2973158336085556\/?vh=e&#038;d=n\" data-width=\"552\"><\/div>\n\n\n\n<p>Associa\u00e7\u00e3o do Povo Ind\u00edgena Karitiana AKOT PYTIM ADNIPA &#8211; APK, vem informar a todos que j\u00e1 tem 6 casos confirmado de COVID 19 de parentes KARITIANA. <br><\/p>\n\n\n\n<!--more-->\n\n\n\n<p>Diante do cen\u00e1rio de enfrentamento de pandemia COVID 19, a situa\u00e7\u00e3o est\u00e1 ficando cada dia mais complicada para opovo KARITIANA,<br>N\u00e3o  est\u00e1 sendo f\u00e1cil manter a comunidade sem alimenta\u00e7\u00e3o nas aldeias.<\/p>\n\n\n\n<p>Com isso, pedem apoio de doa\u00e7\u00f5es para a confec\u00e7\u00e3o de m\u00e1scaras e compra de cestas b\u00e1sicas e outros itens necess\u00e1rios para as fam\u00edlias indigenas.<\/p>\n\n\n\n<div class=\"fb-post\" data-href=\"https:\/\/www.facebook.com\/1322963204438419\/posts\/2970391696362220\/?d=n\" data-width=\"552\"><\/div>\n\n\n\n<p>Endere\u00e7o de Arrecada\u00e7\u00e3o de DOA\u00c7\u00c3O:<\/p>\n\n\n\n<p>Rua Gon\u00e7alves dias, 965 OLARIA&nbsp;<\/p>\n\n\n\n<p>FUNAI DE PORTO VELHO &#8211; RO&nbsp;<\/p>\n\n\n\n<p>Ou no link: https:\/\/www.catarse.me\/ajudeopovokaritiana<\/p>\n\n\n\n<p><a href=\"https:\/\/povosindigenasro.myportfolio.com\/\">https:\/\/povosindigenasro.myportfolio.com\/<\/a><\/p>\n","protected":false},"excerpt":{"rendered":"<p>Associa\u00e7\u00e3o do Povo Ind\u00edgena Karitiana AKOT PYTIM ADNIPA &#8211; APK, vem informar a todos que j\u00e1 tem 6 casos confirmado de COVID 19 de parentes KARITIANA.<\/p>\n","protected":false},"author":1,"featured_media":0,"comment_status":"closed","ping_status":"open","sticky":false,"template":"","format":"standard","meta":{"_exactmetrics_skip_tracking":false,"_exactmetrics_sitenote_active":false,"_exactmetrics_sitenote_note":"","_exactmetrics_sitenote_category":0,"jetpack_post_was_ever_published":false,"_jetpack_newsletter_access":"","_jetpack_dont_email_post_to_subs":false,"_jetpack_newsletter_tier_id":0,"_jetpack_memberships_contains_paywalled_content":false,"_jetpack_memberships_contains_paid_content":false,"footnotes":"","jetpack_publicize_message":"","jetpack_publicize_feature_enabled":true,"jetpack_social_post_already_shared":true,"jetpack_social_options":{"image_generator_settings":{"template":"highway","enabled":false},"version":2}},"categories":[1],"tags":[],"class_list":["post-28345","post","type-post","status-publish","format-standard","hentry","category-notas"],"jetpack_publicize_connections":[],"jetpack_sharing_enabled":true,"jetpack_featured_media_url":"","jetpack_shortlink":"https:\/\/wp.me\/p7wKYW-7nb","jetpack-related-posts":[],"_links":{"self":[{"href":"http:\/\/blogdalucianaoliveira.com.br\/blog\/wp-json\/wp\/v2\/posts\/28345","targetHints":{"allow":["GET"]}}],"collection":[{"href":"http:\/\/blogdalucianaoliveira.com.br\/blog\/wp-json\/wp\/v2\/posts"}],"about":[{"href":"http:\/\/blogdalucianaoliveira.com.br\/blog\/wp-json\/wp\/v2\/types\/post"}],"author":[{"embeddable":true,"href":"http:\/\/blogdalucianaoliveira.com.br\/blog\/wp-json\/wp\/v2\/users\/1"}],"replies":[{"embeddable":true,"href":"http:\/\/blogdalucianaoliveira.com.br\/blog\/wp-json\/wp\/v2\/comments?post=28345"}],"version-history":[{"count":1,"href":"http:\/\/blogdalucianaoliveira.com.br\/blog\/wp-json\/wp\/v2\/posts\/28345\/revisions"}],"predecessor-version":[{"id":28346,"href":"http:\/\/blogdalucianaoliveira.com.br\/blog\/wp-json\/wp\/v2\/posts\/28345\/revisions\/28346"}],"wp:attachment":[{"href":"http:\/\/blogdalucianaoliveira.com.br\/blog\/wp-json\/wp\/v2\/media?parent=28345"}],"wp:term":[{"taxonomy":"category","embeddable":true,"href":"http:\/\/blogdalucianaoliveira.com.br\/blog\/wp-json\/wp\/v2\/categories?post=28345"},{"taxonomy":"post_tag","embeddable":true,"href":"http:\/\/blogdalucianaoliveira.com.br\/blog\/wp-json\/wp\/v2\/tags?post=28345"}],"curies":[{"name":"wp","href":"https:\/\/api.w.org\/{rel}","templated":true}]}}