{"id":28350,"date":"2020-05-25T08:19:51","date_gmt":"2020-05-25T12:19:51","guid":{"rendered":"http:\/\/blogdalucianaoliveira.com.br\/blog\/?p=28350"},"modified":"2020-05-25T08:20:02","modified_gmt":"2020-05-25T12:20:02","slug":"em-2019-99-de-todo-o-desmatamento-registrado-no-pais-foi-ilegal-diz-estudo","status":"publish","type":"post","link":"http:\/\/blogdalucianaoliveira.com.br\/blog\/2020\/05\/25\/em-2019-99-de-todo-o-desmatamento-registrado-no-pais-foi-ilegal-diz-estudo\/","title":{"rendered":"Em 2019, 99% de todo o desmatamento registrado no pa\u00eds foi ilegal diz estudo"},"content":{"rendered":"\n<figure class=\"wp-block-image size-large\"><img data-recalc-dims=\"1\" loading=\"lazy\" decoding=\"async\" width=\"500\" height=\"240\" data-attachment-id=\"28351\" data-permalink=\"http:\/\/blogdalucianaoliveira.com.br\/blog\/2020\/05\/25\/em-2019-99-de-todo-o-desmatamento-registrado-no-pais-foi-ilegal-diz-estudo\/image-91-4\/\" data-orig-file=\"https:\/\/i0.wp.com\/blogdalucianaoliveira.com.br\/blog\/wp-content\/uploads\/2020\/05\/image-91.jpeg?fit=500%2C240\" data-orig-size=\"500,240\" data-comments-opened=\"0\" data-image-meta=\"{&quot;aperture&quot;:&quot;0&quot;,&quot;credit&quot;:&quot;&quot;,&quot;camera&quot;:&quot;&quot;,&quot;caption&quot;:&quot;&quot;,&quot;created_timestamp&quot;:&quot;0&quot;,&quot;copyright&quot;:&quot;&quot;,&quot;focal_length&quot;:&quot;0&quot;,&quot;iso&quot;:&quot;0&quot;,&quot;shutter_speed&quot;:&quot;0&quot;,&quot;title&quot;:&quot;&quot;,&quot;orientation&quot;:&quot;0&quot;}\" data-image-title=\"image-91\" data-image-description=\"\" data-image-caption=\"\" data-medium-file=\"https:\/\/i0.wp.com\/blogdalucianaoliveira.com.br\/blog\/wp-content\/uploads\/2020\/05\/image-91.jpeg?fit=300%2C144\" data-large-file=\"https:\/\/i0.wp.com\/blogdalucianaoliveira.com.br\/blog\/wp-content\/uploads\/2020\/05\/image-91.jpeg?fit=500%2C240\" src=\"https:\/\/i0.wp.com\/blogdalucianaoliveira.com.br\/blog\/wp-content\/uploads\/2020\/05\/image-91.jpeg?resize=500%2C240\" alt=\"\" class=\"wp-image-28351\" srcset=\"https:\/\/i0.wp.com\/blogdalucianaoliveira.com.br\/blog\/wp-content\/uploads\/2020\/05\/image-91.jpeg?w=500 500w, https:\/\/i0.wp.com\/blogdalucianaoliveira.com.br\/blog\/wp-content\/uploads\/2020\/05\/image-91.jpeg?resize=300%2C144 300w\" sizes=\"auto, (max-width: 500px) 100vw, 500px\" \/><\/figure>\n\n\n\n<p><strong>247 &#8211;&nbsp;<\/strong>Um estudo elaborado pela Mapbiomas, que re\u00fane entidades ambientais, institui\u00e7\u00f5es de ensino e empresas, aponta que 99% de todo o desmatamento realizado no Brasil, ao longo do ano passado foi feito ilegalmente.&nbsp;<\/p>\n\n\n\n<!--more-->\n\n\n\n<p>Ainda conforme a pesquisa, foram identificados 56 mil pontos de&nbsp;<a target=\"_blank\" rel=\"noreferrer noopener\" href=\"https:\/\/www.brasil247.com\/brasil\/area-com-avisos-de-desmatamento-na-amazonia-sobe-85-em-2019-8j1kx03y\">desmatamento<\/a>&nbsp;no ano passado. \u201cNoventa e nove por cento de todo o desmatamento que aconteceu no Brasil n\u00e3o \u00e9 regular: n\u00e3o tinha autoriza\u00e7\u00e3o ou estava em \u00e1reas que jamais poderiam ter sido desmatadas. Em outras palavras, a gente poderia dizer que s\u00e3o ilegais\u201d \u2014 disse Tasso Azevedo, coordenador-geral da MapBiomas, segundo reportagem do jornal&nbsp;<a target=\"_blank\" rel=\"noreferrer noopener\" href=\"https:\/\/oglobo.globo.com\/sociedade\/99-do-desmatamento-no-brasil-em-2019-foi-ilegal-aponta-relatorio-24444171\">O Globo<\/a>.<\/p>\n\n\n\n<p>O relat\u00f3rio apontou, ainda, que 11% do n\u00famero total de alertas registrados em 2019 estava localizado em unidades e \u00e1reas de conserva\u00e7\u00e3o e outros 6% em terras ind\u00edgenas.&nbsp;<\/p>\n","protected":false},"excerpt":{"rendered":"<p>247 &#8211;&nbsp;Um estudo elaborado pela Mapbiomas, que re\u00fane entidades ambientais, institui\u00e7\u00f5es de ensino e empresas, aponta que 99% de todo o desmatamento realizado no Brasil, ao longo do ano passado foi feito ilegalmente.&nbsp;<\/p>\n","protected":false},"author":1,"featured_media":0,"comment_status":"closed","ping_status":"open","sticky":false,"template":"","format":"standard","meta":{"_exactmetrics_skip_tracking":false,"_exactmetrics_sitenote_active":false,"_exactmetrics_sitenote_note":"","_exactmetrics_sitenote_category":0,"jetpack_post_was_ever_published":false,"_jetpack_newsletter_access":"","_jetpack_dont_email_post_to_subs":false,"_jetpack_newsletter_tier_id":0,"_jetpack_memberships_contains_paywalled_content":false,"_jetpack_memberships_contains_paid_content":false,"footnotes":"","jetpack_publicize_message":"","jetpack_publicize_feature_enabled":true,"jetpack_social_post_already_shared":true,"jetpack_social_options":{"image_generator_settings":{"template":"highway","enabled":false},"version":2}},"categories":[1],"tags":[],"class_list":["post-28350","post","type-post","status-publish","format-standard","hentry","category-notas"],"jetpack_publicize_connections":[],"jetpack_sharing_enabled":true,"jetpack_featured_media_url":"","jetpack_shortlink":"https:\/\/wp.me\/p7wKYW-7ng","jetpack-related-posts":[],"_links":{"self":[{"href":"http:\/\/blogdalucianaoliveira.com.br\/blog\/wp-json\/wp\/v2\/posts\/28350","targetHints":{"allow":["GET"]}}],"collection":[{"href":"http:\/\/blogdalucianaoliveira.com.br\/blog\/wp-json\/wp\/v2\/posts"}],"about":[{"href":"http:\/\/blogdalucianaoliveira.com.br\/blog\/wp-json\/wp\/v2\/types\/post"}],"author":[{"embeddable":true,"href":"http:\/\/blogdalucianaoliveira.com.br\/blog\/wp-json\/wp\/v2\/users\/1"}],"replies":[{"embeddable":true,"href":"http:\/\/blogdalucianaoliveira.com.br\/blog\/wp-json\/wp\/v2\/comments?post=28350"}],"version-history":[{"count":1,"href":"http:\/\/blogdalucianaoliveira.com.br\/blog\/wp-json\/wp\/v2\/posts\/28350\/revisions"}],"predecessor-version":[{"id":28352,"href":"http:\/\/blogdalucianaoliveira.com.br\/blog\/wp-json\/wp\/v2\/posts\/28350\/revisions\/28352"}],"wp:attachment":[{"href":"http:\/\/blogdalucianaoliveira.com.br\/blog\/wp-json\/wp\/v2\/media?parent=28350"}],"wp:term":[{"taxonomy":"category","embeddable":true,"href":"http:\/\/blogdalucianaoliveira.com.br\/blog\/wp-json\/wp\/v2\/categories?post=28350"},{"taxonomy":"post_tag","embeddable":true,"href":"http:\/\/blogdalucianaoliveira.com.br\/blog\/wp-json\/wp\/v2\/tags?post=28350"}],"curies":[{"name":"wp","href":"https:\/\/api.w.org\/{rel}","templated":true}]}}