{"id":28358,"date":"2020-05-25T12:09:41","date_gmt":"2020-05-25T16:09:41","guid":{"rendered":"http:\/\/blogdalucianaoliveira.com.br\/blog\/?p=28358"},"modified":"2020-05-25T12:09:44","modified_gmt":"2020-05-25T16:09:44","slug":"sai-de-re-fascista","status":"publish","type":"post","link":"http:\/\/blogdalucianaoliveira.com.br\/blog\/2020\/05\/25\/sai-de-re-fascista\/","title":{"rendered":"Sai de r\u00e9, fascista!"},"content":{"rendered":"\n<figure class=\"wp-block-image\"><img data-recalc-dims=\"1\" decoding=\"async\" src=\"https:\/\/i0.wp.com\/www.correiodopovo.com.br\/image\/policy%3A1.426755%3A1590356305\/.jpg?w=600&#038;ssl=1\" alt=\"\"\/><\/figure>\n\n\n\n<p>N\u00e3o fosse pela pandemia, que nos obrigou ao recolhimento compuls\u00f3rio, confrontos entre fascistas e Antifas seriam constantes. Um dos motivos que mant\u00e9m Bolsonaro no cargo \u00e9 a pouca incid\u00eancia desses conflitos, falta gente na rua para tornar o caminho at\u00e9 o impeachment mais curto.<br><\/p>\n\n\n\n<!--more-->\n\n\n\n<p>No Brasil 247, por <a href=\"https:\/\/www.brasil247.com\/authors\/ricardo-mezavila\">Ricardo Mezavila<\/a><\/p>\n\n\n\n<p>Os fascistas apoiadores do presidente, como todos os domingos, fazem carreata pelas ruas do Brasil com seus carros importados, pelo direito de os trabalhadores aglomerarem-se em trens e \u00f4nibus lotados.<\/p>\n\n\n\n<p>Em Porto Alegre, uma dessas carreatas foi interceptada por um grupo de Antifascistas. Os manifestantes tentaram argumentar, mas com fascista n\u00e3o tem conversa, e n\u00e3o tiveram outra alternativa a n\u00e3o ser voltar de marcha \u00e0 r\u00e9.<\/p>\n\n\n\n<p>Esses atos tendem a crescer, principalmente depois da divulga\u00e7\u00e3o do v\u00eddeo da reuni\u00e3o ministerial de 22 de abril, que deve ter chocado muita gente contr\u00e1ria e at\u00e9 mesmo favor\u00e1vel ao presidente, que teve que engolir nas ruas de Bras\u00edlia um muito bem colocado \u201c<em>vai trabalhar, vagabundo\u2019<\/em>, junto com o&nbsp;<em>hot dog<\/em>&nbsp;e a mostarda que escorria pelo seu bra\u00e7o.<\/p>\n\n\n\n<p>O movimento Antifascista, Antifa, re\u00fane grupos de esquerda para combater o fascismo utilizando de quaisquer meios que julgarem necess\u00e1rios. Em 2018 estavam nas ruas fazendo oposi\u00e7\u00e3o e denunciando o candidato Jair Bolsonaro.<\/p>\n\n\n\n<p>O movimento surgiu na Alemanha, in\u00edcio da d\u00e9cada de 1930, durante a ascens\u00e3o e fortalecimento do nazismo. No Brasil, na mesma d\u00e9cada, o Antifascismo se fortaleceu com a Frente \u00danica Antifascista, em oposi\u00e7\u00e3o ao movimento da A\u00e7\u00e3o Integralista Brasileira.<\/p>\n\n\n\n<p>N\u00e3o fosse pela pandemia, que nos obrigou ao recolhimento compuls\u00f3rio, confrontos entre fascistas e Antifas seriam constantes. Um dos motivos que mant\u00e9m Bolsonaro no cargo \u00e9 a pouca incid\u00eancia desses conflitos, falta gente na rua para tornar o caminho at\u00e9 o impeachment mais curto.<br><\/p>\n","protected":false},"excerpt":{"rendered":"<p>N\u00e3o fosse pela pandemia, que nos obrigou ao recolhimento compuls\u00f3rio, confrontos entre fascistas e Antifas seriam constantes. Um dos motivos que mant\u00e9m Bolsonaro no cargo \u00e9 a pouca incid\u00eancia desses conflitos, falta gente na rua para tornar o caminho at\u00e9 o impeachment mais curto.<\/p>\n","protected":false},"author":1,"featured_media":0,"comment_status":"closed","ping_status":"open","sticky":false,"template":"","format":"standard","meta":{"_exactmetrics_skip_tracking":false,"_exactmetrics_sitenote_active":false,"_exactmetrics_sitenote_note":"","_exactmetrics_sitenote_category":0,"jetpack_post_was_ever_published":false,"_jetpack_newsletter_access":"","_jetpack_dont_email_post_to_subs":false,"_jetpack_newsletter_tier_id":0,"_jetpack_memberships_contains_paywalled_content":false,"_jetpack_memberships_contains_paid_content":false,"footnotes":"","jetpack_publicize_message":"","jetpack_publicize_feature_enabled":true,"jetpack_social_post_already_shared":true,"jetpack_social_options":{"image_generator_settings":{"template":"highway","enabled":false},"version":2}},"categories":[1],"tags":[],"class_list":["post-28358","post","type-post","status-publish","format-standard","hentry","category-notas"],"jetpack_publicize_connections":[],"jetpack_sharing_enabled":true,"jetpack_featured_media_url":"","jetpack_shortlink":"https:\/\/wp.me\/p7wKYW-7no","jetpack-related-posts":[],"_links":{"self":[{"href":"http:\/\/blogdalucianaoliveira.com.br\/blog\/wp-json\/wp\/v2\/posts\/28358","targetHints":{"allow":["GET"]}}],"collection":[{"href":"http:\/\/blogdalucianaoliveira.com.br\/blog\/wp-json\/wp\/v2\/posts"}],"about":[{"href":"http:\/\/blogdalucianaoliveira.com.br\/blog\/wp-json\/wp\/v2\/types\/post"}],"author":[{"embeddable":true,"href":"http:\/\/blogdalucianaoliveira.com.br\/blog\/wp-json\/wp\/v2\/users\/1"}],"replies":[{"embeddable":true,"href":"http:\/\/blogdalucianaoliveira.com.br\/blog\/wp-json\/wp\/v2\/comments?post=28358"}],"version-history":[{"count":1,"href":"http:\/\/blogdalucianaoliveira.com.br\/blog\/wp-json\/wp\/v2\/posts\/28358\/revisions"}],"predecessor-version":[{"id":28359,"href":"http:\/\/blogdalucianaoliveira.com.br\/blog\/wp-json\/wp\/v2\/posts\/28358\/revisions\/28359"}],"wp:attachment":[{"href":"http:\/\/blogdalucianaoliveira.com.br\/blog\/wp-json\/wp\/v2\/media?parent=28358"}],"wp:term":[{"taxonomy":"category","embeddable":true,"href":"http:\/\/blogdalucianaoliveira.com.br\/blog\/wp-json\/wp\/v2\/categories?post=28358"},{"taxonomy":"post_tag","embeddable":true,"href":"http:\/\/blogdalucianaoliveira.com.br\/blog\/wp-json\/wp\/v2\/tags?post=28358"}],"curies":[{"name":"wp","href":"https:\/\/api.w.org\/{rel}","templated":true}]}}