{"id":28365,"date":"2020-05-25T13:41:39","date_gmt":"2020-05-25T17:41:39","guid":{"rendered":"http:\/\/blogdalucianaoliveira.com.br\/blog\/?p=28365"},"modified":"2020-05-25T13:41:43","modified_gmt":"2020-05-25T17:41:43","slug":"oms-suspende-testes-com-cloroquina-e-hidroxicloroquina-contra-a-covid-19","status":"publish","type":"post","link":"http:\/\/blogdalucianaoliveira.com.br\/blog\/2020\/05\/25\/oms-suspende-testes-com-cloroquina-e-hidroxicloroquina-contra-a-covid-19\/","title":{"rendered":"OMS suspende testes com cloroquina e hidroxicloroquina contra a Covid-19"},"content":{"rendered":"\n<figure class=\"wp-block-image size-large\"><img data-recalc-dims=\"1\" loading=\"lazy\" decoding=\"async\" width=\"600\" height=\"400\" data-attachment-id=\"28366\" data-permalink=\"http:\/\/blogdalucianaoliveira.com.br\/blog\/2020\/05\/25\/oms-suspende-testes-com-cloroquina-e-hidroxicloroquina-contra-a-covid-19\/image-92-4\/\" data-orig-file=\"https:\/\/i0.wp.com\/blogdalucianaoliveira.com.br\/blog\/wp-content\/uploads\/2020\/05\/image-92.jpeg?fit=984%2C656\" data-orig-size=\"984,656\" data-comments-opened=\"0\" data-image-meta=\"{&quot;aperture&quot;:&quot;0&quot;,&quot;credit&quot;:&quot;&quot;,&quot;camera&quot;:&quot;&quot;,&quot;caption&quot;:&quot;&quot;,&quot;created_timestamp&quot;:&quot;0&quot;,&quot;copyright&quot;:&quot;&quot;,&quot;focal_length&quot;:&quot;0&quot;,&quot;iso&quot;:&quot;0&quot;,&quot;shutter_speed&quot;:&quot;0&quot;,&quot;title&quot;:&quot;&quot;,&quot;orientation&quot;:&quot;0&quot;}\" data-image-title=\"image-92\" data-image-description=\"\" data-image-caption=\"\" data-medium-file=\"https:\/\/i0.wp.com\/blogdalucianaoliveira.com.br\/blog\/wp-content\/uploads\/2020\/05\/image-92.jpeg?fit=300%2C200\" data-large-file=\"https:\/\/i0.wp.com\/blogdalucianaoliveira.com.br\/blog\/wp-content\/uploads\/2020\/05\/image-92.jpeg?fit=600%2C400\" src=\"https:\/\/i0.wp.com\/blogdalucianaoliveira.com.br\/blog\/wp-content\/uploads\/2020\/05\/image-92.jpeg?resize=600%2C400\" alt=\"\" class=\"wp-image-28366\" srcset=\"https:\/\/i0.wp.com\/blogdalucianaoliveira.com.br\/blog\/wp-content\/uploads\/2020\/05\/image-92.jpeg?w=984 984w, https:\/\/i0.wp.com\/blogdalucianaoliveira.com.br\/blog\/wp-content\/uploads\/2020\/05\/image-92.jpeg?resize=300%2C200 300w, https:\/\/i0.wp.com\/blogdalucianaoliveira.com.br\/blog\/wp-content\/uploads\/2020\/05\/image-92.jpeg?resize=768%2C512 768w, https:\/\/i0.wp.com\/blogdalucianaoliveira.com.br\/blog\/wp-content\/uploads\/2020\/05\/image-92.jpeg?resize=450%2C300 450w\" sizes=\"auto, (max-width: 600px) 100vw, 600px\" \/><\/figure>\n\n\n\n<h4 class=\"wp-block-heading\">A decis\u00e3o se refere aos ensaios Solidariedade, iniciativa internacional com 100 pa\u00edses coordenada pela OMS para buscar tratamentos contra a doen\u00e7a. No Brasil, os ensaios s\u00e3o coordenados pela Fiocruz.<\/h4>\n\n\n\n<!--more-->\n\n\n\n<p>G1 &#8211; A Organiza\u00e7\u00e3o Mundial de Sa\u00fade (<a href=\"https:\/\/g1.globo.com\/tudo-sobre\/organizacao-mundial-de-saude\/\">OMS<\/a>) anunciou, nesta segunda-feira (25), que suspendeu temporariamente testes com a cloroquina e a hidroxicloroquina para tratar a Covid-19. A decis\u00e3o foi tomada dentro dos ensaios Solidariedade, iniciativa internacional com 100 pa\u00edses coordenada pela OMS para buscar tratamentos contra a doen\u00e7a.\u00a0<\/p>\n\n\n\n<p>O diretor-geral da entidade, Tedros Adhanom Ghebreyesus, afirmou que a suspens\u00e3o foi determinada depois de um&nbsp;<a href=\"https:\/\/g1.globo.com\/bemestar\/coronavirus\/noticia\/2020\/05\/22\/estudo-com-mais-de-90-mil-pacientes-mostra-que-hidroxicloroquina-nao-e-eficiente-contra-a-covid-19-e-pode-causar-arritmia-cardiaca.ghtml\">estudo publicado na sexta-feira (22) na revista cient\u00edfica &#8220;The Lancet&#8221;<\/a>. A pesquisa, feita com 96 mil pessoas, apontou que n\u00e3o houve efic\u00e1cia das subst\u00e2ncias contra a Covid-19 e detectou risco de arritmia card\u00edaca nos pacientes que as utilizaram.&nbsp;<\/p>\n\n\n\n<blockquote class=\"wp-block-quote is-layout-flow wp-block-quote-is-layout-flow\"><p>&#8220;Os autores reportaram que, entre pacientes com Covid-19 usando a droga, sozinha ou com um macrol\u00eddeo [classe de antibi\u00f3ticos da qual a azitromicina faz parte], estimaram uma maior taxa de mortalidade&#8221;, afirmou Tedros.<\/p><\/blockquote>\n\n\n\n<p>A OMS afirmou que o quadro executivo do Solidariedade, composto por 10 pa\u00edses, vai analisar dados dispon\u00edveis globalmente sobre as drogas, que s\u00e3o usadas para tratar mal\u00e1ria e doen\u00e7as autoimunes.&nbsp;<\/p>\n\n\n\n<blockquote class=\"wp-block-quote is-layout-flow wp-block-quote-is-layout-flow\"><p>&#8220;Eu quero reiterar que essas drogas s\u00e3o aceitas como geralmente seguras para uso em pacientes com doen\u00e7as autoimunes ou mal\u00e1ria&#8221;, destacou Tedros.<\/p><\/blockquote>\n\n\n\n<p>Ele afirmou, ainda, que os outros testes dos ensaios Solidariedade v\u00e3o continuar \u2013 a suspens\u00e3o refere-se apenas \u00e0s pesquisas com a cloroquina e a hidroxicloroquina.&nbsp;<br><\/p>\n\n\n\n<p>A iniciativa internacional, lan\u00e7ada no dia 18 de mar\u00e7o, j\u00e1 tinha 100 pa\u00edses participantes no dia 21 de abril, segundo a OMS. Nesta segunda-feira (25), a entidade anunciou que 35 pa\u00edses est\u00e3o recrutando pacientes em mais de 400 hospitais ao redor do mundo para fazer parte dos estudos, Outras 3,5 mil pessoas de 17 pa\u00edses j\u00e1 est\u00e3o participando das pesquisas.&nbsp;<\/p>\n\n\n\n<p>No Brasil, os ensaios s\u00e3o coordenados pela Fiocruz.&nbsp;<\/p>\n\n\n\n<h2 class=\"wp-block-heading\">Uso no Brasil<\/h2>\n\n\n\n<p>Mesmo sem evid\u00eancias cient\u00edficas que comprovem a efic\u00e1cia dos medicamentos contra a Covid-19, o&nbsp;<a href=\"https:\/\/g1.globo.com\/tudo-sobre\/ministerio-da-saude\/\">Minist\u00e9rio da Sa\u00fade<\/a>emitiu, na semana passada, um documento que recomenda o uso deles, no&nbsp;<a href=\"https:\/\/g1.globo.com\/tudo-sobre\/sus\/\">SUS<\/a>, para a doen\u00e7a. A&nbsp;<a href=\"https:\/\/g1.globo.com\/bemestar\/coronavirus\/noticia\/2020\/05\/20\/ministerio-da-saude-divulga-protocolo-que-libera-uso-de-remedio-para-malaria-para-covid-19.ghtml\">recomenda\u00e7\u00e3o inicial<\/a>, lan\u00e7ada sem assinatura,&nbsp;<a href=\"https:\/\/g1.globo.com\/bemestar\/coronavirus\/noticia\/2020\/05\/21\/ministerio-da-saude-divulga-versao-de-orientacoes-sobre-cloroquina-com-asinaturas.ghtml\">teve modifica\u00e7\u00f5es e foi republicada<\/a>.&nbsp;<\/p>\n\n\n\n<p>A recomenda\u00e7\u00e3o das subst\u00e2ncias sem prova de que elas funcionavam contra o novo coronav\u00edrus foi motivo de disc\u00f3rdia entre dois ex-ministros da Sa\u00fade e o presidente\u00a0<a href=\"https:\/\/g1.globo.com\/politica\/politico\/jair-bolsonaro\/\">Jair Bolsonaro<\/a>. Tanto Luiz Henrique Mandetta quanto Nelson Teich, ambos m\u00e9dicos, alertaram para os efeitos colaterais dos rem\u00e9dios, mas, mesmo assim, Bolsonaro defendeu o uso deles para a Covid-19.<\/p>\n\n\n\n<p><a href=\"https:\/\/g1.globo.com\/politica\/noticia\/2020\/04\/16\/mandetta-anuncia-em-rede-social-que-foi-demitido-do-ministerio-da-saude.ghtml\">Mandetta foi demitido<\/a>; Teich&nbsp;<a href=\"https:\/\/g1.globo.com\/politica\/noticia\/2020\/05\/15\/teich-deixa-o-ministerio-da-saude-antes-de-completar-um-mes-no-cargo.ghtml\">pediu demiss\u00e3o menos de um m\u00eas ap\u00f3s assumir o cargo<\/a>. Al\u00e9m da quest\u00e3o da cloroquina,&nbsp;<a href=\"https:\/\/g1.globo.com\/politica\/noticia\/2020\/05\/15\/mandetta-tambem-caiu-apos-discordancias-com-o-presidente-sobre-cloroquina-e-isolamento-vertical.ghtml\">os dois ex-ministros divergiram do presidente quanto ao isolamento social<\/a>.&nbsp;<\/p>\n\n\n\n<p>Logo ap\u00f3s a divulga\u00e7\u00e3o do documento pelo governo brasileiro, que recomendava o uso dos rem\u00e9dios contra a Covid-19, especialistas brasileiros&nbsp;<a href=\"https:\/\/g1.globo.com\/bemestar\/coronavirus\/noticia\/2020\/05\/20\/veja-repercussao-do-novo-protocolo-de-cloroquina.ghtml\">emitiram notas contra a decis\u00e3o<\/a>.&nbsp;<\/p>\n\n\n\n<p>A pr\u00f3pria OMS e a Opas, bra\u00e7o da organiza\u00e7\u00e3o nas Am\u00e9ricas, tamb\u00e9m&nbsp;<a href=\"https:\/\/g1.globo.com\/bemestar\/coronavirus\/noticia\/2020\/05\/19\/nao-ha-evidencias-para-recomendar-cloroquina-e-hidroxicloroquina-contra-a-covid-19-diz-diretor-da-opas.ghtml\">reafirmaram que n\u00e3o recomendam<\/a>&nbsp;nem a cloroquina nem a hidroxicloroquina para tratar a Covid-19&nbsp;<a href=\"https:\/\/g1.globo.com\/bemestar\/coronavirus\/noticia\/2020\/05\/20\/oms-recomenda-que-cloroquina-e-hidroxicloroquina-so-sejam-usadas-contra-a-covid-19-em-ensaios-clinicos.ghtml\">fora de ensaios cl\u00ednicos<\/a>.&nbsp;<\/p>\n\n\n\n<figure class=\"wp-block-image\"><img data-recalc-dims=\"1\" decoding=\"async\" src=\"https:\/\/i0.wp.com\/s02.video.glbimg.com\/x240\/8576321.jpg?w=600&#038;ssl=1\" alt=\"Desenvolvimento de vacinas: diretora da OMS fala em \u2018ambiente extremamente colaborativo\u2019\"\/><\/figure>\n\n\n\n<p><\/p>\n","protected":false},"excerpt":{"rendered":"<p>A decis\u00e3o se refere aos ensaios Solidariedade, iniciativa internacional com 100 pa\u00edses coordenada pela OMS para buscar tratamentos contra a doen\u00e7a. No Brasil, os ensaios s\u00e3o coordenados pela Fiocruz.<\/p>\n","protected":false},"author":1,"featured_media":0,"comment_status":"closed","ping_status":"open","sticky":false,"template":"","format":"standard","meta":{"_exactmetrics_skip_tracking":false,"_exactmetrics_sitenote_active":false,"_exactmetrics_sitenote_note":"","_exactmetrics_sitenote_category":0,"jetpack_post_was_ever_published":false,"_jetpack_newsletter_access":"","_jetpack_dont_email_post_to_subs":false,"_jetpack_newsletter_tier_id":0,"_jetpack_memberships_contains_paywalled_content":false,"_jetpack_memberships_contains_paid_content":false,"footnotes":"","jetpack_publicize_message":"","jetpack_publicize_feature_enabled":true,"jetpack_social_post_already_shared":true,"jetpack_social_options":{"image_generator_settings":{"template":"highway","enabled":false},"version":2}},"categories":[1],"tags":[],"class_list":["post-28365","post","type-post","status-publish","format-standard","hentry","category-notas"],"jetpack_publicize_connections":[],"jetpack_sharing_enabled":true,"jetpack_featured_media_url":"","jetpack_shortlink":"https:\/\/wp.me\/p7wKYW-7nv","jetpack-related-posts":[],"_links":{"self":[{"href":"http:\/\/blogdalucianaoliveira.com.br\/blog\/wp-json\/wp\/v2\/posts\/28365","targetHints":{"allow":["GET"]}}],"collection":[{"href":"http:\/\/blogdalucianaoliveira.com.br\/blog\/wp-json\/wp\/v2\/posts"}],"about":[{"href":"http:\/\/blogdalucianaoliveira.com.br\/blog\/wp-json\/wp\/v2\/types\/post"}],"author":[{"embeddable":true,"href":"http:\/\/blogdalucianaoliveira.com.br\/blog\/wp-json\/wp\/v2\/users\/1"}],"replies":[{"embeddable":true,"href":"http:\/\/blogdalucianaoliveira.com.br\/blog\/wp-json\/wp\/v2\/comments?post=28365"}],"version-history":[{"count":1,"href":"http:\/\/blogdalucianaoliveira.com.br\/blog\/wp-json\/wp\/v2\/posts\/28365\/revisions"}],"predecessor-version":[{"id":28367,"href":"http:\/\/blogdalucianaoliveira.com.br\/blog\/wp-json\/wp\/v2\/posts\/28365\/revisions\/28367"}],"wp:attachment":[{"href":"http:\/\/blogdalucianaoliveira.com.br\/blog\/wp-json\/wp\/v2\/media?parent=28365"}],"wp:term":[{"taxonomy":"category","embeddable":true,"href":"http:\/\/blogdalucianaoliveira.com.br\/blog\/wp-json\/wp\/v2\/categories?post=28365"},{"taxonomy":"post_tag","embeddable":true,"href":"http:\/\/blogdalucianaoliveira.com.br\/blog\/wp-json\/wp\/v2\/tags?post=28365"}],"curies":[{"name":"wp","href":"https:\/\/api.w.org\/{rel}","templated":true}]}}