{"id":28379,"date":"2020-05-25T23:49:43","date_gmt":"2020-05-26T03:49:43","guid":{"rendered":"http:\/\/blogdalucianaoliveira.com.br\/blog\/?p=28379"},"modified":"2020-05-25T23:55:42","modified_gmt":"2020-05-26T03:55:42","slug":"povo-karitiana-perde-indigena-para-a-covid-19-2","status":"publish","type":"post","link":"http:\/\/blogdalucianaoliveira.com.br\/blog\/2020\/05\/25\/povo-karitiana-perde-indigena-para-a-covid-19-2\/","title":{"rendered":"Povo Karitiana perde ind\u00edgena para a Covid-19"},"content":{"rendered":"\n<figure class=\"wp-block-image\"><img decoding=\"async\" src=\"https:\/\/i2.wp.com\/blogdalucianaoliveira.com.br\/blog\/wp-content\/uploads\/2020\/05\/9F654F8A-0896-413A-B5CB-6C56A3407AD3.jpeg?zoom=1.25&amp;fit=498%2C1024\" alt=\"O atributo alt desta imagem est\u00e1 vazio. O nome do arquivo \u00e9 9F654F8A-0896-413A-B5CB-6C56A3407AD3.jpeg\"\/><\/figure>\n\n\n\n<p>Gumercindo da Silva Karitiana, de 66 anos, morava na aldeia Karitiana Central e estava recebendo atendimento da equipe do Distrito Sanit\u00e1rio Especial Ind\u00edgena &#8211; DSEI\/PVH desde o \u00faltimo dia 20  quando foi apresentou os sintomas.<\/p>\n\n\n\n<!--more-->\n\n\n\n<p>Foi encaminhado \u00e0 Unidade de Pronto Atendimento  da Zona Sul  e depois ao Centro de Medicina Tropical de Rond\u00f4nia, o Cemetron, onde ficou internado na UTI.<\/p>\n\n\n\n<p>O quadro de sa\u00fade agravou-se rapidamente e nesta segunda-feira, 25, faleceu por volta das 19 horas.<\/p>\n\n\n\n<p>O ind\u00edgenas Karitiana tem v\u00e1rios infectados e h\u00e1 uma semana pedem socorro em campanhas nas redes sociais.<\/p>\n\n\n\n<p>Para permanecerem isolados nas aldeias dependem de doa\u00e7\u00f5es de materiais de higiene e cestas b\u00e1sicas. <\/p>\n\n\n\n<p>As doa\u00e7\u00f5es de alimentos podem ser entregues na FUNAI, na Rua Gon\u00e7alves dias, 965 OLARIA. <\/p>\n\n\n\n<p>Em dinheiro, atrav\u00e9s do link: <\/p>\n\n\n\n<p>Ou no link: https:\/\/www.catarse.me\/ajudeopovokaritiana<\/p>\n\n\n\n<p>A Associa\u00e7\u00e3o de Defesa Etnoambiental Kanind\u00e9 fez parcerias e conseguiu ajudar v\u00e1rias aldeias, mas sabe-se que alguns ind\u00edgenas se deslocaram para sacar o aux\u00edlio emergencial.<\/p>\n\n\n\n<div class=\"fb-post\" data-href=\"https:\/\/www.facebook.com\/1322963204438419\/posts\/2970391696362220\/?d=n\" data-width=\"552\"><\/div>\n\n\n\n<p><\/p>\n\n\n\n<p>O DSEI de Porto Velho emitiu nota de pesar:<\/p>\n\n\n\n<figure class=\"wp-block-image size-large\"><img loading=\"lazy\" decoding=\"async\" width=\"828\" height=\"1133\" data-attachment-id=\"28374\" data-permalink=\"http:\/\/blogdalucianaoliveira.com.br\/blog\/5f3c97d2-22ea-4156-b5d6-df0a917d97a4\/\" data-orig-file=\"https:\/\/i0.wp.com\/blogdalucianaoliveira.com.br\/blog\/wp-content\/uploads\/2020\/05\/5F3C97D2-22EA-4156-B5D6-DF0A917D97A4.jpeg?fit=828%2C1133\" data-orig-size=\"828,1133\" data-comments-opened=\"0\" data-image-meta=\"{&quot;aperture&quot;:&quot;0&quot;,&quot;credit&quot;:&quot;&quot;,&quot;camera&quot;:&quot;&quot;,&quot;caption&quot;:&quot;&quot;,&quot;created_timestamp&quot;:&quot;0&quot;,&quot;copyright&quot;:&quot;&quot;,&quot;focal_length&quot;:&quot;0&quot;,&quot;iso&quot;:&quot;0&quot;,&quot;shutter_speed&quot;:&quot;0&quot;,&quot;title&quot;:&quot;&quot;,&quot;orientation&quot;:&quot;0&quot;}\" data-image-title=\"5F3C97D2-22EA-4156-B5D6-DF0A917D97A4\" data-image-description=\"\" data-image-caption=\"\" data-medium-file=\"https:\/\/i0.wp.com\/blogdalucianaoliveira.com.br\/blog\/wp-content\/uploads\/2020\/05\/5F3C97D2-22EA-4156-B5D6-DF0A917D97A4.jpeg?fit=219%2C300\" data-large-file=\"https:\/\/i0.wp.com\/blogdalucianaoliveira.com.br\/blog\/wp-content\/uploads\/2020\/05\/5F3C97D2-22EA-4156-B5D6-DF0A917D97A4.jpeg?fit=600%2C821\" src=\"https:\/\/i0.wp.com\/blogdalucianaoliveira.com.br\/blog\/wp-content\/uploads\/2020\/05\/5F3C97D2-22EA-4156-B5D6-DF0A917D97A4.jpeg?fit=600%2C821\" alt=\"\" class=\"wp-image-28374\" srcset=\"https:\/\/i0.wp.com\/blogdalucianaoliveira.com.br\/blog\/wp-content\/uploads\/2020\/05\/5F3C97D2-22EA-4156-B5D6-DF0A917D97A4.jpeg?w=828 828w, https:\/\/i0.wp.com\/blogdalucianaoliveira.com.br\/blog\/wp-content\/uploads\/2020\/05\/5F3C97D2-22EA-4156-B5D6-DF0A917D97A4.jpeg?resize=219%2C300 219w, https:\/\/i0.wp.com\/blogdalucianaoliveira.com.br\/blog\/wp-content\/uploads\/2020\/05\/5F3C97D2-22EA-4156-B5D6-DF0A917D97A4.jpeg?resize=748%2C1024 748w, https:\/\/i0.wp.com\/blogdalucianaoliveira.com.br\/blog\/wp-content\/uploads\/2020\/05\/5F3C97D2-22EA-4156-B5D6-DF0A917D97A4.jpeg?resize=768%2C1051 768w\" sizes=\"auto, (max-width: 600px) 100vw, 600px\" \/><\/figure>\n","protected":false},"excerpt":{"rendered":"<p>Gumercindo da Silva Karitiana, de 66 anos, morava na aldeia Karitiana Central e estava recebendo atendimento da equipe do Distrito Sanit\u00e1rio Especial Ind\u00edgena &#8211; DSEI\/PVH desde o \u00faltimo dia 20 quando foi apresentou os sintomas.<\/p>\n","protected":false},"author":1,"featured_media":28373,"comment_status":"closed","ping_status":"open","sticky":false,"template":"","format":"standard","meta":{"_exactmetrics_skip_tracking":false,"_exactmetrics_sitenote_active":false,"_exactmetrics_sitenote_note":"","_exactmetrics_sitenote_category":0,"jetpack_post_was_ever_published":false,"_jetpack_newsletter_access":"","_jetpack_dont_email_post_to_subs":false,"_jetpack_newsletter_tier_id":0,"_jetpack_memberships_contains_paywalled_content":false,"_jetpack_memberships_contains_paid_content":false,"footnotes":"","jetpack_publicize_message":"","jetpack_publicize_feature_enabled":true,"jetpack_social_post_already_shared":true,"jetpack_social_options":{"image_generator_settings":{"template":"highway","enabled":false},"version":2}},"categories":[1],"tags":[],"class_list":["post-28379","post","type-post","status-publish","format-standard","has-post-thumbnail","hentry","category-notas"],"jetpack_publicize_connections":[],"jetpack_sharing_enabled":true,"jetpack_featured_media_url":"https:\/\/i0.wp.com\/blogdalucianaoliveira.com.br\/blog\/wp-content\/uploads\/2020\/05\/9F654F8A-0896-413A-B5CB-6C56A3407AD3.jpeg?fit=720%2C1480","jetpack_shortlink":"https:\/\/wp.me\/p7wKYW-7nJ","jetpack-related-posts":[],"_links":{"self":[{"href":"http:\/\/blogdalucianaoliveira.com.br\/blog\/wp-json\/wp\/v2\/posts\/28379","targetHints":{"allow":["GET"]}}],"collection":[{"href":"http:\/\/blogdalucianaoliveira.com.br\/blog\/wp-json\/wp\/v2\/posts"}],"about":[{"href":"http:\/\/blogdalucianaoliveira.com.br\/blog\/wp-json\/wp\/v2\/types\/post"}],"author":[{"embeddable":true,"href":"http:\/\/blogdalucianaoliveira.com.br\/blog\/wp-json\/wp\/v2\/users\/1"}],"replies":[{"embeddable":true,"href":"http:\/\/blogdalucianaoliveira.com.br\/blog\/wp-json\/wp\/v2\/comments?post=28379"}],"version-history":[{"count":2,"href":"http:\/\/blogdalucianaoliveira.com.br\/blog\/wp-json\/wp\/v2\/posts\/28379\/revisions"}],"predecessor-version":[{"id":28381,"href":"http:\/\/blogdalucianaoliveira.com.br\/blog\/wp-json\/wp\/v2\/posts\/28379\/revisions\/28381"}],"wp:featuredmedia":[{"embeddable":true,"href":"http:\/\/blogdalucianaoliveira.com.br\/blog\/wp-json\/wp\/v2\/media\/28373"}],"wp:attachment":[{"href":"http:\/\/blogdalucianaoliveira.com.br\/blog\/wp-json\/wp\/v2\/media?parent=28379"}],"wp:term":[{"taxonomy":"category","embeddable":true,"href":"http:\/\/blogdalucianaoliveira.com.br\/blog\/wp-json\/wp\/v2\/categories?post=28379"},{"taxonomy":"post_tag","embeddable":true,"href":"http:\/\/blogdalucianaoliveira.com.br\/blog\/wp-json\/wp\/v2\/tags?post=28379"}],"curies":[{"name":"wp","href":"https:\/\/api.w.org\/{rel}","templated":true}]}}