{"id":28383,"date":"2020-05-26T00:52:25","date_gmt":"2020-05-26T04:52:25","guid":{"rendered":"http:\/\/blogdalucianaoliveira.com.br\/blog\/?p=28383"},"modified":"2020-05-26T00:52:28","modified_gmt":"2020-05-26T04:52:28","slug":"coordenadora-da-kaninde-denuncia-despreparo-no-atendimento-a-pacientes-de-covid-19","status":"publish","type":"post","link":"http:\/\/blogdalucianaoliveira.com.br\/blog\/2020\/05\/26\/coordenadora-da-kaninde-denuncia-despreparo-no-atendimento-a-pacientes-de-covid-19\/","title":{"rendered":"Coordenadora da Kanind\u00e9 denuncia despreparo no atendimento a pacientes de Covid-19"},"content":{"rendered":"\n<figure class=\"wp-block-image size-large\"><img data-recalc-dims=\"1\" loading=\"lazy\" decoding=\"async\" width=\"600\" height=\"341\" data-attachment-id=\"28384\" data-permalink=\"http:\/\/blogdalucianaoliveira.com.br\/blog\/2020\/05\/26\/coordenadora-da-kaninde-denuncia-despreparo-no-atendimento-a-pacientes-de-covid-19\/nei\/\" data-orig-file=\"https:\/\/i0.wp.com\/blogdalucianaoliveira.com.br\/blog\/wp-content\/uploads\/2020\/05\/nei.jpg?fit=812%2C462\" data-orig-size=\"812,462\" data-comments-opened=\"0\" data-image-meta=\"{&quot;aperture&quot;:&quot;0&quot;,&quot;credit&quot;:&quot;&quot;,&quot;camera&quot;:&quot;&quot;,&quot;caption&quot;:&quot;&quot;,&quot;created_timestamp&quot;:&quot;0&quot;,&quot;copyright&quot;:&quot;&quot;,&quot;focal_length&quot;:&quot;0&quot;,&quot;iso&quot;:&quot;0&quot;,&quot;shutter_speed&quot;:&quot;0&quot;,&quot;title&quot;:&quot;&quot;,&quot;orientation&quot;:&quot;0&quot;}\" data-image-title=\"nei\" data-image-description=\"\" data-image-caption=\"\" data-medium-file=\"https:\/\/i0.wp.com\/blogdalucianaoliveira.com.br\/blog\/wp-content\/uploads\/2020\/05\/nei.jpg?fit=300%2C171\" data-large-file=\"https:\/\/i0.wp.com\/blogdalucianaoliveira.com.br\/blog\/wp-content\/uploads\/2020\/05\/nei.jpg?fit=600%2C341\" src=\"https:\/\/i0.wp.com\/blogdalucianaoliveira.com.br\/blog\/wp-content\/uploads\/2020\/05\/nei.jpg?resize=600%2C341\" alt=\"\" class=\"wp-image-28384\" srcset=\"https:\/\/i0.wp.com\/blogdalucianaoliveira.com.br\/blog\/wp-content\/uploads\/2020\/05\/nei.jpg?w=812 812w, https:\/\/i0.wp.com\/blogdalucianaoliveira.com.br\/blog\/wp-content\/uploads\/2020\/05\/nei.jpg?resize=300%2C171 300w, https:\/\/i0.wp.com\/blogdalucianaoliveira.com.br\/blog\/wp-content\/uploads\/2020\/05\/nei.jpg?resize=768%2C437 768w, https:\/\/i0.wp.com\/blogdalucianaoliveira.com.br\/blog\/wp-content\/uploads\/2020\/05\/nei.jpg?resize=527%2C300 527w\" sizes=\"auto, (max-width: 600px) 100vw, 600px\" \/><\/figure>\n\n\n\n<p>Ivaneide Bandeira usou as redes sociais enquanto aguardava atendimento para mostrar que n\u00e3o sabem como acolher pacientes do novo coronav\u00edrus na rede p\u00fablica e privada de sa\u00fade da capital.<\/p>\n\n\n\n<p>Ela gravou v\u00eddeos desde que inciou a busca por socorro quando passou mal nesta segunda-feira.<\/p>\n\n\n\n<!--more-->\n\n\n\n<p>Com Covid-19 h\u00e1  10 dias foi orientada por telefone a se dirigir \u00e0 Unidade de Pronto Atendimento da Zona Sul que estava passando por uma desinfec\u00e7\u00e3o e s\u00f3 abriria ap\u00f3s o procedimento.<\/p>\n\n\n\n<p>A mandaram para a UPA da Zona Leste onde chegando, lhe disseram para dar retornar de onde veio. <\/p>\n\n\n\n<p>Ivaneide ficou em fila e recep\u00e7\u00e3o com outras pessoas, esperou duas horas para saber que a m\u00e1quina do exame de raio-x estava quebrada e que teria que aguardar o conserto.<\/p>\n\n\n\n<p>&#8220;Minha maior preocupa\u00e7\u00e3o era com as outras pessoas que estavam dividindo o espa\u00e7o comigo, mas quando questionei ouvi que &#8220;quem estava ali, devia estar com a mesma doen\u00e7a&#8221;.<\/p>\n\n\n\n<p> J\u00e1 no fim da tarde, Ivaneide decidiu fazer o exame no Hospital 9 de Julho.<\/p>\n\n\n\n<p>Mais uma longa espera at\u00e9 finalmente ser atendida pelo m\u00e9dico de plant\u00e3o por volta das 21 horas. <\/p>\n\n\n\n<p>Ou\u00e7a o relato:<\/p>\n\n\n\n<iframe loading=\"lazy\" src=\"https:\/\/www.facebook.com\/plugins\/video.php?href=https%3A%2F%2Fwww.facebook.com%2FLucianaoliveirapvh%2Fvideos%2F288131148885371%2F&#038;show_text=0&#038;width=560\" width=\"560\" height=\"316\" style=\"border:none;overflow:hidden\" scrolling=\"no\" frameborder=\"0\" allowTransparency=\"true\" allowFullScreen=\"true\"><\/iframe>\n","protected":false},"excerpt":{"rendered":"<p>Ivaneide Bandeira usou as redes sociais enquanto aguardava atendimento para mostrar que n\u00e3o sabem como acolher pacientes do novo coronav\u00edrus na rede p\u00fablica e privada de sa\u00fade da capital. Ela gravou v\u00eddeos desde que inciou a busca por socorro quando passou mal nesta segunda-feira.<\/p>\n","protected":false},"author":1,"featured_media":0,"comment_status":"closed","ping_status":"open","sticky":false,"template":"","format":"standard","meta":{"_exactmetrics_skip_tracking":false,"_exactmetrics_sitenote_active":false,"_exactmetrics_sitenote_note":"","_exactmetrics_sitenote_category":0,"jetpack_post_was_ever_published":false,"_jetpack_newsletter_access":"","_jetpack_dont_email_post_to_subs":false,"_jetpack_newsletter_tier_id":0,"_jetpack_memberships_contains_paywalled_content":false,"_jetpack_memberships_contains_paid_content":false,"footnotes":"","jetpack_publicize_message":"","jetpack_publicize_feature_enabled":true,"jetpack_social_post_already_shared":true,"jetpack_social_options":{"image_generator_settings":{"template":"highway","enabled":false},"version":2}},"categories":[1],"tags":[],"class_list":["post-28383","post","type-post","status-publish","format-standard","hentry","category-notas"],"jetpack_publicize_connections":[],"jetpack_sharing_enabled":true,"jetpack_featured_media_url":"","jetpack_shortlink":"https:\/\/wp.me\/p7wKYW-7nN","jetpack-related-posts":[],"_links":{"self":[{"href":"http:\/\/blogdalucianaoliveira.com.br\/blog\/wp-json\/wp\/v2\/posts\/28383","targetHints":{"allow":["GET"]}}],"collection":[{"href":"http:\/\/blogdalucianaoliveira.com.br\/blog\/wp-json\/wp\/v2\/posts"}],"about":[{"href":"http:\/\/blogdalucianaoliveira.com.br\/blog\/wp-json\/wp\/v2\/types\/post"}],"author":[{"embeddable":true,"href":"http:\/\/blogdalucianaoliveira.com.br\/blog\/wp-json\/wp\/v2\/users\/1"}],"replies":[{"embeddable":true,"href":"http:\/\/blogdalucianaoliveira.com.br\/blog\/wp-json\/wp\/v2\/comments?post=28383"}],"version-history":[{"count":1,"href":"http:\/\/blogdalucianaoliveira.com.br\/blog\/wp-json\/wp\/v2\/posts\/28383\/revisions"}],"predecessor-version":[{"id":28385,"href":"http:\/\/blogdalucianaoliveira.com.br\/blog\/wp-json\/wp\/v2\/posts\/28383\/revisions\/28385"}],"wp:attachment":[{"href":"http:\/\/blogdalucianaoliveira.com.br\/blog\/wp-json\/wp\/v2\/media?parent=28383"}],"wp:term":[{"taxonomy":"category","embeddable":true,"href":"http:\/\/blogdalucianaoliveira.com.br\/blog\/wp-json\/wp\/v2\/categories?post=28383"},{"taxonomy":"post_tag","embeddable":true,"href":"http:\/\/blogdalucianaoliveira.com.br\/blog\/wp-json\/wp\/v2\/tags?post=28383"}],"curies":[{"name":"wp","href":"https:\/\/api.w.org\/{rel}","templated":true}]}}