{"id":28386,"date":"2020-05-26T10:40:17","date_gmt":"2020-05-26T14:40:17","guid":{"rendered":"http:\/\/blogdalucianaoliveira.com.br\/blog\/?p=28386"},"modified":"2020-05-26T10:40:27","modified_gmt":"2020-05-26T14:40:27","slug":"o-brasil-em-perigo","status":"publish","type":"post","link":"http:\/\/blogdalucianaoliveira.com.br\/blog\/2020\/05\/26\/o-brasil-em-perigo\/","title":{"rendered":"O Brasil em perigo"},"content":{"rendered":"\n<figure class=\"wp-block-image\"><img decoding=\"async\" src=\"https:\/\/imagens.brasil.elpais.com\/resizer\/PNpjMUd43xYyoeZAYAMieoikAk4=\/1500x0\/cloudfront-eu-central-1.images.arcpublishing.com\/prisa\/S353432T3JAQXEMTCD53XBOW4E.aspx\" alt=\"O presidente Jair Bolsonaro acena para simpatizantes no \u00faltimo domingo, em Bras\u00edlia.\"\/><\/figure>\n\n\n\n<p>Pa\u00eds se encaminha para o pico da pandemia em um contexto pol\u00edtico que acarreta graves riscos<\/p>\n\n\n\n<!--more-->\n\n\n\n<p>Editorial El Pa\u00eds<\/p>\n\n\n\n<p>Com a Am\u00e9rica Latina transformada num\u00a0<a rel=\"noreferrer noopener\" href=\"https:\/\/brasil.elpais.com\/sociedade\/2020-05-24\/crise-do-coronavirus-se-acelera-no-brasil-e-faz-america-latina-concentrar-metade-dos-casos-no-mundo.html\" target=\"_blank\">novo epicentro do\u00a0<strong>coronav\u00edrus<\/strong><\/a>, o Brasil \u00e9 o pa\u00eds mais preocupante. Os quase 375.000 cont\u00e1gios e mais de 23.000 mortos fazem dele o mais afetado da regi\u00e3o e\u00a0<a rel=\"noreferrer noopener\" href=\"https:\/\/brasil.elpais.com\/sociedade\/2020-05-25\/estados-unidos-suspendem-a-entrada-de-pessoas-vindas-do-brasil-por-causa-do-coronavirus.html\" target=\"_blank\">o segundo do mundo<\/a>\u00a0em n\u00famero de casos. Mas a isso se somam uma\u00a0<a rel=\"noreferrer noopener\" href=\"https:\/\/brasil.elpais.com\/brasil\/2020-05-26\/brasil-chega-aos-tres-meses-de-crise-com-23473-mortes-por-covid-19-e-sem-plano-para-frear-doenca.html\" target=\"_blank\">gest\u00e3o err\u00e1tica da pandemia<\/a>\u00a0e uma\u00a0<a rel=\"noreferrer noopener\" href=\"https:\/\/brasil.elpais.com\/brasil\/2020-05-23\/video-da-reuniao-de-bolsonaro-evidencia-descaso-com-pandemia-que-ja-matou-mais-de-21000.html\" target=\"_blank\">grave crise pol\u00edtico-institucional<\/a>, com flertes ao golpismo, o que, al\u00e9m de grav\u00edssimo, desvia a aten\u00e7\u00e3o num momento em que o\u00a0<a rel=\"noreferrer noopener\" href=\"https:\/\/brasil.elpais.com\/internacional\/2020-03-30\/um-mundo-em-quarentena-busca-saidas-para-a-crise.html\" target=\"_blank\">combate ao coronav\u00edrus<\/a>\u00a0deveria ser a prioridade de toda a classe pol\u00edtica brasileira. O presidente Jair Bolsonaro n\u00e3o s\u00f3 age de maneira irrespons\u00e1vel\u00a0<a rel=\"noreferrer noopener\" href=\"https:\/\/brasil.elpais.com\/brasil\/2020-05-24\/alheio-a-22000-mortes-no-brasil-bolsonaro-faz-ato-e-sobe-tom-contra-stf-nas-redes.html\" target=\"_blank\">ao ignorar a quarentena<\/a>\u00a0como tamb\u00e9m\u00a0<a rel=\"noreferrer noopener\" href=\"https:\/\/brasil.elpais.com\/brasil\/2020-05-15\/brasil-perde-segundo-ministro-da-saude-sob-pressao-de-bolsonaro-para-abrir-economia-e-por-uso-da-cloroquina.html\" target=\"_blank\">provocou a demiss\u00e3o de dois ministros da Sa\u00fade<\/a>\u00a0e\u00a0<a rel=\"noreferrer noopener\" href=\"https:\/\/brasil.elpais.com\/brasil\/2020-05-08\/bolsonaro-forca-reuniao-midiatica-com-stf-para-tentar-dividir-a-conta-da-crise-economica-do-coronavirus.html\" target=\"_blank\">boicota os esfor\u00e7os dos governadores<\/a>\u00a0para tentar controlar uma epidemia\u00a0<a rel=\"noreferrer noopener\" href=\"https:\/\/brasil.elpais.com\/brasil\/2020-05-15\/brasil-distribui-a-metade-dos-testes-de-covid-19-que-prometeu-e-nao-tem-ideia-de-quantos-deles-foram-feitos.html\" target=\"_blank\">cuja magnitude real se desconhece<\/a>, porque a quantidade de testes realizados \u00e9 m\u00ednima. A maioria de governadores conseguiu deixar de lado suas diferen\u00e7as pol\u00edticas em nome de um consenso b\u00e1sico: seguir as recomenda\u00e7\u00f5es da ci\u00eancia. A cada dia,\u00a0<a rel=\"noreferrer noopener\" href=\"https:\/\/brasil.elpais.com\/brasil\/2020-05-09\/a-busca-por-uma-uti-para-ivanildo-vieira-escancara-um-sistema-de-saude-que-ja-entrou-em-colapso.html\" target=\"_blank\">mais UTIs se aproximam do seu limite<\/a>\u00a0e mais covas s\u00e3o cavadas nos cemit\u00e9rios, enquanto o presidente insiste em dar as costas \u00e0s recomenda\u00e7\u00f5es dos especialistas, promovendo um\u00a0<a rel=\"noreferrer noopener\" href=\"https:\/\/brasil.elpais.com\/ciencia\/2020-05-25\/o-que-fez-a-oms-suspender-os-ensaios-com-a-hidroxicloroquina.html\" target=\"_blank\">medicamento com potencial letal<\/a>\u00a0e pressionando as empresas a reabrirem. Aos olhos de Bolsonaro, a \u00fanica preocupa\u00e7\u00e3o \u00e9 com os efeitos da hecatombe econ\u00f4mica, que frustraria uma eventual reelei\u00e7\u00e3o em 2022.<\/p>\n\n\n\n<p>A oposi\u00e7\u00e3o apresentou&nbsp;<a href=\"https:\/\/elpais.com\/Comentario\/1590076031-b1356434aa105a854b1576a0bbe3d9f7\" target=\"_blank\" rel=\"noreferrer noopener\">v\u00e1rios pedidos de&nbsp;<em>impeachment<\/em><\/a>&nbsp;contra ele por sua recusa em administrar a pandemia, mas seu problema mais urgente \u00e9 uma&nbsp;<a href=\"https:\/\/brasil.elpais.com\/brasil\/2020-05-23\/reuniao-expoe-ao-menos-dois-crimes-de-bolsonaro-apontam-juristas.html\" target=\"_blank\" rel=\"noreferrer noopener\">investiga\u00e7\u00e3o no STF sobre a suposta inger\u00eancia na c\u00fapula da Pol\u00edcia Federal<\/a>&nbsp;para proteger a sua fam\u00edlia. O v\u00eddeo de uma recente reuni\u00e3o ministerial mostra um presidente para quem defender seu cl\u00e3 e armar a popula\u00e7\u00e3o est\u00e3o acima do interesse geral. As&nbsp;<a href=\"https:\/\/brasil.elpais.com\/brasil\/2020-05-24\/tensao-entre-supremo-e-planalto-escala-e-ministro-da-defesa-faz-inusual-aceno-a-bolsonaro.html\" target=\"_blank\" rel=\"noreferrer noopener\">amea\u00e7as contra a separa\u00e7\u00e3o de poderes<\/a>&nbsp;ali lan\u00e7adas por alguns ministros s\u00e3o inadmiss\u00edveis, e o ros\u00e1rio de insultos vertido pelo presidente constitui uma intoler\u00e1vel afronta \u00e0s institui\u00e7\u00f5es.<\/p>\n\n\n\n<p>Bolsonaro est\u00e1 obtendo&nbsp;<a href=\"https:\/\/brasil.elpais.com\/brasil\/2020-05-22\/centrao-ja-administra-73-bilhoes-de-reais-no-governo-bolsonaro.html\" target=\"_blank\" rel=\"noreferrer noopener\">apoio parlamentar em troca de cargos<\/a>, para impedir uma destitui\u00e7\u00e3o enquanto concede mais poderes aos militares em seu Governo. Estes j\u00e1 dirigem 10 dos 22 minist\u00e9rios, inclu\u00eddo o da Sa\u00fade, interinamente. Mais inquietante \u00e9 o apoio t\u00e1cito do presidente aos discursos golpistas de seus seguidores, que pedem o fechamento do Congresso e do Supremo Tribunal Federal, e as amea\u00e7as veladas pronunciadas por alguns de seus ministros mais pr\u00f3ximos. Nas \u00faltimas semanas, o ministro da Defesa veio a p\u00fablico em tr\u00eas ocasi\u00f5es para reafirmar o apego das For\u00e7as Armadas \u00e0 Constitui\u00e7\u00e3o. Numa democracia consolidada, isso deveria ser desnecess\u00e1rio. O Brasil se encaminha para o pico da pandemia em um contexto pol\u00edtico que acarreta graves riscos.<\/p>\n","protected":false},"excerpt":{"rendered":"<p>Pa\u00eds se encaminha para o pico da pandemia em um contexto pol\u00edtico que acarreta graves riscos<\/p>\n","protected":false},"author":1,"featured_media":0,"comment_status":"closed","ping_status":"open","sticky":false,"template":"","format":"standard","meta":{"_exactmetrics_skip_tracking":false,"_exactmetrics_sitenote_active":false,"_exactmetrics_sitenote_note":"","_exactmetrics_sitenote_category":0,"jetpack_post_was_ever_published":false,"_jetpack_newsletter_access":"","_jetpack_dont_email_post_to_subs":false,"_jetpack_newsletter_tier_id":0,"_jetpack_memberships_contains_paywalled_content":false,"_jetpack_memberships_contains_paid_content":false,"footnotes":"","jetpack_publicize_message":"","jetpack_publicize_feature_enabled":true,"jetpack_social_post_already_shared":true,"jetpack_social_options":{"image_generator_settings":{"template":"highway","enabled":false},"version":2}},"categories":[1],"tags":[],"class_list":["post-28386","post","type-post","status-publish","format-standard","hentry","category-notas"],"jetpack_publicize_connections":[],"jetpack_sharing_enabled":true,"jetpack_featured_media_url":"","jetpack_shortlink":"https:\/\/wp.me\/p7wKYW-7nQ","jetpack-related-posts":[],"_links":{"self":[{"href":"http:\/\/blogdalucianaoliveira.com.br\/blog\/wp-json\/wp\/v2\/posts\/28386","targetHints":{"allow":["GET"]}}],"collection":[{"href":"http:\/\/blogdalucianaoliveira.com.br\/blog\/wp-json\/wp\/v2\/posts"}],"about":[{"href":"http:\/\/blogdalucianaoliveira.com.br\/blog\/wp-json\/wp\/v2\/types\/post"}],"author":[{"embeddable":true,"href":"http:\/\/blogdalucianaoliveira.com.br\/blog\/wp-json\/wp\/v2\/users\/1"}],"replies":[{"embeddable":true,"href":"http:\/\/blogdalucianaoliveira.com.br\/blog\/wp-json\/wp\/v2\/comments?post=28386"}],"version-history":[{"count":1,"href":"http:\/\/blogdalucianaoliveira.com.br\/blog\/wp-json\/wp\/v2\/posts\/28386\/revisions"}],"predecessor-version":[{"id":28387,"href":"http:\/\/blogdalucianaoliveira.com.br\/blog\/wp-json\/wp\/v2\/posts\/28386\/revisions\/28387"}],"wp:attachment":[{"href":"http:\/\/blogdalucianaoliveira.com.br\/blog\/wp-json\/wp\/v2\/media?parent=28386"}],"wp:term":[{"taxonomy":"category","embeddable":true,"href":"http:\/\/blogdalucianaoliveira.com.br\/blog\/wp-json\/wp\/v2\/categories?post=28386"},{"taxonomy":"post_tag","embeddable":true,"href":"http:\/\/blogdalucianaoliveira.com.br\/blog\/wp-json\/wp\/v2\/tags?post=28386"}],"curies":[{"name":"wp","href":"https:\/\/api.w.org\/{rel}","templated":true}]}}