{"id":28390,"date":"2020-05-26T11:37:40","date_gmt":"2020-05-26T15:37:40","guid":{"rendered":"http:\/\/blogdalucianaoliveira.com.br\/blog\/?p=28390"},"modified":"2020-05-26T12:02:12","modified_gmt":"2020-05-26T16:02:12","slug":"tv-france-24-brasil-la-nueva-meca-de-la-musica-evangelica","status":"publish","type":"post","link":"http:\/\/blogdalucianaoliveira.com.br\/blog\/2020\/05\/26\/tv-france-24-brasil-la-nueva-meca-de-la-musica-evangelica\/","title":{"rendered":"TV FRANCE 24: Brasil, la nueva meca de la m\u00fasica evang\u00e9lica"},"content":{"rendered":"\n<figure class=\"wp-block-embed-youtube wp-block-embed is-type-video is-provider-youtube wp-embed-aspect-16-9 wp-has-aspect-ratio\"><div class=\"wp-block-embed__wrapper\">\n<div class=\"jetpack-video-wrapper\"><iframe loading=\"lazy\" title=\"Brasil, la nueva meca de la m\u00fasica evang\u00e9lica\" width=\"600\" height=\"338\" src=\"https:\/\/www.youtube.com\/embed\/V5oqjgrskUo?feature=oembed\" frameborder=\"0\" allow=\"accelerometer; autoplay; clipboard-write; encrypted-media; gyroscope; picture-in-picture; web-share\" referrerpolicy=\"strict-origin-when-cross-origin\" allowfullscreen><\/iframe><\/div>\n<\/div><\/figure>\n\n\n\n<p><br>Document\u00e1rio por Val\u00e9ria Saccone  e Louise Raulais &#8211; Embora esta na\u00e7\u00e3o latino-americana tenha uma profunda tradi\u00e7\u00e3o cat\u00f3lica, nos \u00faltimos anos a Igreja Evang\u00e9lica ganhou maior destaque depois de apoiar a candidatura de Jair Bolsonaro a chegar \u00e0 Presid\u00eancia e a 31% da popula\u00e7\u00e3o, ou seja, 65 milh\u00f5es  de pessoas, declararam-se praticantes dessa religi\u00e3o que est\u00e1 ganhando cada vez mais seguidores, mesmo na esfera musical, na qual tamb\u00e9m cresceu o g\u00eanero gospel, colocando o Brasil como o segundo maior mercado do mundo, perdendo apenas para os Estados Unidos.<\/p>\n\n\n\n<!--more-->\n\n\n\n<p>veja document\u00e1rio: <\/p>\n\n\n\n<figure class=\"wp-block-embed-youtube wp-block-embed is-type-video is-provider-youtube wp-embed-aspect-16-9 wp-has-aspect-ratio\"><div class=\"wp-block-embed__wrapper\">\n<div class=\"jetpack-video-wrapper\"><iframe loading=\"lazy\" title=\"Brasil, la nueva meca de la m\u00fasica evang\u00e9lica\" width=\"600\" height=\"338\" src=\"https:\/\/www.youtube.com\/embed\/V5oqjgrskUo?feature=oembed\" frameborder=\"0\" allow=\"accelerometer; autoplay; clipboard-write; encrypted-media; gyroscope; picture-in-picture; web-share\" referrerpolicy=\"strict-origin-when-cross-origin\" allowfullscreen><\/iframe><\/div>\n<\/div><\/figure>\n","protected":false},"excerpt":{"rendered":"<p>Document\u00e1rio por Val\u00e9ria Saccone e Louise Raulais &#8211; Embora esta na\u00e7\u00e3o latino-americana tenha uma profunda tradi\u00e7\u00e3o cat\u00f3lica, nos \u00faltimos anos a Igreja Evang\u00e9lica ganhou maior destaque depois de apoiar a candidatura de Jair Bolsonaro a chegar \u00e0 Presid\u00eancia e a 31% da popula\u00e7\u00e3o, ou seja, 65 milh\u00f5es de pessoas, declararam-se praticantes dessa religi\u00e3o que est\u00e1&#8230;<a class=\"more-link\" href=\"http:\/\/blogdalucianaoliveira.com.br\/blog\/2020\/05\/26\/tv-france-24-brasil-la-nueva-meca-de-la-musica-evangelica\/\">Continue a leitura <span class=\"meta-nav\">&raquo;<\/span><\/a><\/p>\n","protected":false},"author":1,"featured_media":0,"comment_status":"closed","ping_status":"open","sticky":false,"template":"","format":"standard","meta":{"_exactmetrics_skip_tracking":false,"_exactmetrics_sitenote_active":false,"_exactmetrics_sitenote_note":"","_exactmetrics_sitenote_category":0,"jetpack_post_was_ever_published":false,"_jetpack_newsletter_access":"","_jetpack_dont_email_post_to_subs":false,"_jetpack_newsletter_tier_id":0,"_jetpack_memberships_contains_paywalled_content":false,"_jetpack_memberships_contains_paid_content":false,"footnotes":"","jetpack_publicize_message":"","jetpack_publicize_feature_enabled":true,"jetpack_social_post_already_shared":true,"jetpack_social_options":{"image_generator_settings":{"template":"highway","enabled":false},"version":2}},"categories":[1],"tags":[],"class_list":["post-28390","post","type-post","status-publish","format-standard","hentry","category-notas"],"jetpack_publicize_connections":[],"jetpack_sharing_enabled":true,"jetpack_featured_media_url":"","jetpack_shortlink":"https:\/\/wp.me\/p7wKYW-7nU","jetpack-related-posts":[],"_links":{"self":[{"href":"http:\/\/blogdalucianaoliveira.com.br\/blog\/wp-json\/wp\/v2\/posts\/28390","targetHints":{"allow":["GET"]}}],"collection":[{"href":"http:\/\/blogdalucianaoliveira.com.br\/blog\/wp-json\/wp\/v2\/posts"}],"about":[{"href":"http:\/\/blogdalucianaoliveira.com.br\/blog\/wp-json\/wp\/v2\/types\/post"}],"author":[{"embeddable":true,"href":"http:\/\/blogdalucianaoliveira.com.br\/blog\/wp-json\/wp\/v2\/users\/1"}],"replies":[{"embeddable":true,"href":"http:\/\/blogdalucianaoliveira.com.br\/blog\/wp-json\/wp\/v2\/comments?post=28390"}],"version-history":[{"count":2,"href":"http:\/\/blogdalucianaoliveira.com.br\/blog\/wp-json\/wp\/v2\/posts\/28390\/revisions"}],"predecessor-version":[{"id":28396,"href":"http:\/\/blogdalucianaoliveira.com.br\/blog\/wp-json\/wp\/v2\/posts\/28390\/revisions\/28396"}],"wp:attachment":[{"href":"http:\/\/blogdalucianaoliveira.com.br\/blog\/wp-json\/wp\/v2\/media?parent=28390"}],"wp:term":[{"taxonomy":"category","embeddable":true,"href":"http:\/\/blogdalucianaoliveira.com.br\/blog\/wp-json\/wp\/v2\/categories?post=28390"},{"taxonomy":"post_tag","embeddable":true,"href":"http:\/\/blogdalucianaoliveira.com.br\/blog\/wp-json\/wp\/v2\/tags?post=28390"}],"curies":[{"name":"wp","href":"https:\/\/api.w.org\/{rel}","templated":true}]}}