{"id":28393,"date":"2020-05-26T11:49:31","date_gmt":"2020-05-26T15:49:31","guid":{"rendered":"http:\/\/blogdalucianaoliveira.com.br\/blog\/?p=28393"},"modified":"2020-05-26T11:49:40","modified_gmt":"2020-05-26T15:49:40","slug":"povos-indigenas-e-a-dupla-ameaca","status":"publish","type":"post","link":"http:\/\/blogdalucianaoliveira.com.br\/blog\/2020\/05\/26\/povos-indigenas-e-a-dupla-ameaca\/","title":{"rendered":"Povos Ind\u00edgenas e a dupla amea\u00e7a"},"content":{"rendered":"\n<figure class=\"wp-block-image size-large\"><img loading=\"lazy\" decoding=\"async\" width=\"1280\" height=\"851\" data-attachment-id=\"28394\" data-permalink=\"http:\/\/blogdalucianaoliveira.com.br\/blog\/2020\/05\/26\/povos-indigenas-e-a-dupla-ameaca\/568a8b28-1b25-48a1-81f8-5ea64264f19d\/\" data-orig-file=\"https:\/\/i0.wp.com\/blogdalucianaoliveira.com.br\/blog\/wp-content\/uploads\/2020\/05\/568A8B28-1B25-48A1-81F8-5EA64264F19D.jpeg?fit=1280%2C851\" data-orig-size=\"1280,851\" data-comments-opened=\"0\" data-image-meta=\"{&quot;aperture&quot;:&quot;0&quot;,&quot;credit&quot;:&quot;&quot;,&quot;camera&quot;:&quot;&quot;,&quot;caption&quot;:&quot;&quot;,&quot;created_timestamp&quot;:&quot;0&quot;,&quot;copyright&quot;:&quot;&quot;,&quot;focal_length&quot;:&quot;0&quot;,&quot;iso&quot;:&quot;0&quot;,&quot;shutter_speed&quot;:&quot;0&quot;,&quot;title&quot;:&quot;&quot;,&quot;orientation&quot;:&quot;1&quot;}\" data-image-title=\"568A8B28-1B25-48A1-81F8-5EA64264F19D\" data-image-description=\"\" data-image-caption=\"\" data-medium-file=\"https:\/\/i0.wp.com\/blogdalucianaoliveira.com.br\/blog\/wp-content\/uploads\/2020\/05\/568A8B28-1B25-48A1-81F8-5EA64264F19D.jpeg?fit=300%2C199\" data-large-file=\"https:\/\/i0.wp.com\/blogdalucianaoliveira.com.br\/blog\/wp-content\/uploads\/2020\/05\/568A8B28-1B25-48A1-81F8-5EA64264F19D.jpeg?fit=600%2C399\" src=\"https:\/\/i0.wp.com\/blogdalucianaoliveira.com.br\/blog\/wp-content\/uploads\/2020\/05\/568A8B28-1B25-48A1-81F8-5EA64264F19D.jpeg?fit=600%2C399\" alt=\"\" class=\"wp-image-28394\" srcset=\"https:\/\/i0.wp.com\/blogdalucianaoliveira.com.br\/blog\/wp-content\/uploads\/2020\/05\/568A8B28-1B25-48A1-81F8-5EA64264F19D.jpeg?w=1280 1280w, https:\/\/i0.wp.com\/blogdalucianaoliveira.com.br\/blog\/wp-content\/uploads\/2020\/05\/568A8B28-1B25-48A1-81F8-5EA64264F19D.jpeg?resize=300%2C199 300w, https:\/\/i0.wp.com\/blogdalucianaoliveira.com.br\/blog\/wp-content\/uploads\/2020\/05\/568A8B28-1B25-48A1-81F8-5EA64264F19D.jpeg?resize=1024%2C681 1024w, https:\/\/i0.wp.com\/blogdalucianaoliveira.com.br\/blog\/wp-content\/uploads\/2020\/05\/568A8B28-1B25-48A1-81F8-5EA64264F19D.jpeg?resize=768%2C511 768w, https:\/\/i0.wp.com\/blogdalucianaoliveira.com.br\/blog\/wp-content\/uploads\/2020\/05\/568A8B28-1B25-48A1-81F8-5EA64264F19D.jpeg?resize=451%2C300 451w, https:\/\/i0.wp.com\/blogdalucianaoliveira.com.br\/blog\/wp-content\/uploads\/2020\/05\/568A8B28-1B25-48A1-81F8-5EA64264F19D.jpeg?w=1200 1200w\" sizes=\"auto, (max-width: 600px) 100vw, 600px\" \/><\/figure>\n\n\n\n<p>Eram 9 ind\u00edgenas Karitiana infectados com a Covid-19. <\/p>\n\n\n\n<p>Gumercindo Karitiana morreu ontem, aos 66 anos, na aldeia Central.<\/p>\n\n\n\n<!--more-->\n\n\n\n<p>O ritual f\u00fanebre para preservar a cultura dessa etnia ser\u00e1 mantido ap\u00f3s enterro. Sem o corpo. <\/p>\n\n\n\n<p>V\u00e1rios outros ind\u00edgenas da aldeia apresentam sintomas da doen\u00e7a. <\/p>\n\n\n\n<p>Os Karitiana como os demais ind\u00edgenas de Rond\u00f4nia, enfrentam dois inimigos: um invis\u00edvel que \u00e9 o coronav\u00edrus e os conhecidos invasores de suas terras. <\/p>\n\n\n\n<p>A morte e a destrui\u00e7\u00e3o de seus territ\u00f3rios os amea\u00e7am cruelmente este ano.<\/p>\n","protected":false},"excerpt":{"rendered":"<p>Eram 9 ind\u00edgenas Karitiana infectados com a Covid-19. Gumercindo Karitiana morreu ontem, aos 66 anos, na aldeia Central.<\/p>\n","protected":false},"author":1,"featured_media":0,"comment_status":"closed","ping_status":"open","sticky":false,"template":"","format":"standard","meta":{"_exactmetrics_skip_tracking":false,"_exactmetrics_sitenote_active":false,"_exactmetrics_sitenote_note":"","_exactmetrics_sitenote_category":0,"jetpack_post_was_ever_published":false,"_jetpack_newsletter_access":"","_jetpack_dont_email_post_to_subs":false,"_jetpack_newsletter_tier_id":0,"_jetpack_memberships_contains_paywalled_content":false,"_jetpack_memberships_contains_paid_content":false,"footnotes":"","jetpack_publicize_message":"","jetpack_publicize_feature_enabled":true,"jetpack_social_post_already_shared":true,"jetpack_social_options":{"image_generator_settings":{"template":"highway","enabled":false},"version":2}},"categories":[1],"tags":[],"class_list":["post-28393","post","type-post","status-publish","format-standard","hentry","category-notas"],"jetpack_publicize_connections":[],"jetpack_sharing_enabled":true,"jetpack_featured_media_url":"","jetpack_shortlink":"https:\/\/wp.me\/p7wKYW-7nX","jetpack-related-posts":[],"_links":{"self":[{"href":"http:\/\/blogdalucianaoliveira.com.br\/blog\/wp-json\/wp\/v2\/posts\/28393","targetHints":{"allow":["GET"]}}],"collection":[{"href":"http:\/\/blogdalucianaoliveira.com.br\/blog\/wp-json\/wp\/v2\/posts"}],"about":[{"href":"http:\/\/blogdalucianaoliveira.com.br\/blog\/wp-json\/wp\/v2\/types\/post"}],"author":[{"embeddable":true,"href":"http:\/\/blogdalucianaoliveira.com.br\/blog\/wp-json\/wp\/v2\/users\/1"}],"replies":[{"embeddable":true,"href":"http:\/\/blogdalucianaoliveira.com.br\/blog\/wp-json\/wp\/v2\/comments?post=28393"}],"version-history":[{"count":1,"href":"http:\/\/blogdalucianaoliveira.com.br\/blog\/wp-json\/wp\/v2\/posts\/28393\/revisions"}],"predecessor-version":[{"id":28395,"href":"http:\/\/blogdalucianaoliveira.com.br\/blog\/wp-json\/wp\/v2\/posts\/28393\/revisions\/28395"}],"wp:attachment":[{"href":"http:\/\/blogdalucianaoliveira.com.br\/blog\/wp-json\/wp\/v2\/media?parent=28393"}],"wp:term":[{"taxonomy":"category","embeddable":true,"href":"http:\/\/blogdalucianaoliveira.com.br\/blog\/wp-json\/wp\/v2\/categories?post=28393"},{"taxonomy":"post_tag","embeddable":true,"href":"http:\/\/blogdalucianaoliveira.com.br\/blog\/wp-json\/wp\/v2\/tags?post=28393"}],"curies":[{"name":"wp","href":"https:\/\/api.w.org\/{rel}","templated":true}]}}