{"id":28397,"date":"2020-05-26T13:23:32","date_gmt":"2020-05-26T17:23:32","guid":{"rendered":"http:\/\/blogdalucianaoliveira.com.br\/blog\/?p=28397"},"modified":"2020-05-26T13:23:40","modified_gmt":"2020-05-26T17:23:40","slug":"william-bonner-sofre-campanha-de-intimidacao-com-uso-de-dados-de-sua-familia-diz-globo","status":"publish","type":"post","link":"http:\/\/blogdalucianaoliveira.com.br\/blog\/2020\/05\/26\/william-bonner-sofre-campanha-de-intimidacao-com-uso-de-dados-de-sua-familia-diz-globo\/","title":{"rendered":"William Bonner sofre campanha de intimida\u00e7\u00e3o com uso de dados de sua fam\u00edlia, diz Globo"},"content":{"rendered":"\n<figure class=\"wp-block-image size-large\"><img data-recalc-dims=\"1\" loading=\"lazy\" decoding=\"async\" width=\"600\" height=\"395\" data-attachment-id=\"28398\" data-permalink=\"http:\/\/blogdalucianaoliveira.com.br\/blog\/2020\/05\/26\/william-bonner-sofre-campanha-de-intimidacao-com-uso-de-dados-de-sua-familia-diz-globo\/image-93-4\/\" data-orig-file=\"https:\/\/i0.wp.com\/blogdalucianaoliveira.com.br\/blog\/wp-content\/uploads\/2020\/05\/image-93.jpeg?fit=1024%2C674\" data-orig-size=\"1024,674\" data-comments-opened=\"0\" data-image-meta=\"{&quot;aperture&quot;:&quot;0&quot;,&quot;credit&quot;:&quot;&quot;,&quot;camera&quot;:&quot;&quot;,&quot;caption&quot;:&quot;&quot;,&quot;created_timestamp&quot;:&quot;0&quot;,&quot;copyright&quot;:&quot;&quot;,&quot;focal_length&quot;:&quot;0&quot;,&quot;iso&quot;:&quot;0&quot;,&quot;shutter_speed&quot;:&quot;0&quot;,&quot;title&quot;:&quot;&quot;,&quot;orientation&quot;:&quot;0&quot;}\" data-image-title=\"image-93\" data-image-description=\"\" data-image-caption=\"\" data-medium-file=\"https:\/\/i0.wp.com\/blogdalucianaoliveira.com.br\/blog\/wp-content\/uploads\/2020\/05\/image-93.jpeg?fit=300%2C197\" data-large-file=\"https:\/\/i0.wp.com\/blogdalucianaoliveira.com.br\/blog\/wp-content\/uploads\/2020\/05\/image-93.jpeg?fit=600%2C395\" src=\"https:\/\/i0.wp.com\/blogdalucianaoliveira.com.br\/blog\/wp-content\/uploads\/2020\/05\/image-93.jpeg?resize=600%2C395\" alt=\"\" class=\"wp-image-28398\" srcset=\"https:\/\/i0.wp.com\/blogdalucianaoliveira.com.br\/blog\/wp-content\/uploads\/2020\/05\/image-93.jpeg?w=1024 1024w, https:\/\/i0.wp.com\/blogdalucianaoliveira.com.br\/blog\/wp-content\/uploads\/2020\/05\/image-93.jpeg?resize=300%2C197 300w, https:\/\/i0.wp.com\/blogdalucianaoliveira.com.br\/blog\/wp-content\/uploads\/2020\/05\/image-93.jpeg?resize=768%2C506 768w, https:\/\/i0.wp.com\/blogdalucianaoliveira.com.br\/blog\/wp-content\/uploads\/2020\/05\/image-93.jpeg?resize=456%2C300 456w\" sizes=\"auto, (max-width: 600px) 100vw, 600px\" \/><\/figure>\n\n\n\n<p>Ap\u00f3s fraude com CPF de filho, jornalista e sua filha receberam mensagem com suas informa\u00e7\u00f5es fiscais.<\/p>\n\n\n\n<!--more-->\n\n\n\n<p>Na FSP<\/p>\n\n\n\n<p>\u200bA Globo informou nesta ter\u00e7a-feira (26) por meio de nota que o jornalista William Bonner tem sofrido uma campanha de intimida\u00e7\u00e3o ap\u00f3s&nbsp;<a href=\"https:\/\/f5.folha.uol.com.br\/celebridades\/2020\/05\/william-bonner-diz-que-nome-e-cpf-do-filho-foram-usados-em-fraude-no-auxilio-emergencial.shtml\">um suspeito de fraude ter usado de forma indevida o CPF do filho<\/a>&nbsp;do apresentador e editor-chefe do Jornal Nacional.<\/p>\n\n\n\n<p>A emissora afirma que, ap\u00f3s a fraude, o pr\u00f3prio Bonner e sua filha receberam em seus telefones pessoais mensagem de WhatsApp vinda de um n\u00famero de Bras\u00edlia com uma lista de endere\u00e7os relacionados a ele.<\/p>\n\n\n\n<p>Na mensagem, estavam listados os n\u00fameros de CPFs dele, de sua mulher, seus filhos, seu pai, sua m\u00e3e e seus irm\u00e3os. Isso, diz a Globo, &#8220;abre a porta para toda sorte de fraudes&#8221;.<\/p>\n\n\n\n<p>&#8220;A Globo o apoiar\u00e1 para que os autores dessa divulga\u00e7\u00e3o de seus dados fiscais, protegidos pela Constitui\u00e7\u00e3o, sejam encontrados e punidos. William Bonner \u00e9 um dos mais respeitados jornalistas brasileiros e nenhuma campanha de intimida\u00e7\u00e3o o impedir\u00e1 de continuar a fazer o seu trabalho correto e isento&#8221;, diz a nota.<\/p>\n\n\n\n<p>&#8220;Ele conta com o apoio integral da Globo e de seus colegas e est\u00e1 amparado pela Constitui\u00e7\u00e3o e leis desse pa\u00eds&#8221;, completa a emissora.<\/p>\n\n\n\n<p>No epis\u00f3dio que envolveu o seu filho, o CPF foi usado para inscri\u00e7\u00e3o&nbsp;<a href=\"https:\/\/agora.folha.uol.com.br\/grana\/2020\/05\/6-em-cada-10-informais-tem-auxilio-emergencial-aprovado.shtml\">no programa de aux\u00edlio emergencial de R$ 600<\/a>&nbsp;do governo federal a pessoas vulner\u00e1veis que perderam a renda durante a pandemia. Embora a renda familiar do filho de Bonner n\u00e3o permita a concess\u00e3o do benef\u00edcio, falhas no sistema de checagem aprovaram o pedido do suspeito de fraude.<\/p>\n\n\n\n<p>Na \u00faltima quinta-feira (21), o pr\u00f3prio apresentador e editor-chefe do JN j\u00e1 havia divulgado sobre a a\u00e7\u00e3o do suspeito de fraude em uma s\u00e9rie de tu\u00edtes. &#8220;Meu filho n\u00e3o pediu aux\u00edlio nenhum, n\u00e3o autorizou ningu\u00e9m a fazer isso por ele. Mais uma fraude, obviamente&#8221;, afirmou.<\/p>\n\n\n\n<p>Os advogados de Bonner alertaram a Caixa para a fraude e apresentaram not\u00edcia crime ao Minist\u00e9rio P\u00fablico Federal.<\/p>\n\n\n\n<p>Em nota \u00e0&nbsp;<strong>Folha<\/strong>, Bonner agradeceu o apoio da Globo e dos colegas. &#8220;O epis\u00f3dio de ontem n\u00e3o \u00e9 coisa de fraudadores comuns. Estes fazem a fraude, n\u00e3o a antecipam como amea\u00e7a. Como minha \u00fanica atua\u00e7\u00e3o p\u00fablica \u00e9 praticar o jornalismo, o prop\u00f3sito de intimidar \u00e9 claro&#8221;, afirma o jornalista.<\/p>\n\n\n\n<p>&#8220;Com o apoio da Globo e dos colegas vamos usar os meios legais para responder a essa campanha e punir os culpados. Envolver a minha fam\u00edlia mostra a sordidez de quem est\u00e1 por tr\u00e1s de tudo, seja quem for.\u200b&#8221;\u200b<\/p>\n","protected":false},"excerpt":{"rendered":"<p>Ap\u00f3s fraude com CPF de filho, jornalista e sua filha receberam mensagem com suas informa\u00e7\u00f5es fiscais.<\/p>\n","protected":false},"author":1,"featured_media":0,"comment_status":"closed","ping_status":"open","sticky":false,"template":"","format":"standard","meta":{"_exactmetrics_skip_tracking":false,"_exactmetrics_sitenote_active":false,"_exactmetrics_sitenote_note":"","_exactmetrics_sitenote_category":0,"jetpack_post_was_ever_published":false,"_jetpack_newsletter_access":"","_jetpack_dont_email_post_to_subs":false,"_jetpack_newsletter_tier_id":0,"_jetpack_memberships_contains_paywalled_content":false,"_jetpack_memberships_contains_paid_content":false,"footnotes":"","jetpack_publicize_message":"","jetpack_publicize_feature_enabled":true,"jetpack_social_post_already_shared":true,"jetpack_social_options":{"image_generator_settings":{"template":"highway","enabled":false},"version":2}},"categories":[1],"tags":[],"class_list":["post-28397","post","type-post","status-publish","format-standard","hentry","category-notas"],"jetpack_publicize_connections":[],"jetpack_sharing_enabled":true,"jetpack_featured_media_url":"","jetpack_shortlink":"https:\/\/wp.me\/p7wKYW-7o1","jetpack-related-posts":[],"_links":{"self":[{"href":"http:\/\/blogdalucianaoliveira.com.br\/blog\/wp-json\/wp\/v2\/posts\/28397","targetHints":{"allow":["GET"]}}],"collection":[{"href":"http:\/\/blogdalucianaoliveira.com.br\/blog\/wp-json\/wp\/v2\/posts"}],"about":[{"href":"http:\/\/blogdalucianaoliveira.com.br\/blog\/wp-json\/wp\/v2\/types\/post"}],"author":[{"embeddable":true,"href":"http:\/\/blogdalucianaoliveira.com.br\/blog\/wp-json\/wp\/v2\/users\/1"}],"replies":[{"embeddable":true,"href":"http:\/\/blogdalucianaoliveira.com.br\/blog\/wp-json\/wp\/v2\/comments?post=28397"}],"version-history":[{"count":1,"href":"http:\/\/blogdalucianaoliveira.com.br\/blog\/wp-json\/wp\/v2\/posts\/28397\/revisions"}],"predecessor-version":[{"id":28399,"href":"http:\/\/blogdalucianaoliveira.com.br\/blog\/wp-json\/wp\/v2\/posts\/28397\/revisions\/28399"}],"wp:attachment":[{"href":"http:\/\/blogdalucianaoliveira.com.br\/blog\/wp-json\/wp\/v2\/media?parent=28397"}],"wp:term":[{"taxonomy":"category","embeddable":true,"href":"http:\/\/blogdalucianaoliveira.com.br\/blog\/wp-json\/wp\/v2\/categories?post=28397"},{"taxonomy":"post_tag","embeddable":true,"href":"http:\/\/blogdalucianaoliveira.com.br\/blog\/wp-json\/wp\/v2\/tags?post=28397"}],"curies":[{"name":"wp","href":"https:\/\/api.w.org\/{rel}","templated":true}]}}