{"id":28400,"date":"2020-05-26T15:14:19","date_gmt":"2020-05-26T19:14:19","guid":{"rendered":"http:\/\/blogdalucianaoliveira.com.br\/blog\/?p=28400"},"modified":"2020-05-26T15:14:23","modified_gmt":"2020-05-26T19:14:23","slug":"moro-perdeu-bolsonaro-vai-desabar-ate-os-20-mas-no-fundo-perdemos-todos","status":"publish","type":"post","link":"http:\/\/blogdalucianaoliveira.com.br\/blog\/2020\/05\/26\/moro-perdeu-bolsonaro-vai-desabar-ate-os-20-mas-no-fundo-perdemos-todos\/","title":{"rendered":"Moro perdeu, Bolsonaro vai desabar at\u00e9 os 20%,  mas no fundo perdemos todos"},"content":{"rendered":"\n<figure class=\"wp-block-image size-large\"><img data-recalc-dims=\"1\" loading=\"lazy\" decoding=\"async\" width=\"600\" height=\"314\" data-attachment-id=\"28401\" data-permalink=\"http:\/\/blogdalucianaoliveira.com.br\/blog\/2020\/05\/26\/moro-perdeu-bolsonaro-vai-desabar-ate-os-20-mas-no-fundo-perdemos-todos\/image-94-3\/\" data-orig-file=\"https:\/\/i0.wp.com\/blogdalucianaoliveira.com.br\/blog\/wp-content\/uploads\/2020\/05\/image-94.jpeg?fit=1000%2C523\" data-orig-size=\"1000,523\" data-comments-opened=\"0\" data-image-meta=\"{&quot;aperture&quot;:&quot;0&quot;,&quot;credit&quot;:&quot;&quot;,&quot;camera&quot;:&quot;&quot;,&quot;caption&quot;:&quot;&quot;,&quot;created_timestamp&quot;:&quot;0&quot;,&quot;copyright&quot;:&quot;&quot;,&quot;focal_length&quot;:&quot;0&quot;,&quot;iso&quot;:&quot;0&quot;,&quot;shutter_speed&quot;:&quot;0&quot;,&quot;title&quot;:&quot;&quot;,&quot;orientation&quot;:&quot;0&quot;}\" data-image-title=\"image-94\" data-image-description=\"\" data-image-caption=\"\" data-medium-file=\"https:\/\/i0.wp.com\/blogdalucianaoliveira.com.br\/blog\/wp-content\/uploads\/2020\/05\/image-94.jpeg?fit=300%2C157\" data-large-file=\"https:\/\/i0.wp.com\/blogdalucianaoliveira.com.br\/blog\/wp-content\/uploads\/2020\/05\/image-94.jpeg?fit=600%2C314\" src=\"https:\/\/i0.wp.com\/blogdalucianaoliveira.com.br\/blog\/wp-content\/uploads\/2020\/05\/image-94.jpeg?resize=600%2C314\" alt=\"\" class=\"wp-image-28401\" srcset=\"https:\/\/i0.wp.com\/blogdalucianaoliveira.com.br\/blog\/wp-content\/uploads\/2020\/05\/image-94.jpeg?w=1000 1000w, https:\/\/i0.wp.com\/blogdalucianaoliveira.com.br\/blog\/wp-content\/uploads\/2020\/05\/image-94.jpeg?resize=300%2C157 300w, https:\/\/i0.wp.com\/blogdalucianaoliveira.com.br\/blog\/wp-content\/uploads\/2020\/05\/image-94.jpeg?resize=768%2C402 768w, https:\/\/i0.wp.com\/blogdalucianaoliveira.com.br\/blog\/wp-content\/uploads\/2020\/05\/image-94.jpeg?resize=574%2C300 574w\" sizes=\"auto, (max-width: 600px) 100vw, 600px\" \/><\/figure>\n\n\n\n<p>Marcos Coimbra, do VoxPopuli, sobre o v\u00eddeo:<\/p>\n\n\n\n<!--more-->\n\n\n\n<p>Para o soci\u00f3logo e diretor do Instituto VoxPopuli, Marcos Coimbra, o v\u00eddeo da reuni\u00e3o ministerial vai acelerar a queda de popularidade de Bolsonaro, que pode chegar a modestos 20%, e enterra os sonhos de Moro como reserva \u00e9tica e moral do pa\u00eds. Mas, para Coimbra, o v\u00eddeo mostra que quem perdeu mesmo foi o Brasil. Veja o v\u00eddeo, leia a transcri\u00e7\u00e3o.<\/p>\n\n\n\n<p>\u201cFernando me pediu uma opini\u00e3o a respeito de quem ganhou e quem perdeu naquela famosa reuni\u00e3o do Bolsonaro com a tropa dele. A minha avalia\u00e7\u00e3o \u00e9 que simplesmente todo mundo perdeu. Perderam eles, perdeu Moro, perdeu Bolsonaro, perderam os milicos que estavam l\u00e1, perderam os idiotas da turma do Bolsonaro e perdeu quem estava fora daquela sala, quem viu a grava\u00e7\u00e3o. Foi uma calamidade em todos os sentidos.<\/p>\n\n\n\n<p>Por que que o Bolsonaro perdeu? Perdeu porque n\u00e3o entende o que est\u00e1 acontecendo com ele, com a imagem dele, com as perspectivas de apoio popular para o governo dele \u2013 portanto, com as possibilidades eleitorais dele em 2022.<br>\nBolsonaro est\u00e1 em queda acentuada desde, pelo menos, mar\u00e7o, quando a condu\u00e7\u00e3o estapaf\u00fardia da epidemia, seja no plano sanit\u00e1rio seja no plano econ\u00f4mico, fez com que ele perdesse aceleradamente apoio nas classes m\u00e9dias entre pessoas com um n\u00edvel maior de informa\u00e7\u00e3o. No final de mar\u00e7o o Ipespe\/XP fez uma pesquisa telef\u00f4nica, como todas atualmente, que deu que ele tinha 36% de pessoas avaliando como ruim ou p\u00e9ssimo o governo. Dois meses depois, em 20 de maio, essa propor\u00e7\u00e3o tinha passado para 50%. E naquela mesma pesquisa de mar\u00e7o, 30% achavam \u00f3timo ou bom o governo dele. Essa propor\u00e7\u00e3o caiu para 25.<\/p>\n\n\n\n<p>Em outras palavras, ele aumentou a reprova\u00e7\u00e3o em 14 pontos, diminuiu a aprova\u00e7\u00e3o em 5 e caiu a propor\u00e7\u00e3o de pessoas que avaliavam o governo como regular. Ou seja, ele t\u00e1 com metade da propor\u00e7\u00e3o que avalia negativamente, apenas metade avalia positivamente. <\/p>\n\n\n\n<p>Essa queda \u00e9 causada, como eu estava dizendo, pela condu\u00e7\u00e3o da epidemia. E isso fica mais claro ainda quando eles perguntaram a respeito da maneira como Bolsonaro estava lidando com o coronav\u00edrus: 58% disseram que de maneira \u201cruim ou p\u00e9ssima\u201d e 19% apenas que de uma maneira \u201c\u00f3tima ou boa\u201d. Ent\u00e3o, l\u00e1 em cima dava 50 a 25. Aqui j\u00e1 est\u00e1 dando 60 a 20. E essa propor\u00e7\u00e3o, tudo indica que \u00e9 aonde vai chegar a avalia\u00e7\u00e3o do conjunto da obra do cara. Vai ficar nessa casa de 20%, tendendo pra menos de 20. <\/p>\n\n\n\n<p>E isso n\u00f3s sabemos aonde vai dar: provoca grande rea\u00e7\u00e3o no sistema pol\u00edtico, o Centr\u00e3o come\u00e7a a achar que talvez n\u00e3o seja boa ideia, o mercado come\u00e7a a duvidar da capacidade dessa turma de permanecer no poder\u2026 Ou seja, tudo se acelera no sentido negativo depois que voc\u00ea cai desse patamar de 20%, que logo vira 15 e sabe-se l\u00e1 onde que para. <br>\nEle tem um piso, que \u00e9 formado por esses idiotas que v\u00e3o pra rua pedir pra ficar doentes, fazer palavra de ordem contra tudo e contra todos.<\/p>\n\n\n\n<p>Bolsonaro h\u00e1 muito tempo n\u00e3o est\u00e1 mais na fase de manter o apoio que tem. Ele n\u00e3o tem mais aqueles 30% que achava que tinha. Ele est\u00e1 mais perto da metade desses 30% do que de preservar os 30. E isto obviamente justificaria uma estrat\u00e9gia completamente oposta dessa que ele t\u00e1 adotando. Ele n\u00e3o precisa manter o que tem, ele precisa \u00e9 conquistar o que n\u00e3o tem. E em algum sentido, reconquistar o que perdeu. E isso, a tal da reuni\u00e3o definitivamente, n\u00e3o faz. <\/p>\n\n\n\n<p>No m\u00e1ximo a reuni\u00e3o a\u00e7ula esse n\u00facleo de idiotas que gosta de ouvir idiotices. Mas essa classe m\u00e9dia mais educada, mais informada, que saiu da base do governo, que passou a achar que ele \u00e9 ruim ou p\u00e9ssimo, essa turma definitivamente n\u00e3o volta: porque ele fala palavr\u00e3o, porque ele \u00e9 grosseiro, porque ele n\u00e3o mostra nenhuma capacidade de resolver os problemas do pa\u00eds. E ainda t\u00e1 envolvido nesse mundo dele, da turma dele l\u00e1 no Rio de Janeiro.<\/p>\n\n\n\n<p>Moro perdeu ou ganhou? Claramente perdeu. Um cara que queria ser a express\u00e3o da moralidade, da \u00e9tica, das boas pr\u00e1ticas morais, o que que ele estava fazendo naquela reuni\u00e3o? Por que que ele n\u00e3o se levantou e saiu? E por que que ao sair ele n\u00e3o pediu a demiss\u00e3o? Pelo contr\u00e1rio, o que ele fez foi tentar ficar. Ent\u00e3o como \u00e9 que algu\u00e9m que luta pra ficar naquele mundo pode achar que sai bem? Ele sai sujo, porque ele se sujou \u2013 se \u00e9 que ele n\u00e3o foi sempre isso que ele mostrou ser durante esse per\u00edodo em que foi unha e carne com Bolsonaro. <\/p>\n\n\n\n<p>Ent\u00e3o, perdeu Bolsonaro \u2013 porque n\u00e3o sabe o que fazer, porque n\u00e3o t\u00e1 entendendo o que t\u00e1 acontecendo com ele, porque acha que tem que ficar mantendo uma coisa que ele n\u00e3o tem mais. Ele teria \u00e9 que fazer uma outra coisa, mas n\u00e3o sei se ele consegue, n\u00e3o sei se ele tem capacidade intelectual ou bom senso pra pensar uma estrat\u00e9gia mais adequada a ele mesmo. <\/p>\n\n\n\n<p>Perdeu o Moro porque mostrou ser o que no fundo sempre foi: um oportunista, um picareta que usou da sua for\u00e7a no sistema judici\u00e1rio, apoiado por uma parte grande da grande imprensa brasileira e se tornou esse personagem melanc\u00f3lico, que sai com o rabo entre as pernas depois de ficar participando de uma reuni\u00e3o como aquela. <\/p>\n\n\n\n<p>Perdeu todo mundo. Esses milicos que est\u00e3o achando que est\u00e3o prontos pra governar o Brasil, eles s\u00e3o uns incompetentes de marca maior. Tem um tal de Braga Neto que posa de figura competente, a pessoa v\u00ea o que o cara fala, e voc\u00ea v\u00ea que \u00e9 um completo analfabeto em quest\u00f5es do que seria necess\u00e1rio pra este momento. <\/p>\n\n\n\n<p>Tem esse general velho que fica falando mal da democracia, s\u00f3 amea\u00e7a todo mundo. Enfim, essa gera\u00e7\u00e3o de milicos, sinceramente, \u00e9 das piores, das que mais atrapalham a tentativa de recuperar a imagem especialmente do Ex\u00e9rcito depois de vinte anos de ditadura. <\/p>\n\n\n\n<p>E aquela fauna de idiotas do Bolsonaro perdeu porque n\u00e3o tem o que ganhar, \u00e9 tudo um bando de completos desqualificados. <\/p>\n\n\n\n<p>E \u00e9 claro que perdemos todos, porque voc\u00ea ter um pa\u00eds que \u00e9 governado por gente como aquela \u00e9 profundamente chocante. E chocante ver que n\u00f3s estamos no meio de uma crise sanit\u00e1ria, humana, grav\u00edssima. Da qual n\u00f3s n\u00e3o vamos sair t\u00e3o cedo. Com essa maneira completamente despropositada de condu\u00e7\u00e3o da epidemia que est\u00e1 sendo feita no Brasil. <\/p>\n\n\n\n<p>N\u00f3s j\u00e1 somos o segundo pa\u00eds com o maior n\u00famero de casos, vamos ser em breve o primeiro em n\u00famero de mortos e n\u00f3s n\u00e3o vamos sair t\u00e3o cedo dessa situa\u00e7\u00e3o, de uma epidemia que n\u00e3o acaba. Porque n\u00e3o funciona assim. <\/p>\n\n\n\n<p>E as consequ\u00eancias disso na economia n\u00f3s estamos vendo. Esse bestalh\u00e3o desse Paulo Guedes achando que uma receita velha, superada, anacr\u00f4nica, que, sei l\u00e1, deu certo no Chile no auge de uma ditadura, de um golpe militar cruel como foi aquele l\u00e1 do Pinochet, que foi o \u00fanico lugar do mundo que aquele tipo de proposta funcionou. L\u00e1 parou, n\u00e3o funcionou em lugar nenhum do mundo, e neste mundo p\u00f3s pandemia, menos ainda. Ent\u00e3o, esquece.  N\u00f3s n\u00e3o vamos sair t\u00e3o cedo da crise sanit\u00e1ria e n\u00e3o vamos sair t\u00e3o cedo da crise econ\u00f4mica.<\/p>\n\n\n\n<p>E \u00e9 por essas e por outras que perdemos todos ao ver que \u00e9 assim que n\u00f3s somos governados.\u201d<\/p>\n","protected":false},"excerpt":{"rendered":"<p>Marcos Coimbra, do VoxPopuli, sobre o v\u00eddeo:<\/p>\n","protected":false},"author":1,"featured_media":0,"comment_status":"closed","ping_status":"open","sticky":false,"template":"","format":"standard","meta":{"_exactmetrics_skip_tracking":false,"_exactmetrics_sitenote_active":false,"_exactmetrics_sitenote_note":"","_exactmetrics_sitenote_category":0,"jetpack_post_was_ever_published":false,"_jetpack_newsletter_access":"","_jetpack_dont_email_post_to_subs":false,"_jetpack_newsletter_tier_id":0,"_jetpack_memberships_contains_paywalled_content":false,"_jetpack_memberships_contains_paid_content":false,"footnotes":"","jetpack_publicize_message":"","jetpack_publicize_feature_enabled":true,"jetpack_social_post_already_shared":true,"jetpack_social_options":{"image_generator_settings":{"template":"highway","enabled":false},"version":2}},"categories":[1],"tags":[],"class_list":["post-28400","post","type-post","status-publish","format-standard","hentry","category-notas"],"jetpack_publicize_connections":[],"jetpack_sharing_enabled":true,"jetpack_featured_media_url":"","jetpack_shortlink":"https:\/\/wp.me\/p7wKYW-7o4","jetpack-related-posts":[],"_links":{"self":[{"href":"http:\/\/blogdalucianaoliveira.com.br\/blog\/wp-json\/wp\/v2\/posts\/28400","targetHints":{"allow":["GET"]}}],"collection":[{"href":"http:\/\/blogdalucianaoliveira.com.br\/blog\/wp-json\/wp\/v2\/posts"}],"about":[{"href":"http:\/\/blogdalucianaoliveira.com.br\/blog\/wp-json\/wp\/v2\/types\/post"}],"author":[{"embeddable":true,"href":"http:\/\/blogdalucianaoliveira.com.br\/blog\/wp-json\/wp\/v2\/users\/1"}],"replies":[{"embeddable":true,"href":"http:\/\/blogdalucianaoliveira.com.br\/blog\/wp-json\/wp\/v2\/comments?post=28400"}],"version-history":[{"count":1,"href":"http:\/\/blogdalucianaoliveira.com.br\/blog\/wp-json\/wp\/v2\/posts\/28400\/revisions"}],"predecessor-version":[{"id":28402,"href":"http:\/\/blogdalucianaoliveira.com.br\/blog\/wp-json\/wp\/v2\/posts\/28400\/revisions\/28402"}],"wp:attachment":[{"href":"http:\/\/blogdalucianaoliveira.com.br\/blog\/wp-json\/wp\/v2\/media?parent=28400"}],"wp:term":[{"taxonomy":"category","embeddable":true,"href":"http:\/\/blogdalucianaoliveira.com.br\/blog\/wp-json\/wp\/v2\/categories?post=28400"},{"taxonomy":"post_tag","embeddable":true,"href":"http:\/\/blogdalucianaoliveira.com.br\/blog\/wp-json\/wp\/v2\/tags?post=28400"}],"curies":[{"name":"wp","href":"https:\/\/api.w.org\/{rel}","templated":true}]}}