{"id":28403,"date":"2020-05-26T16:43:46","date_gmt":"2020-05-26T20:43:46","guid":{"rendered":"http:\/\/blogdalucianaoliveira.com.br\/blog\/?p=28403"},"modified":"2020-05-26T16:43:57","modified_gmt":"2020-05-26T20:43:57","slug":"camara-aprova-lei-aldir-blanc-de-auxilio-emergencial-para-o-setor-de-cultura","status":"publish","type":"post","link":"http:\/\/blogdalucianaoliveira.com.br\/blog\/2020\/05\/26\/camara-aprova-lei-aldir-blanc-de-auxilio-emergencial-para-o-setor-de-cultura\/","title":{"rendered":"C\u00e2mara aprova lei \u2018Aldir Blanc\u2019, de aux\u00edlio emergencial para o setor de cultura"},"content":{"rendered":"\n<figure class=\"wp-block-image size-large\"><img loading=\"lazy\" decoding=\"async\" width=\"1200\" height=\"754\" data-attachment-id=\"28404\" data-permalink=\"http:\/\/blogdalucianaoliveira.com.br\/blog\/2020\/05\/26\/camara-aprova-lei-aldir-blanc-de-auxilio-emergencial-para-o-setor-de-cultura\/image-95-2\/\" data-orig-file=\"https:\/\/i0.wp.com\/blogdalucianaoliveira.com.br\/blog\/wp-content\/uploads\/2020\/05\/image-95.jpeg?fit=1200%2C754\" data-orig-size=\"1200,754\" data-comments-opened=\"0\" data-image-meta=\"{&quot;aperture&quot;:&quot;0&quot;,&quot;credit&quot;:&quot;&quot;,&quot;camera&quot;:&quot;&quot;,&quot;caption&quot;:&quot;&quot;,&quot;created_timestamp&quot;:&quot;1590512150&quot;,&quot;copyright&quot;:&quot;&quot;,&quot;focal_length&quot;:&quot;0&quot;,&quot;iso&quot;:&quot;0&quot;,&quot;shutter_speed&quot;:&quot;0&quot;,&quot;title&quot;:&quot;&quot;,&quot;orientation&quot;:&quot;1&quot;}\" data-image-title=\"image-95\" data-image-description=\"\" data-image-caption=\"\" data-medium-file=\"https:\/\/i0.wp.com\/blogdalucianaoliveira.com.br\/blog\/wp-content\/uploads\/2020\/05\/image-95.jpeg?fit=300%2C189\" data-large-file=\"https:\/\/i0.wp.com\/blogdalucianaoliveira.com.br\/blog\/wp-content\/uploads\/2020\/05\/image-95.jpeg?fit=600%2C377\" src=\"https:\/\/i1.wp.com\/blogdalucianaoliveira.com.br\/blog\/wp-content\/uploads\/2020\/05\/image-95.jpeg?fit=600%2C377\" alt=\"\" class=\"wp-image-28404\" srcset=\"https:\/\/i0.wp.com\/blogdalucianaoliveira.com.br\/blog\/wp-content\/uploads\/2020\/05\/image-95.jpeg?w=1200 1200w, https:\/\/i0.wp.com\/blogdalucianaoliveira.com.br\/blog\/wp-content\/uploads\/2020\/05\/image-95.jpeg?resize=300%2C189 300w, https:\/\/i0.wp.com\/blogdalucianaoliveira.com.br\/blog\/wp-content\/uploads\/2020\/05\/image-95.jpeg?resize=1024%2C643 1024w, https:\/\/i0.wp.com\/blogdalucianaoliveira.com.br\/blog\/wp-content\/uploads\/2020\/05\/image-95.jpeg?resize=768%2C483 768w, https:\/\/i0.wp.com\/blogdalucianaoliveira.com.br\/blog\/wp-content\/uploads\/2020\/05\/image-95.jpeg?resize=477%2C300 477w\" sizes=\"auto, (max-width: 600px) 100vw, 600px\" \/><\/figure>\n\n\n\n<p>Rede Brasil Atual \u2013 O plen\u00e1rio da C\u00e2mara aprovou na tarde desta ter\u00e7a-feira (26) o Projeto de Lei 1.075, que destina recursos emergenciais para o setor de cultura. Tamb\u00e9m conhecido como lei de emerg\u00eancia cultural, o PL, de Benedita da Silva (PT-RJ) e v\u00e1rios outros autores, que apensou (anexou) outros projetos, teve como relatora a deputada Jandira Feghali (PCdoB-RJ), que sugeriu o nome do\u00a0<a rel=\"noreferrer noopener\" href=\"https:\/\/www.redebrasilatual.com.br\/cultura\/2020\/05\/nao-existe-joao-bosco-sem-aldir-blanc-diz-parceiro-mais-de-100-obras\/\" target=\"_blank\">compositor Aldir Blanc<\/a>\u00a0para a lei.\u00a0<\/p>\n\n\n\n<!--more-->\n\n\n\n<p>Segundo o relat\u00f3rio, ser\u00e3o destinados R$ 3 bilh\u00f5es a estados e munic\u00edpios. \u201cUm esfor\u00e7o coletivo\u201d, disse Benedita, afirmando que atualmente \u201cmuitos artistas sofrem de fome\u201d.<\/p>\n\n\n\n<p>No texto, resultado de acordo entre os partidos, a parlamentar afirmou que a cultura deve fazer parte de qualquer projeto de desenvolvimento. A arte \u00e9 \u201ccoirm\u00e3 da educa\u00e7\u00e3o e redutora da viol\u00eancia, construtora da civiliza\u00e7\u00e3o, mas, muitas vezes, n\u00e3o \u00e9 vista como of\u00edcio, como trabalho\u201d. O Estado n\u00e3o produz arte e cultura, lembrou, mas precisa \u201cformular pol\u00edticas p\u00fablicas, fomentar, incentivar\u201d.<\/p>\n\n\n\n<p>O projeto inclui aux\u00edlio emergencial a trabalhadores na cultura e apoio a espa\u00e7os culturais. Entre esses apoios, incluem-se teatros independentes, escolas de m\u00fasica e capoeira, circos, cineclubes, centros de tradi\u00e7\u00e3o regionais, bibliotecas e museus comunit\u00e1rios, festas populares, teatros de rua, livrarias, sebos, ateli\u00eas, galerias, feiras e galerias de arte.<\/p>\n\n\n\n<p>Uma exce\u00e7\u00e3o foi do Novo. O l\u00edder do partido na C\u00e2mara, Paulo Ganime (RJ), embora tenha elogiado o texto, disse que n\u00e3o era momento de discutir pol\u00edticas setoriais. Por isso, orientou pela vota\u00e7\u00e3o contra o projeto.<\/p>\n\n\n\n<h3 class=\"wp-block-heading\">Dificuldades<\/h3>\n\n\n\n<p>L\u00eddice da Matta (PSB-BA) lembrou que enquanto as pessoas continuam consumindo cultura, os que fazem cultura \u201cest\u00e3o vivendo de forma dram\u00e1tica\u201d. E Chico D\u00b4\u00c2ngelo (PDT-RJ) citou o exemplo do m\u00fasico e arranjador Lu\u00eds Filipe de Lima, que no fim de semana anunciou por rede social que por dificuldades financeiras estava pondo \u00e0 venda o viol\u00e3o de sete cordas que usa h\u00e1 25 anos. Foi organizada uma vaquinha virtual para que ele pudesse permanecer com o instrumento.<\/p>\n\n\n\n<p>Mesmo o l\u00edder do governo na C\u00e2mara, deputado Vitor Hugo (PSL-GO), disse que a bancada votaria a favor. E afirmou que isso significava o reconhecimento, pelo Executivo, \u201cque a cultura \u00e9 algo important\u00edssimo para o Brasil\u201d. Jandira destacou a fala, ressaltando o compromisso pela san\u00e7\u00e3o presidencial, ap\u00f3s a vota\u00e7\u00e3o pelo Senado.<\/p>\n\n\n\n<p>Pouco antes, Fernanda Melchiona (Psol-RJ), havia afirmado que \u201cpara salvar a cultura \u00e9 necess\u00e1rio derrotar Jair Messias Bolsonaro\u201d. Ela criticou a atua\u00e7\u00e3o da secretaria especial do setor e ressaltou a import\u00e2ncia do aux\u00edlio. \u201cOs artistas foram os primeiros a parar, porque os espet\u00e1culos precisam de p\u00fablico. (H\u00e1) artistas passando fome, equipamentos sendo desmontados por falta de recursos\u201d. Alexandre Leite (DEM-SP) disse que \u201cser\u00e3o beneficiados aqueles que mais precisam\u201d.<\/p>\n","protected":false},"excerpt":{"rendered":"<p>Rede Brasil Atual \u2013 O plen\u00e1rio da C\u00e2mara aprovou na tarde desta ter\u00e7a-feira (26) o Projeto de Lei 1.075, que destina recursos emergenciais para o setor de cultura. Tamb\u00e9m conhecido como lei de emerg\u00eancia cultural, o PL, de Benedita da Silva (PT-RJ) e v\u00e1rios outros autores, que apensou (anexou) outros projetos, teve como relatora a&#8230;<a class=\"more-link\" href=\"http:\/\/blogdalucianaoliveira.com.br\/blog\/2020\/05\/26\/camara-aprova-lei-aldir-blanc-de-auxilio-emergencial-para-o-setor-de-cultura\/\">Continue a leitura <span class=\"meta-nav\">&raquo;<\/span><\/a><\/p>\n","protected":false},"author":1,"featured_media":0,"comment_status":"closed","ping_status":"open","sticky":false,"template":"","format":"standard","meta":{"_exactmetrics_skip_tracking":false,"_exactmetrics_sitenote_active":false,"_exactmetrics_sitenote_note":"","_exactmetrics_sitenote_category":0,"jetpack_post_was_ever_published":false,"_jetpack_newsletter_access":"","_jetpack_dont_email_post_to_subs":false,"_jetpack_newsletter_tier_id":0,"_jetpack_memberships_contains_paywalled_content":false,"_jetpack_memberships_contains_paid_content":false,"footnotes":"","jetpack_publicize_message":"","jetpack_publicize_feature_enabled":true,"jetpack_social_post_already_shared":true,"jetpack_social_options":{"image_generator_settings":{"template":"highway","enabled":false},"version":2}},"categories":[1],"tags":[],"class_list":["post-28403","post","type-post","status-publish","format-standard","hentry","category-notas"],"jetpack_publicize_connections":[],"jetpack_sharing_enabled":true,"jetpack_featured_media_url":"","jetpack_shortlink":"https:\/\/wp.me\/p7wKYW-7o7","jetpack-related-posts":[],"_links":{"self":[{"href":"http:\/\/blogdalucianaoliveira.com.br\/blog\/wp-json\/wp\/v2\/posts\/28403","targetHints":{"allow":["GET"]}}],"collection":[{"href":"http:\/\/blogdalucianaoliveira.com.br\/blog\/wp-json\/wp\/v2\/posts"}],"about":[{"href":"http:\/\/blogdalucianaoliveira.com.br\/blog\/wp-json\/wp\/v2\/types\/post"}],"author":[{"embeddable":true,"href":"http:\/\/blogdalucianaoliveira.com.br\/blog\/wp-json\/wp\/v2\/users\/1"}],"replies":[{"embeddable":true,"href":"http:\/\/blogdalucianaoliveira.com.br\/blog\/wp-json\/wp\/v2\/comments?post=28403"}],"version-history":[{"count":1,"href":"http:\/\/blogdalucianaoliveira.com.br\/blog\/wp-json\/wp\/v2\/posts\/28403\/revisions"}],"predecessor-version":[{"id":28405,"href":"http:\/\/blogdalucianaoliveira.com.br\/blog\/wp-json\/wp\/v2\/posts\/28403\/revisions\/28405"}],"wp:attachment":[{"href":"http:\/\/blogdalucianaoliveira.com.br\/blog\/wp-json\/wp\/v2\/media?parent=28403"}],"wp:term":[{"taxonomy":"category","embeddable":true,"href":"http:\/\/blogdalucianaoliveira.com.br\/blog\/wp-json\/wp\/v2\/categories?post=28403"},{"taxonomy":"post_tag","embeddable":true,"href":"http:\/\/blogdalucianaoliveira.com.br\/blog\/wp-json\/wp\/v2\/tags?post=28403"}],"curies":[{"name":"wp","href":"https:\/\/api.w.org\/{rel}","templated":true}]}}