{"id":28409,"date":"2020-05-27T13:59:06","date_gmt":"2020-05-27T17:59:06","guid":{"rendered":"http:\/\/blogdalucianaoliveira.com.br\/blog\/?p=28409"},"modified":"2020-05-27T13:59:10","modified_gmt":"2020-05-27T17:59:10","slug":"desmatamento-na-mata-atlantica-cresceu-27-entre-2018-e-2019-aponta-relatorio","status":"publish","type":"post","link":"http:\/\/blogdalucianaoliveira.com.br\/blog\/2020\/05\/27\/desmatamento-na-mata-atlantica-cresceu-27-entre-2018-e-2019-aponta-relatorio\/","title":{"rendered":"Desmatamento na Mata Atl\u00e2ntica cresceu 27% entre 2018 e 2019, aponta relat\u00f3rio"},"content":{"rendered":"\n<figure class=\"wp-block-image size-large\"><img data-recalc-dims=\"1\" loading=\"lazy\" decoding=\"async\" width=\"600\" height=\"450\" data-attachment-id=\"28410\" data-permalink=\"http:\/\/blogdalucianaoliveira.com.br\/blog\/2020\/05\/27\/desmatamento-na-mata-atlantica-cresceu-27-entre-2018-e-2019-aponta-relatorio\/image-97-2\/\" data-orig-file=\"https:\/\/i0.wp.com\/blogdalucianaoliveira.com.br\/blog\/wp-content\/uploads\/2020\/05\/image-97.jpeg?fit=600%2C450\" data-orig-size=\"600,450\" data-comments-opened=\"0\" data-image-meta=\"{&quot;aperture&quot;:&quot;0&quot;,&quot;credit&quot;:&quot;&quot;,&quot;camera&quot;:&quot;&quot;,&quot;caption&quot;:&quot;&quot;,&quot;created_timestamp&quot;:&quot;0&quot;,&quot;copyright&quot;:&quot;&quot;,&quot;focal_length&quot;:&quot;0&quot;,&quot;iso&quot;:&quot;0&quot;,&quot;shutter_speed&quot;:&quot;0&quot;,&quot;title&quot;:&quot;&quot;,&quot;orientation&quot;:&quot;0&quot;}\" data-image-title=\"image-97\" data-image-description=\"\" data-image-caption=\"\" data-medium-file=\"https:\/\/i0.wp.com\/blogdalucianaoliveira.com.br\/blog\/wp-content\/uploads\/2020\/05\/image-97.jpeg?fit=300%2C225\" data-large-file=\"https:\/\/i0.wp.com\/blogdalucianaoliveira.com.br\/blog\/wp-content\/uploads\/2020\/05\/image-97.jpeg?fit=600%2C450\" src=\"https:\/\/i0.wp.com\/blogdalucianaoliveira.com.br\/blog\/wp-content\/uploads\/2020\/05\/image-97.jpeg?resize=600%2C450\" alt=\"\" class=\"wp-image-28410\" srcset=\"https:\/\/i0.wp.com\/blogdalucianaoliveira.com.br\/blog\/wp-content\/uploads\/2020\/05\/image-97.jpeg?w=600 600w, https:\/\/i0.wp.com\/blogdalucianaoliveira.com.br\/blog\/wp-content\/uploads\/2020\/05\/image-97.jpeg?resize=300%2C225 300w, https:\/\/i0.wp.com\/blogdalucianaoliveira.com.br\/blog\/wp-content\/uploads\/2020\/05\/image-97.jpeg?resize=400%2C300 400w\" sizes=\"auto, (max-width: 600px) 100vw, 600px\" \/><\/figure>\n\n\n\n<h4 class=\"wp-block-heading\">Documento da Funda\u00e7\u00e3o SOS Mata Atl\u00e2ntica aponta que Minas Gerais, Bahia e Paran\u00e1 tiveram as maiores \u00e1reas desmatadas; j\u00e1 Alagoas e Rio Grande do Norte conseguiram zerar o desmatamento. Bioma tem lei espec\u00edfica de prote\u00e7\u00e3o.<\/h4>\n\n\n\n<!--more-->\n\n\n\n<p>Por Lara Pinheiro, G1<\/p>\n\n\n\n<p>O desmatamento das \u00e1reas de Mata Atl\u00e2ntica do Brasil cresceu 27% entre 2018 e 2019, aponta o relat\u00f3rio &#8220;Atlas da Mata Atl\u00e2ntica&#8221; divulgado pela Funda\u00e7\u00e3o&nbsp;<a href=\"https:\/\/g1.globo.com\/tudo-sobre\/sos-mata-atlantica\/\">SOS Mata Atl\u00e2ntica<\/a>e pelo Instituto Nacional de Pesquisas Espaciais (<a href=\"https:\/\/g1.globo.com\/tudo-sobre\/inpe\/\">Inpe<\/a>) nesta quarta-feira (27), data que marca o dia do bioma.&nbsp;<\/p>\n\n\n\n<p>14.502 hectares foram desmatados entre 1\u00ba de outubro de 2018 e 30 de setembro de 2019, comparados a 11.399 no mesmo per\u00edodo entre 2017 e 2018 (1 hectare equivale a 10 mil m\u00b2). Os n\u00fameros\u00a0<a href=\"https:\/\/g1.globo.com\/natureza\/noticia\/2019\/05\/23\/mata-atlantica-tem-o-menor-desmatamento-em-tres-decadas.ghtml\">vinham caindo desde 2016<\/a>.<\/p>\n\n\n\n<p>Desmatamento na Mata Atl\u00e2nticaDepois de queda por tr\u00eas anos consecutivos, \u00edndice voltou a subir.<\/p>\n\n\n\n<figure class=\"wp-block-image size-large\"><img data-recalc-dims=\"1\" loading=\"lazy\" decoding=\"async\" width=\"600\" height=\"499\" data-attachment-id=\"28412\" data-permalink=\"http:\/\/blogdalucianaoliveira.com.br\/blog\/2020\/05\/27\/desmatamento-na-mata-atlantica-cresceu-27-entre-2018-e-2019-aponta-relatorio\/fcd6856a-147a-4829-a240-a7d9b0391f1d\/\" data-orig-file=\"https:\/\/i0.wp.com\/blogdalucianaoliveira.com.br\/blog\/wp-content\/uploads\/2020\/05\/FCD6856A-147A-4829-A240-A7D9B0391F1D.jpeg?fit=828%2C688\" data-orig-size=\"828,688\" data-comments-opened=\"0\" data-image-meta=\"{&quot;aperture&quot;:&quot;0&quot;,&quot;credit&quot;:&quot;&quot;,&quot;camera&quot;:&quot;&quot;,&quot;caption&quot;:&quot;&quot;,&quot;created_timestamp&quot;:&quot;0&quot;,&quot;copyright&quot;:&quot;&quot;,&quot;focal_length&quot;:&quot;0&quot;,&quot;iso&quot;:&quot;0&quot;,&quot;shutter_speed&quot;:&quot;0&quot;,&quot;title&quot;:&quot;&quot;,&quot;orientation&quot;:&quot;0&quot;}\" data-image-title=\"FCD6856A-147A-4829-A240-A7D9B0391F1D\" data-image-description=\"\" data-image-caption=\"\" data-medium-file=\"https:\/\/i0.wp.com\/blogdalucianaoliveira.com.br\/blog\/wp-content\/uploads\/2020\/05\/FCD6856A-147A-4829-A240-A7D9B0391F1D.jpeg?fit=300%2C249\" data-large-file=\"https:\/\/i0.wp.com\/blogdalucianaoliveira.com.br\/blog\/wp-content\/uploads\/2020\/05\/FCD6856A-147A-4829-A240-A7D9B0391F1D.jpeg?fit=600%2C499\" src=\"https:\/\/i0.wp.com\/blogdalucianaoliveira.com.br\/blog\/wp-content\/uploads\/2020\/05\/FCD6856A-147A-4829-A240-A7D9B0391F1D.jpeg?resize=600%2C499\" alt=\"\" class=\"wp-image-28412\" srcset=\"https:\/\/i0.wp.com\/blogdalucianaoliveira.com.br\/blog\/wp-content\/uploads\/2020\/05\/FCD6856A-147A-4829-A240-A7D9B0391F1D.jpeg?w=828 828w, https:\/\/i0.wp.com\/blogdalucianaoliveira.com.br\/blog\/wp-content\/uploads\/2020\/05\/FCD6856A-147A-4829-A240-A7D9B0391F1D.jpeg?resize=300%2C249 300w, https:\/\/i0.wp.com\/blogdalucianaoliveira.com.br\/blog\/wp-content\/uploads\/2020\/05\/FCD6856A-147A-4829-A240-A7D9B0391F1D.jpeg?resize=768%2C638 768w, https:\/\/i0.wp.com\/blogdalucianaoliveira.com.br\/blog\/wp-content\/uploads\/2020\/05\/FCD6856A-147A-4829-A240-A7D9B0391F1D.jpeg?resize=361%2C300 361w\" sizes=\"auto, (max-width: 600px) 100vw, 600px\" \/><\/figure>\n\n\n\n<p>Fonte: Atlas da Mata Atl\u00e2ntica<\/p>\n\n\n\n<p>A maior \u00e1rea abatida foi em&nbsp;<a href=\"https:\/\/g1.globo.com\/mg\/minas-gerais\/\">Minas Gerais<\/a>, com 4.972 hectares destru\u00eddos, seguido da&nbsp;<a href=\"https:\/\/g1.globo.com\/ba\/bahia\/\">Bahia<\/a>, com 3.532; depois v\u00eam&nbsp;<a href=\"https:\/\/g1.globo.com\/pr\/parana\/\">Paran\u00e1<\/a>&nbsp;(2.767) e&nbsp;<a href=\"https:\/\/g1.globo.com\/pi\/piaui\/\">Piau\u00ed<\/a>(1.558). Os estados tamb\u00e9m ocupavam os&nbsp;<a href=\"https:\/\/g1.globo.com\/natureza\/noticia\/2019\/05\/27\/desmatamento-da-mata-atlantica-cresce-em-cinco-estados-do-pais-aponta-levantamento.ghtml\">primeiros postos no ano passado<\/a>.&nbsp;<\/p>\n\n\n\n<p>J\u00e1&nbsp;<a href=\"https:\/\/g1.globo.com\/al\/alagoas\/\">Alagoas<\/a>&nbsp;e&nbsp;<a href=\"https:\/\/g1.globo.com\/rn\/rio-grande-do-norte\/\">Rio Grande do Norte<\/a>conseguiram zerar o desmatamento, conforme os par\u00e2metros da ONG. (O &#8220;Atlas da Mata Atl\u00e2ntica&#8221; consegue mapear desmatamentos acima de 3 hectares, o equivalente a 30 mil m\u00b2).Estados com mais desmatamento de Mata Atl\u00e2nticaS\u00f3 Alagoas e Rio Grande do Norte conseguiram alcan\u00e7ar zero desmatamento<\/p>\n\n\n\n<p>Mario Mantovani, ge\u00f3grafo e diretor de Pol\u00edticas P\u00fablicas da SOS Mata Atl\u00e2ntica, explica que os estados com os piores \u00edndices j\u00e1 eram, historicamente, aqueles onde o desmatamento criminoso era mais comum.&nbsp;<\/p>\n\n\n\n<blockquote class=\"wp-block-quote is-layout-flow wp-block-quote-is-layout-flow\"><p>&#8220;Em Minas Gerais, \u00e9 a queima de \u00e1rvores para carv\u00e3o vegetal. Na Bahia, \u00e9 a soja. No Paran\u00e1, h\u00e1 a press\u00e3o dos grandes agricultores em rela\u00e7\u00e3o aos pequenos&#8221;, explica. Ele credita a continuidade da situa\u00e7\u00e3o \u00e0 elei\u00e7\u00e3o do presidente&nbsp;<a href=\"https:\/\/g1.globo.com\/politica\/politico\/jair-bolsonaro\/\">Jair Bolsonaro<\/a>, em novembro de 2018.<\/p><cite><br><\/cite><\/blockquote>\n\n\n\n<p><br><\/p>\n\n\n\n<figure class=\"wp-block-image size-large\"><img data-recalc-dims=\"1\" loading=\"lazy\" decoding=\"async\" width=\"600\" height=\"549\" data-attachment-id=\"28413\" data-permalink=\"http:\/\/blogdalucianaoliveira.com.br\/blog\/2020\/05\/27\/desmatamento-na-mata-atlantica-cresceu-27-entre-2018-e-2019-aponta-relatorio\/5789f29b-17cb-4677-8703-c825cc73f018\/\" data-orig-file=\"https:\/\/i0.wp.com\/blogdalucianaoliveira.com.br\/blog\/wp-content\/uploads\/2020\/05\/5789F29B-17CB-4677-8703-C825CC73F018.jpeg?fit=828%2C757\" data-orig-size=\"828,757\" data-comments-opened=\"0\" data-image-meta=\"{&quot;aperture&quot;:&quot;0&quot;,&quot;credit&quot;:&quot;&quot;,&quot;camera&quot;:&quot;&quot;,&quot;caption&quot;:&quot;&quot;,&quot;created_timestamp&quot;:&quot;0&quot;,&quot;copyright&quot;:&quot;&quot;,&quot;focal_length&quot;:&quot;0&quot;,&quot;iso&quot;:&quot;0&quot;,&quot;shutter_speed&quot;:&quot;0&quot;,&quot;title&quot;:&quot;&quot;,&quot;orientation&quot;:&quot;0&quot;}\" data-image-title=\"5789F29B-17CB-4677-8703-C825CC73F018\" data-image-description=\"\" data-image-caption=\"\" data-medium-file=\"https:\/\/i0.wp.com\/blogdalucianaoliveira.com.br\/blog\/wp-content\/uploads\/2020\/05\/5789F29B-17CB-4677-8703-C825CC73F018.jpeg?fit=300%2C274\" data-large-file=\"https:\/\/i0.wp.com\/blogdalucianaoliveira.com.br\/blog\/wp-content\/uploads\/2020\/05\/5789F29B-17CB-4677-8703-C825CC73F018.jpeg?fit=600%2C549\" src=\"https:\/\/i0.wp.com\/blogdalucianaoliveira.com.br\/blog\/wp-content\/uploads\/2020\/05\/5789F29B-17CB-4677-8703-C825CC73F018.jpeg?resize=600%2C549\" alt=\"\" class=\"wp-image-28413\" srcset=\"https:\/\/i0.wp.com\/blogdalucianaoliveira.com.br\/blog\/wp-content\/uploads\/2020\/05\/5789F29B-17CB-4677-8703-C825CC73F018.jpeg?w=828 828w, https:\/\/i0.wp.com\/blogdalucianaoliveira.com.br\/blog\/wp-content\/uploads\/2020\/05\/5789F29B-17CB-4677-8703-C825CC73F018.jpeg?resize=300%2C274 300w, https:\/\/i0.wp.com\/blogdalucianaoliveira.com.br\/blog\/wp-content\/uploads\/2020\/05\/5789F29B-17CB-4677-8703-C825CC73F018.jpeg?resize=768%2C702 768w, https:\/\/i0.wp.com\/blogdalucianaoliveira.com.br\/blog\/wp-content\/uploads\/2020\/05\/5789F29B-17CB-4677-8703-C825CC73F018.jpeg?resize=328%2C300 328w\" sizes=\"auto, (max-width: 600px) 100vw, 600px\" \/><\/figure>\n\n\n\n<p>Ainda na \u00e9poca da campanha, Bolsonaro\u00a0<a href=\"https:\/\/g1.globo.com\/politica\/eleicoes\/2018\/noticia\/2018\/10\/18\/saiba-mais-sobre-as-propostas-de-jair-bolsonaro-e-fernando-haddad-para-o-meio-ambiente.ghtml\">afirmou, entre outras declara\u00e7\u00f5es, que &#8220;n\u00e3o aceitava&#8221; as multas ambientais<\/a>. &#8220;Ele sinalizou um vale-tudo. E esse pessoal [que j\u00e1 desmatava antes] se sentiu inspirado&#8221;, avalia Mantovani.<\/p>\n\n\n\n<blockquote class=\"wp-block-quote is-layout-flow wp-block-quote-is-layout-flow\"><p>&#8220;E, agora, o despacho do ministro [<a href=\"https:\/\/g1.globo.com\/tudo-sobre\/ricardo-salles\/\">Ricardo Salles<\/a>] comprovou: o que ele falava na campanha l\u00e1 atr\u00e1s, o ministro n\u00e3o entrou para cuidar do meio ambiente do Brasil. Ele entrou com o plano de acabar com o meio ambiente. Esse Atlas j\u00e1 sinalizou que a situa\u00e7\u00e3o \u00e9 ruim&#8221;, afirma Mantovani.&nbsp;<\/p><\/blockquote>\n\n\n\n<p>O despacho, emitido pelo&nbsp;<a href=\"https:\/\/g1.globo.com\/tudo-sobre\/ministerio-do-meio-ambiente\/\">Minist\u00e9rio do Meio Ambiente<\/a>&nbsp;em abril, recomendou a \u00f3rg\u00e3os ambientais do pa\u00eds que n\u00e3o levassem em considera\u00e7\u00e3o a Lei da Mata Atl\u00e2ntica, de 2006, e aplicassem no lugar dela o C\u00f3digo Florestal. O Minist\u00e9rio P\u00fablico Federal&nbsp;<a href=\"https:\/\/g1.globo.com\/sp\/sao-paulo\/noticia\/2020\/05\/08\/mpf-pede-para-ibama-descumprir-despacho-do-ministerio-do-meio-ambiente-que-anistia-invasores-da-mata-atlantica-em-sp.ghtml\">disse ao Ibama para descumprir o documento<\/a>&nbsp;do governo, considerando que ele fere a lei de prote\u00e7\u00e3o do bioma.<\/p>\n\n\n\n<ul class=\"wp-block-list\"><li><a href=\"https:\/\/g1.globo.com\/sp\/sao-paulo\/noticia\/2020\/05\/08\/mpf-pede-para-ibama-descumprir-despacho-do-ministerio-do-meio-ambiente-que-anistia-invasores-da-mata-atlantica-em-sp.ghtml\"><strong>Desmatamento na Amaz\u00f4nia tem tend\u00eancia de alta em 2020; veja 10 motivos de alerta sobre o tema<\/strong><\/a><\/li><\/ul>\n\n\n\n<p>Com a pandemia, Mantovani acredita que o pr\u00f3ximo relat\u00f3rio da ONG tamb\u00e9m n\u00e3o ser\u00e1 favor\u00e1vel. &#8220;A prova maior foi a autoden\u00fancia do ministro [Salles] naquela reuni\u00e3o&#8221;, afirma.<\/p>\n\n\n\n<p>Na reuni\u00e3o com outros ministros e o pr\u00f3prio presidente, no dia 22 de abril, Ricardo Salles&nbsp;<a href=\"https:\/\/g1.globo.com\/politica\/noticia\/2020\/05\/22\/ministro-do-meio-ambiente-defende-passar-a-boiada-e-mudar-regramento-e-simplificar-normas.ghtml\">defendeu &#8220;passar a boiada&#8221; e &#8220;mudar&#8221; regras de prote\u00e7\u00e3o ambiental<\/a>&nbsp;enquanto a aten\u00e7\u00e3o da imprensa est\u00e1 concentrada na cobertura da Covid-19 (<em>veja v\u00eddeo<\/em>). V\u00e1rias entidades ligadas ao meio ambiente&nbsp;<a href=\"https:\/\/g1.globo.com\/natureza\/noticia\/2020\/05\/22\/entidades-ligadas-ao-meio-ambiente-criticam-fala-de-ricardo-salles-durante-reuniao-ministerial.ghtml\">criticaram a fala do ministro<\/a>.<\/p>\n\n\n\n<figure class=\"wp-block-image\"><img data-recalc-dims=\"1\" decoding=\"async\" src=\"https:\/\/i0.wp.com\/s04-video-glbimg-com.cdn.ampproject.org\/i\/s\/s04.video.glbimg.com\/640x360\/8574351.jpg?w=600&#038;ssl=1\" alt=\"\"\/><\/figure>\n\n\n\n<p>Salles defende mudar regras de prote\u00e7\u00e3o ambiental enquanto imprensa se concentra na Covid&nbsp;<\/p>\n\n\n\n<h2 class=\"wp-block-heading\"><strong>Legisla\u00e7\u00e3o<\/strong><\/h2>\n\n\n\n<p>A Mata Atl\u00e2ntica \u00e9 o bioma brasileiro mais desmatado, segundo a SOS Mata Atl\u00e2ntica: apenas 12,4% da \u00e1rea de floresta original ainda sobrevive \u2013 cerca de 16,3 milh\u00f5es de hectares.&nbsp;<\/p>\n\n\n\n<p>Do ponto de vista da conserva\u00e7\u00e3o de biodiversidade, explica Mario Mantovani, um percentual abaixo de 20% j\u00e1 coloca as esp\u00e9cies ali praticamente em extin\u00e7\u00e3o. E, se o bioma se extinguir por completo, pode haver consequ\u00eancias como falta de \u00e1gua nas cidades, assoreamento de rios e piora na qualidade do ar.<\/p>\n\n\n\n<p>Para tentar refor\u00e7ar a prote\u00e7\u00e3o do bioma \u00e9 que foi aprovada a Lei da Mata Atl\u00e2ntica, em 2006, explica explica Pedro Avzaradel, professor adjunto de direito ambiental da&nbsp;<a href=\"https:\/\/g1.globo.com\/educacao\/universidade\/uff\/\">Universidade Federal Fluminense<\/a>&nbsp;em Volta Redonda (RJ). O texto acrescentou \u00e0 lei de crimes ambientais brasileira, de 1998, o artigo sobre crimes contra o bioma da Mata Atl\u00e2ntica, com pena de at\u00e9 3 anos de deten\u00e7\u00e3o. Mas a aplica\u00e7\u00e3o \u00e9 complexa.<\/p>\n\n\n\n<blockquote class=\"wp-block-quote is-layout-flow wp-block-quote-is-layout-flow\"><p>&#8220;Pelo fato de a pena ser de deten\u00e7\u00e3o menor que 4 anos, muitas vezes essas s\u00e3o substitu\u00eddas por outra coisa \u2013 penas restritivas de direitos, como o pagamento de uma determinada quantia&#8221;, explica Avzaradel.<\/p><\/blockquote>\n\n\n\n<p>Ele acrescenta que h\u00e1 uma s\u00e9rie de dificuldades em processos penais ambientais, inclusive do ponto de vista t\u00e9cnico. &#8220;Por exemplo: quando voc\u00ea analisa um furto, um roubo, vai pegar uma pessoa, ou um grupo de pessoas que atuam juntas. Os crimes ambientais, muitas vezes, est\u00e3o sendo praticados por corpora\u00e7\u00f5es enormes \u2013 uma cadeia enorme de pessoas, que \u00e0s vezes nem se conhecem&#8221;, lembra Avzaradel.<\/p>\n\n\n\n<ul class=\"wp-block-list\"><li><a href=\"https:\/\/g1.globo.com\/fantastico\/noticia\/2020\/05\/24\/relatorio-inedito-mostra-que-99percent-do-desmatamento-feito-no-brasil-em-2019-foi-ilegal.ghtml\"><strong>Relat\u00f3rio in\u00e9dito mostra que 99% do desmatamento feito no Brasil em 2019 foi ilegal<\/strong><\/a><\/li><\/ul>\n\n\n\n<p>No caso da&nbsp;<a href=\"https:\/\/g1.globo.com\/natureza\/noticia\/2019\/12\/14\/numero-de-multas-aplicadas-pelo-ibama-em-2019-e-o-menor-em-15-anos-diz-observatorio-do-clima.ghtml\">aplica\u00e7\u00e3o de multas<\/a>&nbsp;ainda h\u00e1 a diferen\u00e7a entre as multas administrativas (aplicadas, por exemplo, pelo Ibama) e as que s\u00e3o determinadas por um juiz. &#8220;A multa aplicada pelo Poder Judici\u00e1rio \u00e9 a que decorre de um crime. E o crit\u00e9rio n\u00e3o \u00e9 o mesmo [da multa administrativa]&#8221;, explica.<\/p>\n\n\n\n<h2 class=\"wp-block-heading\">17 estados<\/h2>\n\n\n\n<p>A maior parte da Mata Atl\u00e2ntica do Brasil est\u00e1 em&nbsp;<a href=\"https:\/\/g1.globo.com\/mg\/minas-gerais\/\">Minas Gerais<\/a>, que tem 17% do bioma (cerca de 2,8 milh\u00f5es de hectares). Em seguida v\u00eam&nbsp;<a href=\"https:\/\/g1.globo.com\/sp\/sao-paulo\/\">S\u00e3o Paulo<\/a>&nbsp;e&nbsp;<a href=\"https:\/\/g1.globo.com\/pr\/parana\/\">Paran\u00e1<\/a>&nbsp;(com cerca de 2,3 milh\u00f5es cada),&nbsp;<a href=\"https:\/\/g1.globo.com\/sc\/santa-catarina\/\">Santa Catarina<\/a>&nbsp;(2,2 milh\u00f5es),&nbsp;<a href=\"https:\/\/g1.globo.com\/ba\/bahia\/\">Bahia<\/a>&nbsp;(2 milh\u00f5es) e&nbsp;<a href=\"https:\/\/g1.globo.com\/rs\/rio-grande-do-sul\/\">Rio Grande do Sul<\/a>, com 1 milh\u00e3o de hectares.<\/p>\n\n\n\n<p>Outros 11 estados t\u00eam Mata Atl\u00e2ntica em sua \u00e1rea: Alagoas, Cear\u00e1, Esp\u00edrito Santo, Goi\u00e1s, Mato Grosso do Sul, Para\u00edba, Pernambuco, Piau\u00ed, Rio de Janeiro, Rio Grande do Norte e Sergipe.<\/p>\n","protected":false},"excerpt":{"rendered":"<p>Documento da Funda\u00e7\u00e3o SOS Mata Atl\u00e2ntica aponta que Minas Gerais, Bahia e Paran\u00e1 tiveram as maiores \u00e1reas desmatadas; j\u00e1 Alagoas e Rio Grande do Norte conseguiram zerar o desmatamento. Bioma tem lei espec\u00edfica de prote\u00e7\u00e3o.<\/p>\n","protected":false},"author":1,"featured_media":0,"comment_status":"closed","ping_status":"open","sticky":false,"template":"","format":"standard","meta":{"_exactmetrics_skip_tracking":false,"_exactmetrics_sitenote_active":false,"_exactmetrics_sitenote_note":"","_exactmetrics_sitenote_category":0,"jetpack_post_was_ever_published":false,"_jetpack_newsletter_access":"","_jetpack_dont_email_post_to_subs":false,"_jetpack_newsletter_tier_id":0,"_jetpack_memberships_contains_paywalled_content":false,"_jetpack_memberships_contains_paid_content":false,"footnotes":"","jetpack_publicize_message":"","jetpack_publicize_feature_enabled":true,"jetpack_social_post_already_shared":true,"jetpack_social_options":{"image_generator_settings":{"template":"highway","enabled":false},"version":2}},"categories":[1],"tags":[],"class_list":["post-28409","post","type-post","status-publish","format-standard","hentry","category-notas"],"jetpack_publicize_connections":[],"jetpack_sharing_enabled":true,"jetpack_featured_media_url":"","jetpack_shortlink":"https:\/\/wp.me\/p7wKYW-7od","jetpack-related-posts":[],"_links":{"self":[{"href":"http:\/\/blogdalucianaoliveira.com.br\/blog\/wp-json\/wp\/v2\/posts\/28409","targetHints":{"allow":["GET"]}}],"collection":[{"href":"http:\/\/blogdalucianaoliveira.com.br\/blog\/wp-json\/wp\/v2\/posts"}],"about":[{"href":"http:\/\/blogdalucianaoliveira.com.br\/blog\/wp-json\/wp\/v2\/types\/post"}],"author":[{"embeddable":true,"href":"http:\/\/blogdalucianaoliveira.com.br\/blog\/wp-json\/wp\/v2\/users\/1"}],"replies":[{"embeddable":true,"href":"http:\/\/blogdalucianaoliveira.com.br\/blog\/wp-json\/wp\/v2\/comments?post=28409"}],"version-history":[{"count":2,"href":"http:\/\/blogdalucianaoliveira.com.br\/blog\/wp-json\/wp\/v2\/posts\/28409\/revisions"}],"predecessor-version":[{"id":28414,"href":"http:\/\/blogdalucianaoliveira.com.br\/blog\/wp-json\/wp\/v2\/posts\/28409\/revisions\/28414"}],"wp:attachment":[{"href":"http:\/\/blogdalucianaoliveira.com.br\/blog\/wp-json\/wp\/v2\/media?parent=28409"}],"wp:term":[{"taxonomy":"category","embeddable":true,"href":"http:\/\/blogdalucianaoliveira.com.br\/blog\/wp-json\/wp\/v2\/categories?post=28409"},{"taxonomy":"post_tag","embeddable":true,"href":"http:\/\/blogdalucianaoliveira.com.br\/blog\/wp-json\/wp\/v2\/tags?post=28409"}],"curies":[{"name":"wp","href":"https:\/\/api.w.org\/{rel}","templated":true}]}}