{"id":28417,"date":"2020-05-27T14:16:39","date_gmt":"2020-05-27T18:16:39","guid":{"rendered":"http:\/\/blogdalucianaoliveira.com.br\/blog\/?p=28417"},"modified":"2020-05-27T14:16:49","modified_gmt":"2020-05-27T18:16:49","slug":"moraes-determina-quebra-de-sigilo-de-investigados-e-bloqueio-de-perfis-na-internet","status":"publish","type":"post","link":"http:\/\/blogdalucianaoliveira.com.br\/blog\/2020\/05\/27\/moraes-determina-quebra-de-sigilo-de-investigados-e-bloqueio-de-perfis-na-internet\/","title":{"rendered":"Moraes determina quebra de sigilo de investigados e bloqueio de perfis na internet"},"content":{"rendered":"\n<figure class=\"wp-block-image size-large\"><img data-recalc-dims=\"1\" loading=\"lazy\" decoding=\"async\" width=\"600\" height=\"412\" data-attachment-id=\"28418\" data-permalink=\"http:\/\/blogdalucianaoliveira.com.br\/blog\/2020\/05\/27\/moraes-determina-quebra-de-sigilo-de-investigados-e-bloqueio-de-perfis-na-internet\/image-98-2\/\" data-orig-file=\"https:\/\/i0.wp.com\/blogdalucianaoliveira.com.br\/blog\/wp-content\/uploads\/2020\/05\/image-98.jpeg?fit=984%2C675\" data-orig-size=\"984,675\" data-comments-opened=\"0\" data-image-meta=\"{&quot;aperture&quot;:&quot;0&quot;,&quot;credit&quot;:&quot;&quot;,&quot;camera&quot;:&quot;&quot;,&quot;caption&quot;:&quot;&quot;,&quot;created_timestamp&quot;:&quot;0&quot;,&quot;copyright&quot;:&quot;&quot;,&quot;focal_length&quot;:&quot;0&quot;,&quot;iso&quot;:&quot;0&quot;,&quot;shutter_speed&quot;:&quot;0&quot;,&quot;title&quot;:&quot;&quot;,&quot;orientation&quot;:&quot;0&quot;}\" data-image-title=\"image-98\" data-image-description=\"\" data-image-caption=\"\" data-medium-file=\"https:\/\/i0.wp.com\/blogdalucianaoliveira.com.br\/blog\/wp-content\/uploads\/2020\/05\/image-98.jpeg?fit=300%2C206\" data-large-file=\"https:\/\/i0.wp.com\/blogdalucianaoliveira.com.br\/blog\/wp-content\/uploads\/2020\/05\/image-98.jpeg?fit=600%2C412\" src=\"https:\/\/i0.wp.com\/blogdalucianaoliveira.com.br\/blog\/wp-content\/uploads\/2020\/05\/image-98.jpeg?resize=600%2C412\" alt=\"\" class=\"wp-image-28418\" srcset=\"https:\/\/i0.wp.com\/blogdalucianaoliveira.com.br\/blog\/wp-content\/uploads\/2020\/05\/image-98.jpeg?w=984 984w, https:\/\/i0.wp.com\/blogdalucianaoliveira.com.br\/blog\/wp-content\/uploads\/2020\/05\/image-98.jpeg?resize=300%2C206 300w, https:\/\/i0.wp.com\/blogdalucianaoliveira.com.br\/blog\/wp-content\/uploads\/2020\/05\/image-98.jpeg?resize=768%2C527 768w, https:\/\/i0.wp.com\/blogdalucianaoliveira.com.br\/blog\/wp-content\/uploads\/2020\/05\/image-98.jpeg?resize=437%2C300 437w\" sizes=\"auto, (max-width: 600px) 100vw, 600px\" \/><\/figure>\n\n\n\n<h4 class=\"wp-block-heading\">Ministro do STF autorizou opera\u00e7\u00e3o que fez buscas e apreens\u00f5es em endere\u00e7os de aliados de Jair Bolsonaro, como o ex-deputado Roberto Jefferson e o empres\u00e1rio Luciano Hang.<\/h4>\n\n\n\n<!--more-->\n\n\n\n<p>Por Rosanne D&#8217;Agostino, Fernanda Vivas e M\u00e1rcio Falc\u00e3o, G1 e TV Globo<\/p>\n\n\n\n<p>O ministro do Supremo Tribunal Federal (<a href=\"https:\/\/g1.globo.com\/tudo-sobre\/supremo-tribunal-federal\/\">STF<\/a>)&nbsp;<a href=\"https:\/\/g1.globo.com\/tudo-sobre\/alexandre-de-moraes\/\">Alexandre de Moraes<\/a>&nbsp;determinou, nesta quarta-feira (27), a quebra de sigilos fiscal e banc\u00e1rio de suspeitos de financiar&nbsp;<a href=\"https:\/\/g1.globo.com\/politica\/noticia\/2020\/05\/27\/liberdade-de-imprensa-nao-e-construida-por-robos-diz-alexandre-de-moraes.ghtml\">grupos de dissemina\u00e7\u00e3o de fake news e ataques a institui\u00e7\u00f5es<\/a>&nbsp;nas redes sociais.&nbsp;<\/p>\n\n\n\n<p>S\u00e3o alvo dos pedidos de quebra de sigilo os empres\u00e1rios Edgard Gomes Corona, Luciano Hang, o humorista Reynaldo Bianchi Junior e o militar Winston Rodrigues Lima. As informa\u00e7\u00f5es demandadas pelo STF se referem ao per\u00edodo entre julho de 2018 e abril de 2020.&nbsp;<\/p>\n\n\n\n<p>Moraes preside o&nbsp;<a href=\"https:\/\/g1.globo.com\/politica\/noticia\/2020\/05\/27\/inquerito-do-stf-que-investiga-fake-news-veja-perguntas-e-respostas.ghtml\">inqu\u00e9rito do Supremo que apura ataques \u00e0 Corte<\/a>. Nesta quarta, foi deflagrada opera\u00e7\u00e3o da&nbsp;<a href=\"https:\/\/g1.globo.com\/tudo-sobre\/policia-federal\/\">Pol\u00edcia Federal<\/a>&nbsp;para cumprir<a href=\"https:\/\/g1.globo.com\/politica\/noticia\/2020\/05\/27\/pf-cumpre-mandados-em-inquerito-do-stf-sobre-fake-news.ghtml\">&nbsp;mandados judiciais contra empres\u00e1rios, blogueiros e parlamentares<\/a>por suposta produ\u00e7\u00e3o e dissemina\u00e7\u00e3o de not\u00edcias falsas.&nbsp;<\/p>\n\n\n\n<p>Na decis\u00e3o, Alexandre de Moraes tamb\u00e9m determinou o bloqueio de contas em redes sociais, tais como Facebook, Twitter e Instagram dos 17 investigados. A medida, diz o ministro, \u00e9 necess\u00e1ria &#8220;para a interrup\u00e7\u00e3o dos discursos com conte\u00fado de \u00f3dio, subvers\u00e3o da ordem e incentivo \u00e0 quebra da normalidade institucional e democr\u00e1tica&#8221;.&nbsp;<\/p>\n\n\n\n<p>O pedido tamb\u00e9m inclui a apreens\u00e3o de computadores, tablets, celulares e outros dispositivos eletr\u00f4nicos, bem como de quaisquer outros materiais relacionados \u00e0 dissemina\u00e7\u00e3o das aludidas mensagens ofensivas e amea\u00e7adoras.&nbsp;<\/p>\n\n\n\n<p>Ao autorizar as dilig\u00eancias, o ministro argumentou que &#8220;garantias individuais que n\u00e3o podem ser utilizados como um verdadeiro escudo protetivo da pr\u00e1tica de atividades il\u00edcitas&#8221; e que &#8220;em car\u00e1ter de absoluta excepcionalidade, \u00e9 poss\u00edvel o afastamento dos sigilos banc\u00e1rios e fiscais dos investigados, pois existentes fundados elementos de suspeita que se apoiem em ind\u00edcios id\u00f4neos, reveladores de poss\u00edvel autoria de pr\u00e1tica delituosa por parte daquele que sofre a investiga\u00e7\u00e3o&#8221;.&nbsp;<\/p>\n\n\n\n<h2 class=\"wp-block-heading\">Postagens preservadas<\/h2>\n\n\n\n<p>Alexandre de Moraes enviou um of\u00edcio para que redes sociais preservem o conte\u00fado das postagens de parlamentares citados na opera\u00e7\u00e3o, como de Carla Zambelli (PSL-SP).&nbsp;<\/p>\n\n\n\n<p>A decis\u00e3o manda ainda expedi\u00e7\u00e3o de of\u00edcio para que a rede social Twitter forne\u00e7a a identifica\u00e7\u00e3o dos usu\u00e1rios &#8220;@bolsoneas&#8221;, &#8220;@ patriotas&#8221; e &#8220;@taoquei1&#8221;, no prazo de cinco dias.&nbsp;<\/p>\n\n\n\n<p>O ministro afirma que provas colhidas apontam para a \u201ca real possibilidade de exist\u00eancia de uma associa\u00e7\u00e3o criminosa, denominada nos depoimentos dos parlamentares como &#8216;Gabinete do \u00d3dio'&#8221;.&nbsp;<\/p>\n\n\n\n<p>Segundo Alexandre de Moraes, a suposta associa\u00e7\u00e3o criminosa seria dedicada a &#8220;dissemina\u00e7\u00e3o de not\u00edcias falsas, ataques ofensivos a diversas pessoas, \u00e0s autoridades e \u00e0s Institui\u00e7\u00f5es, dentre elas o Supremo Tribunal Federal, com flagrante conte\u00fado de \u00f3dio, subvers\u00e3o da ordem e incentivo \u00e0 quebra da normalidade institucional e democr\u00e1tica\u201d.&nbsp;<\/p>\n\n\n\n<p>Alexandre de Moraes afirma que recebeu o relato de que \u201cessa estrutura, aparentemente, est\u00e1 sendo financiada por um grupo de empres\u00e1rios que, conforme os ind\u00edcios constantes dos autos, atuaria de maneira velada fornecendo recursos (das mais variadas formas), para os integrantes dessa organiza\u00e7\u00e3o\u201d.&nbsp;<\/p>\n\n\n\n<p>Para o ministro, h\u00e1 \u201cs\u00e9rias suspeitas de que integrariam esse complexo esquema de dissemina\u00e7\u00e3o de not\u00edcias falsas por interm\u00e9dio de publica\u00e7\u00f5es em redes sociais, atingindo um p\u00fablico di\u00e1rio de milh\u00f5es de pessoas, expondo a perigo de les\u00e3o, com suas not\u00edcias ofensivas e fraudulentas, a independ\u00eancia dos poderes e o Estado de Direito\u201d.<\/p>\n","protected":false},"excerpt":{"rendered":"<p>Ministro do STF autorizou opera\u00e7\u00e3o que fez buscas e apreens\u00f5es em endere\u00e7os de aliados de Jair Bolsonaro, como o ex-deputado Roberto Jefferson e o empres\u00e1rio Luciano Hang.<\/p>\n","protected":false},"author":1,"featured_media":0,"comment_status":"closed","ping_status":"open","sticky":false,"template":"","format":"standard","meta":{"_exactmetrics_skip_tracking":false,"_exactmetrics_sitenote_active":false,"_exactmetrics_sitenote_note":"","_exactmetrics_sitenote_category":0,"jetpack_post_was_ever_published":false,"_jetpack_newsletter_access":"","_jetpack_dont_email_post_to_subs":false,"_jetpack_newsletter_tier_id":0,"_jetpack_memberships_contains_paywalled_content":false,"_jetpack_memberships_contains_paid_content":false,"footnotes":"","jetpack_publicize_message":"","jetpack_publicize_feature_enabled":true,"jetpack_social_post_already_shared":true,"jetpack_social_options":{"image_generator_settings":{"template":"highway","enabled":false},"version":2}},"categories":[1],"tags":[],"class_list":["post-28417","post","type-post","status-publish","format-standard","hentry","category-notas"],"jetpack_publicize_connections":[],"jetpack_sharing_enabled":true,"jetpack_featured_media_url":"","jetpack_shortlink":"https:\/\/wp.me\/p7wKYW-7ol","jetpack-related-posts":[],"_links":{"self":[{"href":"http:\/\/blogdalucianaoliveira.com.br\/blog\/wp-json\/wp\/v2\/posts\/28417","targetHints":{"allow":["GET"]}}],"collection":[{"href":"http:\/\/blogdalucianaoliveira.com.br\/blog\/wp-json\/wp\/v2\/posts"}],"about":[{"href":"http:\/\/blogdalucianaoliveira.com.br\/blog\/wp-json\/wp\/v2\/types\/post"}],"author":[{"embeddable":true,"href":"http:\/\/blogdalucianaoliveira.com.br\/blog\/wp-json\/wp\/v2\/users\/1"}],"replies":[{"embeddable":true,"href":"http:\/\/blogdalucianaoliveira.com.br\/blog\/wp-json\/wp\/v2\/comments?post=28417"}],"version-history":[{"count":1,"href":"http:\/\/blogdalucianaoliveira.com.br\/blog\/wp-json\/wp\/v2\/posts\/28417\/revisions"}],"predecessor-version":[{"id":28419,"href":"http:\/\/blogdalucianaoliveira.com.br\/blog\/wp-json\/wp\/v2\/posts\/28417\/revisions\/28419"}],"wp:attachment":[{"href":"http:\/\/blogdalucianaoliveira.com.br\/blog\/wp-json\/wp\/v2\/media?parent=28417"}],"wp:term":[{"taxonomy":"category","embeddable":true,"href":"http:\/\/blogdalucianaoliveira.com.br\/blog\/wp-json\/wp\/v2\/categories?post=28417"},{"taxonomy":"post_tag","embeddable":true,"href":"http:\/\/blogdalucianaoliveira.com.br\/blog\/wp-json\/wp\/v2\/tags?post=28417"}],"curies":[{"name":"wp","href":"https:\/\/api.w.org\/{rel}","templated":true}]}}