{"id":28420,"date":"2020-05-27T17:22:18","date_gmt":"2020-05-27T21:22:18","guid":{"rendered":"http:\/\/blogdalucianaoliveira.com.br\/blog\/?p=28420"},"modified":"2020-05-27T17:22:26","modified_gmt":"2020-05-27T21:22:26","slug":"coronavirus-a-imagem-de-bolsonaro-na-imprensa-internacional","status":"publish","type":"post","link":"http:\/\/blogdalucianaoliveira.com.br\/blog\/2020\/05\/27\/coronavirus-a-imagem-de-bolsonaro-na-imprensa-internacional\/","title":{"rendered":"Coronav\u00edrus: a imagem de Bolsonaro na imprensa internacional"},"content":{"rendered":"\n<figure class=\"wp-block-image\"><img data-recalc-dims=\"1\" decoding=\"async\" src=\"https:\/\/i0.wp.com\/ichef.bbci.co.uk\/news\/660\/cpsprodpb\/1C63\/production\/_112476270_capturadetela2020-05-25as17.54.36.png?w=600&#038;ssl=1\" alt=\"Tweet do jornal Financial Times dizendo que a\u00e7\u00f5es de Bolsonaro levar\u00e3o Brasil ao desastre\"\/><\/figure>\n\n\n\n<p>BBC &#8211; Entre domingo (24\/5) e segunda-feira (25\/5), diversos ve\u00edculos de imprensa internacionais publicaram longos artigos e reportagens com duras cr\u00edticas \u00e0 resposta do presidente Jair Bolsonaro \u00e0 crise gerada pelo novo coronav\u00edrus.<\/p>\n\n\n\n<p>O brasileiro \u00e9 descrito um &#8220;l\u00edder vingativo&#8221;, com atua\u00e7\u00e3o &#8220;irrespons\u00e1vel e perigosa&#8221;, que investe seu tempo em brigas com ju\u00edzes, parlamentares e &#8220;at\u00e9 os pr\u00f3prios ministros&#8221; enquanto governadores pedem ajuda.<\/p>\n\n\n\n<!--more-->\n\n\n\n<p>&#8220;Quebrar o Brasil&#8221; e &#8220;levar o pa\u00eds ao desastre&#8221; s\u00e3o alguns dos progn\u00f3sticos associados \u00e0 atua\u00e7\u00e3o do presidente, descrito como um dos raros negacionistas da gravidade da pandemia e tem sua atua\u00e7\u00e3o apresentada como uma das piores em todo o planeta.<\/p>\n\n\n\n<p>Quatro eixos principais d\u00e3o contexto aos materiais publicados: o v\u00eddeo da reuni\u00e3o ministerial em que Bolsonaro supostamente exporia sua inten\u00e7\u00e3o de interferir em investiga\u00e7\u00f5es contra familiares e pessoas pr\u00f3ximas, a gest\u00e3o ambiental do governo em meio \u00e0 pandemia, o veto imposto pelo aliado Donald Trump \u00e0 entrada nos EUA de pessoas que estiveram no Brasil e a insist\u00eancia do presidente brasileiro em minimizar a pandemia e incentivar aglomera\u00e7\u00f5es p\u00fablicas.<\/p>\n\n\n\n<figure class=\"wp-block-image\"><img data-recalc-dims=\"1\" decoding=\"async\" src=\"https:\/\/i0.wp.com\/ichef.bbci.co.uk\/news\/624\/cpsprodpb\/154E3\/production\/_112476278_gettyimages-1214907685.jpg?w=600&#038;ssl=1\" alt=\"Pessoa limpando ma\u00e7aneta de porta\"\/><figcaption>Image caption&#8217;A imprensa mundial \u00e9 de esquerda&#8217;, disse Bolsonaro, citando mais uma vez o presidente norte-americano<\/figcaption><\/figure>\n\n\n\n<p>Diferente da narrativa governista, que costuma atribuir as cr\u00edticas \u00e0 esquerda, as an\u00e1lises negativas tamb\u00e9m estampam as p\u00e1ginas de ve\u00edculos tradicionalmente conservadores, como o jornal brit\u00e2nico The Telegraph.<\/p>\n\n\n\n<p>O mesmo vale para \u00edcones mundiais do liberalismo econ\u00f4mico, celebrado pelo ministro Paulo Guedes (Economia) e pelo filho do presidente, Eduardo Bolsonaro, como \u00e9 o caso do jornal Financial Times.<\/p>\n\n\n\n<p>Na manh\u00e3 desta segunda-feira, em frente ao pal\u00e1cio do Alvorada, o presidente foi questionado por uma apoiadora sobre a imagem negativa de sua gest\u00e3o no exterior.<\/p>\n\n\n\n<p>&#8220;A imprensa mundial \u00e9 de esquerda&#8221;, insistiu o l\u00edder brasileiro, citando mais uma vez o presidente norte-americano. Em descompasso com Bolsonaro, Trump tem descrito o Brasil como alvo de um &#8220;surto&#8221;, &#8220;duramente atingido&#8221; e vivendo &#8220;um momento dif\u00edcil&#8221; em meio \u00e0 pandemia.<\/p>\n\n\n\n<p>&#8220;O Trump sofre muito nos Estados Unidos tamb\u00e9m&#8221;, disse o presidente brasileiro.<\/p>\n\n\n\n<h2 class=\"wp-block-heading\">Financial Times<\/h2>\n\n\n\n<p>A publica\u00e7\u00e3o mais comentada nesta segunda-feira vem do jornal brit\u00e2nico Financial Times.<\/p>\n\n\n\n<p>Um&nbsp;<a href=\"https:\/\/www.ft.com\/content\/c39fadfe-9e60-11ea-b65d-489c67b0d85d?list=intlhomepage\">artigo assinado por Gideon Rachman<\/a>, colunista-chefe para assuntos internacionais do jornal, aponta no t\u00edtulo que &#8220;o populismo de Jair Bolsonaro est\u00e1 levando o pa\u00eds para um desastre&#8221;.<\/p>\n\n\n\n<p>O texto compara as respostas de Bolsonaro e de Trump \u00e0 pandemia, classificando a do brasileiro como &#8220;ainda mais irrespons\u00e1vel e perigosa&#8221;.<\/p>\n\n\n\n<figure class=\"wp-block-image\"><img data-recalc-dims=\"1\" decoding=\"async\" src=\"https:\/\/i0.wp.com\/ichef.bbci.co.uk\/news\/624\/cpsprodpb\/106C3\/production\/_112476276_capturadetela2020-05-25as17.53.17.png?w=600&#038;ssl=1\" alt=\"Trecho de artigo do jornal Financial Times dizendo que a\u00e7\u00f5es de Bolsonaro levar\u00e3o Brasil ao desastre\"\/><figcaption>Image captionArtigo assinado por Gideon Rachman, colunista-chefe para assuntos internacionais do FT, aponta no t\u00edtulo que &#8216;o populismo de Jair Bolsonaro est\u00e1 levando o pa\u00eds para um desastre&#8217;<\/figcaption><\/figure>\n\n\n\n<p>O texto cita a &#8220;obsess\u00e3o dos dois l\u00edderes pelas supostas propriedades de cura&#8221; da hidroxicloriquina. &#8220;Mas, enquanto Trump simplesmente est\u00e1 tomando o rem\u00e9dio, ele mesmo, Bolsonaro for\u00e7ou seu Minist\u00e9rio da Sa\u00fade a lan\u00e7ar novas diretrizes recomendando a droga para pacientes de coronav\u00edrus.&#8221;<\/p>\n\n\n\n<p>O paralelo se repete em rela\u00e7\u00e3o ao apoio de ambos a protestos contra medidas de isolamento. Trump, segundo o texto, expressou simpatia aos manifestantes. J\u00e1 Bolsonaro foi al\u00e9m e participou dos atos.<\/p>\n\n\n\n<p>O especialista conclui que o Brasil ser\u00e1 duramente afetado econ\u00f4mica e socialmente conforme a doen\u00e7a se espalha pelo pa\u00eds. Para Rachman, &#8220;Bolsonaro obviamente n\u00e3o \u00e9 culpado pelo v\u00edrus&#8221;, mas pela &#8220;resposta ca\u00f3tica que permitiu que ele fugisse do controle&#8221;.<\/p>\n\n\n\n<p>O texto cita um paradoxo em sua conclus\u00e3o &#8211; apesar da gest\u00e3o do presidente aprofundar a crise no pa\u00eds, ela pode ajud\u00e1-lo politicamente &#8211; j\u00e1 que o v\u00edrus impede grandes manifesta\u00e7\u00f5es, como as registradas durante o impeachment de Dilma Rousseff.<\/p>\n\n\n\n<p>Para o analista, &#8220;Bolsonaro prospera por meio de pol\u00edticas que dividem&#8221;.<\/p>\n\n\n\n<p>&#8220;Mortes e desemprego causados pela covid-19 est\u00e3o sendo exacerbados pela lideran\u00e7a de Bolsonaro. Mas, perversamente, um desastre econ\u00f4mico e de sa\u00fade p\u00fablica pode criar um ambiente ainda mais prop\u00edcio para a pol\u00edtica do medo e da irracionalidade&#8221;, diz o autor, no jornal ingl\u00eas.<\/p>\n\n\n\n<h2 class=\"wp-block-heading\">The Telegraph<\/h2>\n\n\n\n<p>O jornal conservador The Telegraph vai al\u00e9m e diz que Bolsonaro pode&nbsp;<a href=\"https:\/\/www.telegraph.co.uk\/news\/2020\/05\/24\/man-broke-brazil-coronavirus-could-bring-tropical-trump\/\">ficar conhecido como &#8220;o homem que quebrou o Brasil&#8221;<\/a>.<\/p>\n\n\n\n<p>O texto cita declara\u00e7\u00f5es recentes do presidente, que classificou a pandemia como &#8220;histeria&#8221; e &#8220;resfriadinho&#8221;, e disse que estaria imune aos sintomas mais graves da doen\u00e7a gra\u00e7as a seu &#8220;hist\u00f3rico de atleta&#8221;.<\/p>\n\n\n\n<p>&#8220;Dois meses e 340 mil casos confirmados depois, o pequeno resfriado ceifou as vidas de pelo menos 20 mil brasileiros, e provavelmente muitos mais&#8221;, aponta o jornal.<\/p>\n\n\n\n<figure class=\"wp-block-image\"><img data-recalc-dims=\"1\" decoding=\"async\" src=\"https:\/\/i0.wp.com\/ichef.bbci.co.uk\/news\/624\/cpsprodpb\/B8A3\/production\/_112476274_capturadetela2020-05-25as17.54.10.png?w=600&#038;ssl=1\" alt=\"Pessoa com m\u00e1scara sendo retirada de pequeno avi\u00e3o\"\/><figcaption>Image captionO jornal conservador The Telegraph diz que Bolsonaro pode ficar conhecido como &#8216;o homem que quebrou o Brasil&#8217;<\/figcaption><\/figure>\n\n\n\n<p>O Telegraph destaca o Brasil como novo epicentro global da pandemia, &#8220;registrando m\u00e9dias di\u00e1rias mais altas que qualquer outro lugar no mundo&#8221;.<\/p>\n\n\n\n<p>O texto diz que os problemas de Bolsonaro n\u00e3o terminam a\u00ed e cita o v\u00eddeo da reuni\u00e3o ministerial &#8211; &#8220;um esc\u00e2ndalo que pode levar a um impeachment&#8221;, segundo o jornal.<\/p>\n\n\n\n<p>Ainda segundo a reportagem, a estrat\u00e9gia de Bolsonaro n\u00e3o encontra similares em nenhum lugar do mundo &#8211; &#8220;o presidente estimula uma cultura de bullying e desprezo pelos que pensam diferente&#8221;.<\/p>\n\n\n\n<p>&#8220;Um l\u00edder ciumento e vingativo dirigindo uma na\u00e7\u00e3o em crise&#8221;, descreve o jornal a partir de relatos de fontes no governo em Bras\u00edlia.<\/p>\n\n\n\n<h2 class=\"wp-block-heading\">NYT<\/h2>\n\n\n\n<p>Nos EUA, o jornal The New York Times destacou o&nbsp;<a href=\"https:\/\/www.nytimes.com\/2020\/05\/24\/world\/americas\/brazil-us-coronavirus-travel-ban.html?smid=tw-share\">veto de Trump a viajantes vindos do Brasil<\/a>.<\/p>\n\n\n\n<p>&#8220;Enquando hospitais colapsam e governadores imploravam por ajuda, Bolsonaro passou os \u00faltimos meses brigando com a Suprema Corte, com o Congresso e at\u00e9 com seus pr\u00f3prios ministros&#8221;, diz o jornal. &#8220;Agora ele se v\u00ea como alvo de uma investiga\u00e7\u00e3o que apura se ele protegeu sua fam\u00edlia de investiga\u00e7\u00f5es sobre corrup\u00e7\u00e3o.&#8221;<\/p>\n\n\n\n<p>O NYT aponta que o presidente brasileiro v\u00ea sua aprova\u00e7\u00e3o caindo, enquanto a pandemia est\u00e1 fora de controle no pa\u00eds.<\/p>\n\n\n\n<p>Segundo o jornal americano, o bloqueio vindo de um aliado como Trump \u00e9 um rev\u00e9s para Bolsonaro, que &#8220;repetidamente tentou ganhar capital pol\u00edtico a partir de sua afinidade ideol\u00f3gica com o presidente americano&#8221;.<\/p>\n\n\n\n<figure class=\"wp-block-image\"><img data-recalc-dims=\"1\" decoding=\"async\" src=\"https:\/\/i0.wp.com\/ichef.bbci.co.uk\/news\/624\/cpsprodpb\/6A83\/production\/_112476272_capturadetela2020-05-25as17.53.36.png?w=600&#038;ssl=1\" alt=\"T\u00edtulo de reportagem do NYT\"\/><figcaption>Image captionO NYT aponta que o presidente brasileiro v\u00ea sua aprova\u00e7\u00e3o caindo, enquanto a pandemia est\u00e1 fora de controle no pa\u00eds<\/figcaption><\/figure>\n\n\n\n<p>&#8220;O potencial de transmiss\u00e3o n\u00e3o detectada do v\u00edrus por indiv\u00edduos infectados que tentam entrar nos Estados Unidos oriundos do Brasil amea\u00e7am a seguran\u00e7a do nosso sistema de transporte e infraestrutura e a seguran\u00e7a nacional&#8221;, afirma a proclama\u00e7\u00e3o assinada por Trump no fim de semana.<\/p>\n\n\n\n<p>O veto, que passa a valer a partir do dia 29 deste m\u00eas, deixa de fora cidad\u00e3os americanos e estrangeiros com visto de resid\u00eancia permanente, entre outras exce\u00e7\u00f5es.<\/p>\n\n\n\n<p>O documento da Casa Branca cita dados da pandemia no Brasil para justificar a medida e uma avalia\u00e7\u00e3o do Centro para Preven\u00e7\u00e3o e Controle de Doen\u00e7as (CDC) de que o pa\u00eds est\u00e1 vivenciando uma ampla transmiss\u00e3o da covid-19.<\/p>\n\n\n\n<p>A secret\u00e1ria de imprensa da Casa Branca, Kayleigh McEnany, disse que as novas restri\u00e7\u00f5es ajudar\u00e3o a garantir que estrangeiros n\u00e3o tragam infec\u00e7\u00f5es adicionais para os EUA, mas n\u00e3o se aplicariam ao fluxo de com\u00e9rcio entre os pa\u00edses.<\/p>\n\n\n\n<p>&#8220;Bolsonaro se viu repetidamente esnobado pelo governo dos EUA&#8221;, lembra o jornal, citando amea\u00e7as de Trump de aumentar taxas sobre produtos exportados pelo Brasil e a possibilidade de vetar a entrada do Brasil na OCDE.<\/p>\n\n\n\n<h2 class=\"wp-block-heading\">Outros ve\u00edculos<\/h2>\n\n\n\n<p>Outros ve\u00edculos como a ag\u00eancia de not\u00edcias Reuters, a revista semanal Newsweek, o jornal brit\u00e2nico The Guardian e o portal econ\u00f4mico Business Insider tamb\u00e9m dedicaram textos repercutindo as m\u00e1s not\u00edcias associadas ao Brasil.<\/p>\n\n\n\n<p>Nesta segunda-feira, uma das principais not\u00edcias da Business Insider aponta, no t\u00edtulo, que &#8220;povos ind\u00edgenas do Brasil correm risco de &#8216;genoc\u00eddio'&#8221;, apontando taxas de mortalidade mais aceleradas que no restante da popula\u00e7\u00e3o.<\/p>\n","protected":false},"excerpt":{"rendered":"<p>BBC &#8211; Entre domingo (24\/5) e segunda-feira (25\/5), diversos ve\u00edculos de imprensa internacionais publicaram longos artigos e reportagens com duras cr\u00edticas \u00e0 resposta do presidente Jair Bolsonaro \u00e0 crise gerada pelo novo coronav\u00edrus. O brasileiro \u00e9 descrito um &#8220;l\u00edder vingativo&#8221;, com atua\u00e7\u00e3o &#8220;irrespons\u00e1vel e perigosa&#8221;, que investe seu tempo em brigas com ju\u00edzes, parlamentares e&#8230;<a class=\"more-link\" href=\"http:\/\/blogdalucianaoliveira.com.br\/blog\/2020\/05\/27\/coronavirus-a-imagem-de-bolsonaro-na-imprensa-internacional\/\">Continue a leitura <span class=\"meta-nav\">&raquo;<\/span><\/a><\/p>\n","protected":false},"author":1,"featured_media":0,"comment_status":"closed","ping_status":"open","sticky":false,"template":"","format":"standard","meta":{"_exactmetrics_skip_tracking":false,"_exactmetrics_sitenote_active":false,"_exactmetrics_sitenote_note":"","_exactmetrics_sitenote_category":0,"jetpack_post_was_ever_published":false,"_jetpack_newsletter_access":"","_jetpack_dont_email_post_to_subs":false,"_jetpack_newsletter_tier_id":0,"_jetpack_memberships_contains_paywalled_content":false,"_jetpack_memberships_contains_paid_content":false,"footnotes":"","jetpack_publicize_message":"","jetpack_publicize_feature_enabled":true,"jetpack_social_post_already_shared":true,"jetpack_social_options":{"image_generator_settings":{"template":"highway","enabled":false},"version":2}},"categories":[1],"tags":[],"class_list":["post-28420","post","type-post","status-publish","format-standard","hentry","category-notas"],"jetpack_publicize_connections":[],"jetpack_sharing_enabled":true,"jetpack_featured_media_url":"","jetpack_shortlink":"https:\/\/wp.me\/p7wKYW-7oo","jetpack-related-posts":[],"_links":{"self":[{"href":"http:\/\/blogdalucianaoliveira.com.br\/blog\/wp-json\/wp\/v2\/posts\/28420","targetHints":{"allow":["GET"]}}],"collection":[{"href":"http:\/\/blogdalucianaoliveira.com.br\/blog\/wp-json\/wp\/v2\/posts"}],"about":[{"href":"http:\/\/blogdalucianaoliveira.com.br\/blog\/wp-json\/wp\/v2\/types\/post"}],"author":[{"embeddable":true,"href":"http:\/\/blogdalucianaoliveira.com.br\/blog\/wp-json\/wp\/v2\/users\/1"}],"replies":[{"embeddable":true,"href":"http:\/\/blogdalucianaoliveira.com.br\/blog\/wp-json\/wp\/v2\/comments?post=28420"}],"version-history":[{"count":1,"href":"http:\/\/blogdalucianaoliveira.com.br\/blog\/wp-json\/wp\/v2\/posts\/28420\/revisions"}],"predecessor-version":[{"id":28421,"href":"http:\/\/blogdalucianaoliveira.com.br\/blog\/wp-json\/wp\/v2\/posts\/28420\/revisions\/28421"}],"wp:attachment":[{"href":"http:\/\/blogdalucianaoliveira.com.br\/blog\/wp-json\/wp\/v2\/media?parent=28420"}],"wp:term":[{"taxonomy":"category","embeddable":true,"href":"http:\/\/blogdalucianaoliveira.com.br\/blog\/wp-json\/wp\/v2\/categories?post=28420"},{"taxonomy":"post_tag","embeddable":true,"href":"http:\/\/blogdalucianaoliveira.com.br\/blog\/wp-json\/wp\/v2\/tags?post=28420"}],"curies":[{"name":"wp","href":"https:\/\/api.w.org\/{rel}","templated":true}]}}