{"id":28424,"date":"2020-05-28T07:58:23","date_gmt":"2020-05-28T11:58:23","guid":{"rendered":"http:\/\/blogdalucianaoliveira.com.br\/blog\/?p=28424"},"modified":"2020-05-28T07:58:31","modified_gmt":"2020-05-28T11:58:31","slug":"senadores-acionam-ministerio-publico-e-pedem-investigacao-e-afastamento-de-salles","status":"publish","type":"post","link":"http:\/\/blogdalucianaoliveira.com.br\/blog\/2020\/05\/28\/senadores-acionam-ministerio-publico-e-pedem-investigacao-e-afastamento-de-salles\/","title":{"rendered":"Senadores acionam Minist\u00e9rio P\u00fablico e pedem investiga\u00e7\u00e3o e afastamento de Salles"},"content":{"rendered":"\n<figure class=\"wp-block-image size-large\"><img data-recalc-dims=\"1\" loading=\"lazy\" decoding=\"async\" width=\"600\" height=\"338\" data-attachment-id=\"28425\" data-permalink=\"http:\/\/blogdalucianaoliveira.com.br\/blog\/2020\/05\/28\/senadores-acionam-ministerio-publico-e-pedem-investigacao-e-afastamento-de-salles\/image-99-2\/\" data-orig-file=\"https:\/\/i0.wp.com\/blogdalucianaoliveira.com.br\/blog\/wp-content\/uploads\/2020\/05\/image-99.jpeg?fit=660%2C372\" data-orig-size=\"660,372\" data-comments-opened=\"0\" data-image-meta=\"{&quot;aperture&quot;:&quot;0&quot;,&quot;credit&quot;:&quot;&quot;,&quot;camera&quot;:&quot;&quot;,&quot;caption&quot;:&quot;&quot;,&quot;created_timestamp&quot;:&quot;0&quot;,&quot;copyright&quot;:&quot;&quot;,&quot;focal_length&quot;:&quot;0&quot;,&quot;iso&quot;:&quot;0&quot;,&quot;shutter_speed&quot;:&quot;0&quot;,&quot;title&quot;:&quot;&quot;,&quot;orientation&quot;:&quot;0&quot;}\" data-image-title=\"image-99\" data-image-description=\"\" data-image-caption=\"\" data-medium-file=\"https:\/\/i0.wp.com\/blogdalucianaoliveira.com.br\/blog\/wp-content\/uploads\/2020\/05\/image-99.jpeg?fit=300%2C169\" data-large-file=\"https:\/\/i0.wp.com\/blogdalucianaoliveira.com.br\/blog\/wp-content\/uploads\/2020\/05\/image-99.jpeg?fit=600%2C338\" src=\"https:\/\/i0.wp.com\/blogdalucianaoliveira.com.br\/blog\/wp-content\/uploads\/2020\/05\/image-99.jpeg?resize=600%2C338\" alt=\"\" class=\"wp-image-28425\" srcset=\"https:\/\/i0.wp.com\/blogdalucianaoliveira.com.br\/blog\/wp-content\/uploads\/2020\/05\/image-99.jpeg?w=660 660w, https:\/\/i0.wp.com\/blogdalucianaoliveira.com.br\/blog\/wp-content\/uploads\/2020\/05\/image-99.jpeg?resize=300%2C169 300w, https:\/\/i0.wp.com\/blogdalucianaoliveira.com.br\/blog\/wp-content\/uploads\/2020\/05\/image-99.jpeg?resize=532%2C300 532w\" sizes=\"auto, (max-width: 600px) 100vw, 600px\" \/><\/figure>\n\n\n\n<p>Painel Folha &#8211; Os senadores Fabiano Contarato (Rede-ES) e Jaques Wagner (PT-BA) fizeram uma representa\u00e7\u00e3o ao Minist\u00e9rio P\u00fablico Federal e tamb\u00e9m apresentaram uma not\u00edcia crime \u00e0 Procuradoria-Geral da Rep\u00fablica contra o ministro\u00a0<a href=\"https:\/\/www1.folha.uol.com.br\/mercado\/2020\/05\/declaracao-de-salles-de-passar-a-boiada-provoca-guerra-de-anuncios.shtml\">Ricardo Salles (Meio Ambiente) pelas declara\u00e7\u00f5es na reuni\u00e3o do dia 22 de abril<\/a>.<\/p>\n\n\n\n<!--more-->\n\n\n\n<p>Os parlamentares comandam a Comiss\u00e3o de Meio Ambiente do Senado e querem que a Justi\u00e7a determine, de forma cautelar, o afastamento de Salles.<\/p>\n\n\n\n<p>Nas representa\u00e7\u00f5es, os parlamentares demandam ainda que seja apurada eventual conduta criminosa do ministro, quando ele afirma que o governo deve aproveitar que o foco da imprensa est\u00e1 na cobertura do coronav\u00edrus para \u201cpassar a boiada\u201d em flexibiliza\u00e7\u00f5es na legisla\u00e7\u00e3o ambiental.<\/p>\n","protected":false},"excerpt":{"rendered":"<p>Painel Folha &#8211; Os senadores Fabiano Contarato (Rede-ES) e Jaques Wagner (PT-BA) fizeram uma representa\u00e7\u00e3o ao Minist\u00e9rio P\u00fablico Federal e tamb\u00e9m apresentaram uma not\u00edcia crime \u00e0 Procuradoria-Geral da Rep\u00fablica contra o ministro\u00a0Ricardo Salles (Meio Ambiente) pelas declara\u00e7\u00f5es na reuni\u00e3o do dia 22 de abril.<\/p>\n","protected":false},"author":1,"featured_media":0,"comment_status":"closed","ping_status":"open","sticky":false,"template":"","format":"standard","meta":{"_exactmetrics_skip_tracking":false,"_exactmetrics_sitenote_active":false,"_exactmetrics_sitenote_note":"","_exactmetrics_sitenote_category":0,"jetpack_post_was_ever_published":false,"_jetpack_newsletter_access":"","_jetpack_dont_email_post_to_subs":false,"_jetpack_newsletter_tier_id":0,"_jetpack_memberships_contains_paywalled_content":false,"_jetpack_memberships_contains_paid_content":false,"footnotes":"","jetpack_publicize_message":"","jetpack_publicize_feature_enabled":true,"jetpack_social_post_already_shared":true,"jetpack_social_options":{"image_generator_settings":{"template":"highway","enabled":false},"version":2}},"categories":[1],"tags":[],"class_list":["post-28424","post","type-post","status-publish","format-standard","hentry","category-notas"],"jetpack_publicize_connections":[],"jetpack_sharing_enabled":true,"jetpack_featured_media_url":"","jetpack_shortlink":"https:\/\/wp.me\/p7wKYW-7os","jetpack-related-posts":[],"_links":{"self":[{"href":"http:\/\/blogdalucianaoliveira.com.br\/blog\/wp-json\/wp\/v2\/posts\/28424","targetHints":{"allow":["GET"]}}],"collection":[{"href":"http:\/\/blogdalucianaoliveira.com.br\/blog\/wp-json\/wp\/v2\/posts"}],"about":[{"href":"http:\/\/blogdalucianaoliveira.com.br\/blog\/wp-json\/wp\/v2\/types\/post"}],"author":[{"embeddable":true,"href":"http:\/\/blogdalucianaoliveira.com.br\/blog\/wp-json\/wp\/v2\/users\/1"}],"replies":[{"embeddable":true,"href":"http:\/\/blogdalucianaoliveira.com.br\/blog\/wp-json\/wp\/v2\/comments?post=28424"}],"version-history":[{"count":1,"href":"http:\/\/blogdalucianaoliveira.com.br\/blog\/wp-json\/wp\/v2\/posts\/28424\/revisions"}],"predecessor-version":[{"id":28426,"href":"http:\/\/blogdalucianaoliveira.com.br\/blog\/wp-json\/wp\/v2\/posts\/28424\/revisions\/28426"}],"wp:attachment":[{"href":"http:\/\/blogdalucianaoliveira.com.br\/blog\/wp-json\/wp\/v2\/media?parent=28424"}],"wp:term":[{"taxonomy":"category","embeddable":true,"href":"http:\/\/blogdalucianaoliveira.com.br\/blog\/wp-json\/wp\/v2\/categories?post=28424"},{"taxonomy":"post_tag","embeddable":true,"href":"http:\/\/blogdalucianaoliveira.com.br\/blog\/wp-json\/wp\/v2\/tags?post=28424"}],"curies":[{"name":"wp","href":"https:\/\/api.w.org\/{rel}","templated":true}]}}