{"id":28430,"date":"2020-05-28T11:06:19","date_gmt":"2020-05-28T15:06:19","guid":{"rendered":"http:\/\/blogdalucianaoliveira.com.br\/blog\/?p=28430"},"modified":"2020-05-28T11:06:26","modified_gmt":"2020-05-28T15:06:26","slug":"bolsonaro-diz-que-acabou-e-manda-pf-desobedecer-o-stf","status":"publish","type":"post","link":"http:\/\/blogdalucianaoliveira.com.br\/blog\/2020\/05\/28\/bolsonaro-diz-que-acabou-e-manda-pf-desobedecer-o-stf\/","title":{"rendered":"Bolsonaro diz que &#8220;acabou&#8221; e manda PF desobedecer o STF"},"content":{"rendered":"\n<figure class=\"wp-block-image size-large\"><img data-recalc-dims=\"1\" loading=\"lazy\" decoding=\"async\" width=\"600\" height=\"374\" data-attachment-id=\"28431\" data-permalink=\"http:\/\/blogdalucianaoliveira.com.br\/blog\/2020\/05\/28\/bolsonaro-diz-que-acabou-e-manda-pf-desobedecer-o-stf\/image-100-2\/\" data-orig-file=\"https:\/\/i0.wp.com\/blogdalucianaoliveira.com.br\/blog\/wp-content\/uploads\/2020\/05\/image-100.jpeg?fit=610%2C380\" data-orig-size=\"610,380\" data-comments-opened=\"0\" data-image-meta=\"{&quot;aperture&quot;:&quot;0&quot;,&quot;credit&quot;:&quot;&quot;,&quot;camera&quot;:&quot;&quot;,&quot;caption&quot;:&quot;&quot;,&quot;created_timestamp&quot;:&quot;0&quot;,&quot;copyright&quot;:&quot;&quot;,&quot;focal_length&quot;:&quot;0&quot;,&quot;iso&quot;:&quot;0&quot;,&quot;shutter_speed&quot;:&quot;0&quot;,&quot;title&quot;:&quot;&quot;,&quot;orientation&quot;:&quot;0&quot;}\" data-image-title=\"image-100\" data-image-description=\"\" data-image-caption=\"\" data-medium-file=\"https:\/\/i0.wp.com\/blogdalucianaoliveira.com.br\/blog\/wp-content\/uploads\/2020\/05\/image-100.jpeg?fit=300%2C187\" data-large-file=\"https:\/\/i0.wp.com\/blogdalucianaoliveira.com.br\/blog\/wp-content\/uploads\/2020\/05\/image-100.jpeg?fit=600%2C374\" src=\"https:\/\/i0.wp.com\/blogdalucianaoliveira.com.br\/blog\/wp-content\/uploads\/2020\/05\/image-100.jpeg?resize=600%2C374\" alt=\"\" class=\"wp-image-28431\" srcset=\"https:\/\/i0.wp.com\/blogdalucianaoliveira.com.br\/blog\/wp-content\/uploads\/2020\/05\/image-100.jpeg?w=610 610w, https:\/\/i0.wp.com\/blogdalucianaoliveira.com.br\/blog\/wp-content\/uploads\/2020\/05\/image-100.jpeg?resize=300%2C187 300w, https:\/\/i0.wp.com\/blogdalucianaoliveira.com.br\/blog\/wp-content\/uploads\/2020\/05\/image-100.jpeg?resize=482%2C300 482w\" sizes=\"auto, (max-width: 600px) 100vw, 600px\" \/><\/figure>\n\n\n\n<p><strong>Reuters<\/strong>&nbsp;&#8211; O presidente Jair Bolsonaro disse nesta quinta-feira que \u201cn\u00e3o haver\u00e1 mais outro dia como ontem\u201d e que \u201cacabou\u201d, numa refer\u00eancia \u00e0 opera\u00e7\u00e3o da Pol\u00edcia Federal que cumpriu mandados de busca e apreens\u00e3o na quarta contra pessoas aliadas a ele e acusadas de envolvimento na produ\u00e7\u00e3o e distribui\u00e7\u00e3o e fake news.<\/p>\n\n\n\n<!--more-->\n\n\n\n<p>Visivelmente irritado, Bolsonaro, ao sair do Pal\u00e1cio da Alvorada, fez um pronunciamento aos jornalistas e afirmou que n\u00e3o se pode mais aceitar que pessoas tomem decis\u00f5es individuais em nome de todos e que se est\u00e1 armando mais uma crise para \u201catrapalhar o Brasil\u201d.<\/p>\n\n\n\n<p>Segundo o presidente, \u201cordens absurdas\u201d n\u00e3o devem ser cumpridas pela Pol\u00edcia Federal. Ele disse que a opera\u00e7\u00e3o da v\u00e9spera teve o objetivo de atingir a \u00fanica m\u00eddia favor\u00e1vel a ele e que alguns pretendem tir\u00e1-lo da Presid\u00eancia para \u201cvoltar a roubar\u201d.<\/p>\n\n\n\n<p>\u201cN\u00e3o far\u00e3o que eu transgrida, me transforme em pseudo-ditador de direita\u201d, disse o presidente, afirmando ainda ser o chefe supremo das For\u00e7as Armadas e garantindo que est\u00e1 com \u201cas armas da democracia na m\u00e3o\u201d.<\/p>\n\n\n\n<p>Bolsonaro n\u00e3o aceitou perguntas dos rep\u00f3rteres e encerrou a fala quando um dos jornalistas tentou question\u00e1-lo.<\/p>\n","protected":false},"excerpt":{"rendered":"<p>Reuters&nbsp;&#8211; O presidente Jair Bolsonaro disse nesta quinta-feira que \u201cn\u00e3o haver\u00e1 mais outro dia como ontem\u201d e que \u201cacabou\u201d, numa refer\u00eancia \u00e0 opera\u00e7\u00e3o da Pol\u00edcia Federal que cumpriu mandados de busca e apreens\u00e3o na quarta contra pessoas aliadas a ele e acusadas de envolvimento na produ\u00e7\u00e3o e distribui\u00e7\u00e3o e fake news.<\/p>\n","protected":false},"author":1,"featured_media":0,"comment_status":"closed","ping_status":"open","sticky":false,"template":"","format":"standard","meta":{"_exactmetrics_skip_tracking":false,"_exactmetrics_sitenote_active":false,"_exactmetrics_sitenote_note":"","_exactmetrics_sitenote_category":0,"jetpack_post_was_ever_published":false,"_jetpack_newsletter_access":"","_jetpack_dont_email_post_to_subs":false,"_jetpack_newsletter_tier_id":0,"_jetpack_memberships_contains_paywalled_content":false,"_jetpack_memberships_contains_paid_content":false,"footnotes":"","jetpack_publicize_message":"","jetpack_publicize_feature_enabled":true,"jetpack_social_post_already_shared":true,"jetpack_social_options":{"image_generator_settings":{"template":"highway","enabled":false},"version":2}},"categories":[1],"tags":[],"class_list":["post-28430","post","type-post","status-publish","format-standard","hentry","category-notas"],"jetpack_publicize_connections":[],"jetpack_sharing_enabled":true,"jetpack_featured_media_url":"","jetpack_shortlink":"https:\/\/wp.me\/p7wKYW-7oy","jetpack-related-posts":[],"_links":{"self":[{"href":"http:\/\/blogdalucianaoliveira.com.br\/blog\/wp-json\/wp\/v2\/posts\/28430","targetHints":{"allow":["GET"]}}],"collection":[{"href":"http:\/\/blogdalucianaoliveira.com.br\/blog\/wp-json\/wp\/v2\/posts"}],"about":[{"href":"http:\/\/blogdalucianaoliveira.com.br\/blog\/wp-json\/wp\/v2\/types\/post"}],"author":[{"embeddable":true,"href":"http:\/\/blogdalucianaoliveira.com.br\/blog\/wp-json\/wp\/v2\/users\/1"}],"replies":[{"embeddable":true,"href":"http:\/\/blogdalucianaoliveira.com.br\/blog\/wp-json\/wp\/v2\/comments?post=28430"}],"version-history":[{"count":1,"href":"http:\/\/blogdalucianaoliveira.com.br\/blog\/wp-json\/wp\/v2\/posts\/28430\/revisions"}],"predecessor-version":[{"id":28432,"href":"http:\/\/blogdalucianaoliveira.com.br\/blog\/wp-json\/wp\/v2\/posts\/28430\/revisions\/28432"}],"wp:attachment":[{"href":"http:\/\/blogdalucianaoliveira.com.br\/blog\/wp-json\/wp\/v2\/media?parent=28430"}],"wp:term":[{"taxonomy":"category","embeddable":true,"href":"http:\/\/blogdalucianaoliveira.com.br\/blog\/wp-json\/wp\/v2\/categories?post=28430"},{"taxonomy":"post_tag","embeddable":true,"href":"http:\/\/blogdalucianaoliveira.com.br\/blog\/wp-json\/wp\/v2\/tags?post=28430"}],"curies":[{"name":"wp","href":"https:\/\/api.w.org\/{rel}","templated":true}]}}