{"id":28433,"date":"2020-05-28T14:53:14","date_gmt":"2020-05-28T18:53:14","guid":{"rendered":"http:\/\/blogdalucianaoliveira.com.br\/blog\/?p=28433"},"modified":"2020-05-28T14:53:23","modified_gmt":"2020-05-28T18:53:23","slug":"cpt-ro-realiza-live-de-lancamento-da-publicacao-conflitos-no-campo-brasil-2019","status":"publish","type":"post","link":"http:\/\/blogdalucianaoliveira.com.br\/blog\/2020\/05\/28\/cpt-ro-realiza-live-de-lancamento-da-publicacao-conflitos-no-campo-brasil-2019\/","title":{"rendered":"CPT RO realiza live de lan\u00e7amento da publica\u00e7\u00e3o Conflitos no Campo Brasil 2019"},"content":{"rendered":"\n<figure class=\"wp-block-image size-large\"><img data-recalc-dims=\"1\" loading=\"lazy\" decoding=\"async\" width=\"600\" height=\"503\" data-attachment-id=\"28434\" data-permalink=\"http:\/\/blogdalucianaoliveira.com.br\/blog\/2020\/05\/28\/cpt-ro-realiza-live-de-lancamento-da-publicacao-conflitos-no-campo-brasil-2019\/f1b806fb-9fe2-45fc-b521-f88978d1bdfe\/\" data-orig-file=\"https:\/\/i0.wp.com\/blogdalucianaoliveira.com.br\/blog\/wp-content\/uploads\/2020\/05\/F1B806FB-9FE2-45FC-B521-F88978D1BDFE.jpeg?fit=940%2C788\" data-orig-size=\"940,788\" data-comments-opened=\"0\" data-image-meta=\"{&quot;aperture&quot;:&quot;0&quot;,&quot;credit&quot;:&quot;&quot;,&quot;camera&quot;:&quot;&quot;,&quot;caption&quot;:&quot;&quot;,&quot;created_timestamp&quot;:&quot;0&quot;,&quot;copyright&quot;:&quot;&quot;,&quot;focal_length&quot;:&quot;0&quot;,&quot;iso&quot;:&quot;0&quot;,&quot;shutter_speed&quot;:&quot;0&quot;,&quot;title&quot;:&quot;&quot;,&quot;orientation&quot;:&quot;0&quot;}\" data-image-title=\"F1B806FB-9FE2-45FC-B521-F88978D1BDFE\" data-image-description=\"\" data-image-caption=\"\" data-medium-file=\"https:\/\/i0.wp.com\/blogdalucianaoliveira.com.br\/blog\/wp-content\/uploads\/2020\/05\/F1B806FB-9FE2-45FC-B521-F88978D1BDFE.jpeg?fit=300%2C251\" data-large-file=\"https:\/\/i0.wp.com\/blogdalucianaoliveira.com.br\/blog\/wp-content\/uploads\/2020\/05\/F1B806FB-9FE2-45FC-B521-F88978D1BDFE.jpeg?fit=600%2C503\" src=\"https:\/\/i0.wp.com\/blogdalucianaoliveira.com.br\/blog\/wp-content\/uploads\/2020\/05\/F1B806FB-9FE2-45FC-B521-F88978D1BDFE.jpeg?resize=600%2C503\" alt=\"\" class=\"wp-image-28434\" srcset=\"https:\/\/i0.wp.com\/blogdalucianaoliveira.com.br\/blog\/wp-content\/uploads\/2020\/05\/F1B806FB-9FE2-45FC-B521-F88978D1BDFE.jpeg?w=940 940w, https:\/\/i0.wp.com\/blogdalucianaoliveira.com.br\/blog\/wp-content\/uploads\/2020\/05\/F1B806FB-9FE2-45FC-B521-F88978D1BDFE.jpeg?resize=300%2C251 300w, https:\/\/i0.wp.com\/blogdalucianaoliveira.com.br\/blog\/wp-content\/uploads\/2020\/05\/F1B806FB-9FE2-45FC-B521-F88978D1BDFE.jpeg?resize=768%2C644 768w, https:\/\/i0.wp.com\/blogdalucianaoliveira.com.br\/blog\/wp-content\/uploads\/2020\/05\/F1B806FB-9FE2-45FC-B521-F88978D1BDFE.jpeg?resize=358%2C300 358w\" sizes=\"auto, (max-width: 600px) 100vw, 600px\" \/><\/figure>\n\n\n\n<p>A CPT Regional Rond\u00f4nia (CPT RO) realiza lan\u00e7amento virtual, nesta sexta-feira, 29, \u00e0s 14 horas (hora local, 15 horas em Bras\u00edlia) da publica\u00e7\u00e3o <em>Conflitos no Campo Brasil 2019<\/em>.<\/p>\n\n\n\n<!--more-->\n\n\n\n<p> <em>O lan\u00e7amento ser\u00e1 realizado ao vivo na p\u00e1gina da CPT no Facebook e no canal da CPT no Youtube<\/em>. Participam do lan\u00e7amento, Liliana Won Ancken, coordenadora da CPT RO; professor Afonso das Chagas, da Universidade Federal de Rond\u00f4nia (Unir); Vera L\u00facia Gabriel, Coordenadora do Conselho Indigenista Mission\u00e1rio de Rond\u00f4nia (Cimi RO). <\/p>\n\n\n\n<p>A live ser\u00e1 mediada por Ruben Siqueira, da coordena\u00e7\u00e3o nacional da CPT.<br> \ud83d\udccd <em>Saiba mais:<\/em> https:\/\/bit.ly\/2ZLL2V1<\/p>\n","protected":false},"excerpt":{"rendered":"<p>A CPT Regional Rond\u00f4nia (CPT RO) realiza lan\u00e7amento virtual, nesta sexta-feira, 29, \u00e0s 14 horas (hora local, 15 horas em Bras\u00edlia) da publica\u00e7\u00e3o Conflitos no Campo Brasil 2019.<\/p>\n","protected":false},"author":1,"featured_media":0,"comment_status":"closed","ping_status":"open","sticky":false,"template":"","format":"standard","meta":{"_exactmetrics_skip_tracking":false,"_exactmetrics_sitenote_active":false,"_exactmetrics_sitenote_note":"","_exactmetrics_sitenote_category":0,"jetpack_post_was_ever_published":false,"_jetpack_newsletter_access":"","_jetpack_dont_email_post_to_subs":false,"_jetpack_newsletter_tier_id":0,"_jetpack_memberships_contains_paywalled_content":false,"_jetpack_memberships_contains_paid_content":false,"footnotes":"","jetpack_publicize_message":"","jetpack_publicize_feature_enabled":true,"jetpack_social_post_already_shared":true,"jetpack_social_options":{"image_generator_settings":{"template":"highway","enabled":false},"version":2}},"categories":[1],"tags":[],"class_list":["post-28433","post","type-post","status-publish","format-standard","hentry","category-notas"],"jetpack_publicize_connections":[],"jetpack_sharing_enabled":true,"jetpack_featured_media_url":"","jetpack_shortlink":"https:\/\/wp.me\/p7wKYW-7oB","jetpack-related-posts":[],"_links":{"self":[{"href":"http:\/\/blogdalucianaoliveira.com.br\/blog\/wp-json\/wp\/v2\/posts\/28433","targetHints":{"allow":["GET"]}}],"collection":[{"href":"http:\/\/blogdalucianaoliveira.com.br\/blog\/wp-json\/wp\/v2\/posts"}],"about":[{"href":"http:\/\/blogdalucianaoliveira.com.br\/blog\/wp-json\/wp\/v2\/types\/post"}],"author":[{"embeddable":true,"href":"http:\/\/blogdalucianaoliveira.com.br\/blog\/wp-json\/wp\/v2\/users\/1"}],"replies":[{"embeddable":true,"href":"http:\/\/blogdalucianaoliveira.com.br\/blog\/wp-json\/wp\/v2\/comments?post=28433"}],"version-history":[{"count":1,"href":"http:\/\/blogdalucianaoliveira.com.br\/blog\/wp-json\/wp\/v2\/posts\/28433\/revisions"}],"predecessor-version":[{"id":28435,"href":"http:\/\/blogdalucianaoliveira.com.br\/blog\/wp-json\/wp\/v2\/posts\/28433\/revisions\/28435"}],"wp:attachment":[{"href":"http:\/\/blogdalucianaoliveira.com.br\/blog\/wp-json\/wp\/v2\/media?parent=28433"}],"wp:term":[{"taxonomy":"category","embeddable":true,"href":"http:\/\/blogdalucianaoliveira.com.br\/blog\/wp-json\/wp\/v2\/categories?post=28433"},{"taxonomy":"post_tag","embeddable":true,"href":"http:\/\/blogdalucianaoliveira.com.br\/blog\/wp-json\/wp\/v2\/tags?post=28433"}],"curies":[{"name":"wp","href":"https:\/\/api.w.org\/{rel}","templated":true}]}}