{"id":28436,"date":"2020-05-29T09:14:40","date_gmt":"2020-05-29T13:14:40","guid":{"rendered":"http:\/\/blogdalucianaoliveira.com.br\/blog\/?p=28436"},"modified":"2020-05-29T09:14:49","modified_gmt":"2020-05-29T13:14:49","slug":"nota-de-pesar-pelo-falecimento-de-rubens-gomes-o-rubao","status":"publish","type":"post","link":"http:\/\/blogdalucianaoliveira.com.br\/blog\/2020\/05\/29\/nota-de-pesar-pelo-falecimento-de-rubens-gomes-o-rubao\/","title":{"rendered":"Nota de pesar pelo falecimento de Rubens Gomes, o Rub\u00e3o"},"content":{"rendered":"\n<figure class=\"wp-block-image size-large\"><img data-recalc-dims=\"1\" loading=\"lazy\" decoding=\"async\" width=\"600\" height=\"400\" data-attachment-id=\"28437\" data-permalink=\"http:\/\/blogdalucianaoliveira.com.br\/blog\/2020\/05\/29\/nota-de-pesar-pelo-falecimento-de-rubens-gomes-o-rubao\/image-101-2\/\" data-orig-file=\"https:\/\/i0.wp.com\/blogdalucianaoliveira.com.br\/blog\/wp-content\/uploads\/2020\/05\/image-101.jpeg?fit=960%2C640\" data-orig-size=\"960,640\" data-comments-opened=\"0\" data-image-meta=\"{&quot;aperture&quot;:&quot;0&quot;,&quot;credit&quot;:&quot;&quot;,&quot;camera&quot;:&quot;&quot;,&quot;caption&quot;:&quot;&quot;,&quot;created_timestamp&quot;:&quot;0&quot;,&quot;copyright&quot;:&quot;&quot;,&quot;focal_length&quot;:&quot;0&quot;,&quot;iso&quot;:&quot;0&quot;,&quot;shutter_speed&quot;:&quot;0&quot;,&quot;title&quot;:&quot;&quot;,&quot;orientation&quot;:&quot;0&quot;}\" data-image-title=\"image-101\" data-image-description=\"\" data-image-caption=\"\" data-medium-file=\"https:\/\/i0.wp.com\/blogdalucianaoliveira.com.br\/blog\/wp-content\/uploads\/2020\/05\/image-101.jpeg?fit=300%2C200\" data-large-file=\"https:\/\/i0.wp.com\/blogdalucianaoliveira.com.br\/blog\/wp-content\/uploads\/2020\/05\/image-101.jpeg?fit=600%2C400\" src=\"https:\/\/i0.wp.com\/blogdalucianaoliveira.com.br\/blog\/wp-content\/uploads\/2020\/05\/image-101.jpeg?resize=600%2C400\" alt=\"\" class=\"wp-image-28437\" srcset=\"https:\/\/i0.wp.com\/blogdalucianaoliveira.com.br\/blog\/wp-content\/uploads\/2020\/05\/image-101.jpeg?w=960 960w, https:\/\/i0.wp.com\/blogdalucianaoliveira.com.br\/blog\/wp-content\/uploads\/2020\/05\/image-101.jpeg?resize=300%2C200 300w, https:\/\/i0.wp.com\/blogdalucianaoliveira.com.br\/blog\/wp-content\/uploads\/2020\/05\/image-101.jpeg?resize=768%2C512 768w, https:\/\/i0.wp.com\/blogdalucianaoliveira.com.br\/blog\/wp-content\/uploads\/2020\/05\/image-101.jpeg?resize=450%2C300 450w\" sizes=\"auto, (max-width: 600px) 100vw, 600px\" \/><\/figure>\n\n\n\n<p>A ag\u00eancia de jornalismo independente&nbsp;<strong>Amaz\u00f4nia Real&nbsp;<\/strong>lamenta profundamente a morte do socioambientalista, m\u00fasico, luthier e professor,&nbsp;<a rel=\"noreferrer noopener\" href=\"https:\/\/www.oela.org.br\/\" target=\"_blank\"><strong>Jos\u00e9 Rubens Ferreira Gomes, o Rub\u00e3o<\/strong><\/a>, fundador e diretor executivo da Oficina Escola de Lutheria da Amaz\u00f4nia \u2013&nbsp;OELA. Neste momento de profunda dor e consterna\u00e7\u00e3o, expressamos nossos sentimentos a sua esposa, J\u00e9ssica Gomes, aos familiares e amigos.<\/p>\n\n\n\n<!--more-->\n\n\n\n<p>Rub\u00e3o, 60 anos, \u00e9 reconhecido como um dos defensores hist\u00f3ricos da Floresta Amaz\u00f4nica e das popula\u00e7\u00f5es tradicionais. Foi<em>&nbsp;<\/em>presidente do Grupo de Trabalho Amaz\u00f4nico \u2013 GTA, L\u00edder Avina e&nbsp;<a rel=\"noreferrer noopener\" href=\"https:\/\/www.ashoka.org\/pt-br\/fellow\/rubens-gomes\" target=\"_blank\">Fellow Ashoka<\/a>, e presidente da&nbsp;<a rel=\"noreferrer noopener\" href=\"https:\/\/www.acritica.com\/channels\/cotidiano\/news\/pos-eleicoes-grupo-de-marina-silva-continua-organizado-no-am\" target=\"_blank\"><strong>Rede&nbsp;Sustentabilidade no Amazonas<\/strong><\/a>, partido fundado pela ex-senadora e ambientalista Marina Silva.&nbsp;<\/p>\n\n\n\n<p>Entre as a\u00e7\u00f5es de apoio \u00e0s popula\u00e7\u00f5es quilombolas, coordenou a constru\u00e7\u00e3o do Protocolos Comunit\u00e1rios&nbsp;<strong><a rel=\"noreferrer noopener\" href=\"http:\/\/www.gta.org.br\/?p=2254\" target=\"_blank\">no Arquip\u00e9lago do Bailique e Beira do Amazonas, ambos no estado do Amap\u00e1.<\/a><\/strong><\/p>\n\n\n\n<p>Em 1997, como professor do Centro de Artes da Universidade Federal do Amazonas, o luthier Rubens Gomes, incomodado com a viol\u00eancia entre jovens e adolescentes da zona Leste de Manaus, se mudou para o bairro do Zumbi dos Palmares 2. Ele queria transformar a vida dos jovens fomentando a educa\u00e7\u00e3o e a ecologia. No ano seguinte, Rub\u00e3o criou a Oficina Escola de Lutheria da Amaz\u00f4nia para atender estudantes de fam\u00edlias de baixa renda da comunidade.&nbsp;<\/p>\n\n\n\n<p>A escola tornou-se uma refer\u00eancia na produ\u00e7\u00e3o de instrumentos musicais de corda, arte e inform\u00e1tica. A luteria \u00e9 a arte e ci\u00eancia de construir instrumentos musicais com cordas dedilhadas e caixa de resson\u00e2ncia, como o viol\u00e3o.<\/p>\n\n\n\n<p>O trabalho na OELA chamou a aten\u00e7\u00e3o do herdeiro do trono da Inglaterra. Em 2009, o<a href=\"https:\/\/m.folha.uol.com.br\/poder\/2009\/03\/534481-em-manaus-principe-charles-diz-que-vai-defender-criacao-de-fundo-de-apoio-as-florestas.shtml\" target=\"_blank\" rel=\"noreferrer noopener\">&nbsp;<strong>pr\u00edncipe de Gales, Charles Philip Arthur George<\/strong><\/a>, e sua mulher, Camilla Parker Bowles, Duquesa da Cornualha,&nbsp;visitaram Oficina Escola de Lutheria da Amaz\u00f4nia de Rub\u00e3o.&nbsp;<\/p>\n\n\n\n<p>Reconhecida pelo MEC e pela UNICEF, a escola j\u00e1 atendeu mais de 20 mil crian\u00e7as e adolescentes. Al\u00e9m de aprenderem a construir instrumentos de corda com madeira certificada pelo selo FSC, os alunos e suas fam\u00edlias desenvolvem atividades na educa\u00e7\u00e3o de cunho psicossocial, esportivo, ambiental, art\u00edstico e profissionalizante.&nbsp;<strong><a rel=\"noreferrer noopener\" href=\"http:\/\/www.ecodesenvolvimento.org\/noticias\/inspire-se-o-luthier-da-floresta-amazonica\" target=\"_blank\">Em 2019, a OELA recebeu o Pr\u00eamio Finep, na categoria Tecnologia Social.&nbsp;<\/a><\/strong><\/p>\n\n\n\n<p>Em 2018,&nbsp;<a rel=\"noreferrer noopener\" href=\"http:\/\/amazonia.org.br\/2018\/11\/campanha-por-rubens-gomes-30-anos-de-ativismo-socioambiental-na-amazonia-e-chegou-a-nossa-vez-de-retribuir\/\" target=\"_blank\"><strong>Rub\u00e3o foi internado com problema nos pulm\u00f5es<\/strong><\/a>, agravado ap\u00f3s a ocorr\u00eancia de uma grande queimada na floresta, no Amap\u00e1. Ele passou por um transplante e estava em recupera\u00e7\u00e3o no Rio Grande do Sul. De volta a Manaus este ano, o ambientalista continuava em tratamento em casa.&nbsp;<\/p>\n\n\n\n<p>Mesmo no isolamento social imposto pela pandemia do novo coronav\u00edrus, Rubens Gomes coordenava a a\u00e7\u00e3o de entrega de cestas b\u00e1sicas para as fam\u00edlias de baixa renda da periferia de Manaus. No final de semana passou mal e foi internado na UTI do Hospital da Unimed. Ele faleceu na noite desta quinta-feira (28 de maio) por insufici\u00eancia respirat\u00f3ria, informou sua fam\u00edlia.&nbsp;<\/p>\n\n\n\n<p>Rubens Gomes nasceu no munic\u00edpio de Serra do Navio, no Amap\u00e1. Estudou m\u00fasica na Universidade Federal do Par\u00e1 (UFPA) e na Universidade de Bras\u00edlia (UnB). Em 2015, o ambientalista recebeu a&nbsp;<a rel=\"noreferrer noopener\" href=\"https:\/\/amazonasnoticias.com.br\/fundador-da-oela-rubens-gomes-e-homenageado-na-aleam\/\" target=\"_blank\"><strong>Medalha da Ordem do M\u00e9rito<\/strong><\/a>Legislativo, da Assembleia Legislativa do Amazonas em reconhecimento ao seu trabalho. Ao receber a homenagem Rub\u00e3o disse: \u201cA transforma\u00e7\u00e3o social s\u00f3 ser\u00e1 poss\u00edvel em nosso pa\u00eds se todos fizerem sua parte, e n\u00f3s escolhemos fazer a nossa parte\u201d.&nbsp;<\/p>\n\n\n\n\n\n<hr class=\"wp-block-separator\"\/>\n\n\n\n<p><strong>Os textos, fotografias e v\u00eddeos produzidos pela equipe da ag\u00eancia Amaz\u00f4nia Real est\u00e3o licenciados com uma Licen\u00e7a&nbsp;<a rel=\"noreferrer noopener\" href=\"http:\/\/creativecommons.org\/licenses\/by\/4.0\/\" target=\"_blank\">Creative Commons \u2013 Atribui\u00e7\u00e3o 4.0 Internacional e podem ser republicados na m\u00eddia: jornais impressos, revistas, sites, blogs, livros did\u00e1ticos e de literatura; com o cr\u00e9dito do autor e da ag\u00eancia Amaz\u00f4nia Real.&nbsp;<\/a>Fotografias cedidas ou produzidas por outros ve\u00edculos e organiza\u00e7\u00f5es n\u00e3o atendem a essa licen\u00e7a.<\/strong>&nbsp;<\/p>\n","protected":false},"excerpt":{"rendered":"<p>A ag\u00eancia de jornalismo independente&nbsp;Amaz\u00f4nia Real&nbsp;lamenta profundamente a morte do socioambientalista, m\u00fasico, luthier e professor,&nbsp;Jos\u00e9 Rubens Ferreira Gomes, o Rub\u00e3o, fundador e diretor executivo da Oficina Escola de Lutheria da Amaz\u00f4nia \u2013&nbsp;OELA. Neste momento de profunda dor e consterna\u00e7\u00e3o, expressamos nossos sentimentos a sua esposa, J\u00e9ssica Gomes, aos familiares e amigos.<\/p>\n","protected":false},"author":1,"featured_media":0,"comment_status":"closed","ping_status":"open","sticky":false,"template":"","format":"standard","meta":{"_exactmetrics_skip_tracking":false,"_exactmetrics_sitenote_active":false,"_exactmetrics_sitenote_note":"","_exactmetrics_sitenote_category":0,"jetpack_post_was_ever_published":false,"_jetpack_newsletter_access":"","_jetpack_dont_email_post_to_subs":false,"_jetpack_newsletter_tier_id":0,"_jetpack_memberships_contains_paywalled_content":false,"_jetpack_memberships_contains_paid_content":false,"footnotes":"","jetpack_publicize_message":"","jetpack_publicize_feature_enabled":true,"jetpack_social_post_already_shared":true,"jetpack_social_options":{"image_generator_settings":{"template":"highway","enabled":false},"version":2}},"categories":[1],"tags":[],"class_list":["post-28436","post","type-post","status-publish","format-standard","hentry","category-notas"],"jetpack_publicize_connections":[],"jetpack_sharing_enabled":true,"jetpack_featured_media_url":"","jetpack_shortlink":"https:\/\/wp.me\/p7wKYW-7oE","jetpack-related-posts":[],"_links":{"self":[{"href":"http:\/\/blogdalucianaoliveira.com.br\/blog\/wp-json\/wp\/v2\/posts\/28436","targetHints":{"allow":["GET"]}}],"collection":[{"href":"http:\/\/blogdalucianaoliveira.com.br\/blog\/wp-json\/wp\/v2\/posts"}],"about":[{"href":"http:\/\/blogdalucianaoliveira.com.br\/blog\/wp-json\/wp\/v2\/types\/post"}],"author":[{"embeddable":true,"href":"http:\/\/blogdalucianaoliveira.com.br\/blog\/wp-json\/wp\/v2\/users\/1"}],"replies":[{"embeddable":true,"href":"http:\/\/blogdalucianaoliveira.com.br\/blog\/wp-json\/wp\/v2\/comments?post=28436"}],"version-history":[{"count":1,"href":"http:\/\/blogdalucianaoliveira.com.br\/blog\/wp-json\/wp\/v2\/posts\/28436\/revisions"}],"predecessor-version":[{"id":28438,"href":"http:\/\/blogdalucianaoliveira.com.br\/blog\/wp-json\/wp\/v2\/posts\/28436\/revisions\/28438"}],"wp:attachment":[{"href":"http:\/\/blogdalucianaoliveira.com.br\/blog\/wp-json\/wp\/v2\/media?parent=28436"}],"wp:term":[{"taxonomy":"category","embeddable":true,"href":"http:\/\/blogdalucianaoliveira.com.br\/blog\/wp-json\/wp\/v2\/categories?post=28436"},{"taxonomy":"post_tag","embeddable":true,"href":"http:\/\/blogdalucianaoliveira.com.br\/blog\/wp-json\/wp\/v2\/tags?post=28436"}],"curies":[{"name":"wp","href":"https:\/\/api.w.org\/{rel}","templated":true}]}}