{"id":28445,"date":"2020-05-29T09:36:30","date_gmt":"2020-05-29T13:36:30","guid":{"rendered":"http:\/\/blogdalucianaoliveira.com.br\/blog\/?p=28445"},"modified":"2020-05-29T09:36:35","modified_gmt":"2020-05-29T13:36:35","slug":"o-isolamento-social-diminui-o-numero-de-infectados-no-estado-de-rondonia-parte-2","status":"publish","type":"post","link":"http:\/\/blogdalucianaoliveira.com.br\/blog\/2020\/05\/29\/o-isolamento-social-diminui-o-numero-de-infectados-no-estado-de-rondonia-parte-2\/","title":{"rendered":"O isolamento social diminui o n\u00famero de infectados no Estado de Rond\u00f4nia- Parte 2"},"content":{"rendered":"\n<figure class=\"wp-block-image size-large\"><img data-recalc-dims=\"1\" loading=\"lazy\" decoding=\"async\" width=\"600\" height=\"337\" data-attachment-id=\"28446\" data-permalink=\"http:\/\/blogdalucianaoliveira.com.br\/blog\/2020\/05\/29\/o-isolamento-social-diminui-o-numero-de-infectados-no-estado-de-rondonia-parte-2\/56f7d2da-cc9f-4f67-b9fa-067358c15a9b\/\" data-orig-file=\"https:\/\/i0.wp.com\/blogdalucianaoliveira.com.br\/blog\/wp-content\/uploads\/2020\/05\/56F7D2DA-CC9F-4F67-B9FA-067358C15A9B.jpeg?fit=739%2C415\" data-orig-size=\"739,415\" data-comments-opened=\"0\" data-image-meta=\"{&quot;aperture&quot;:&quot;0&quot;,&quot;credit&quot;:&quot;&quot;,&quot;camera&quot;:&quot;&quot;,&quot;caption&quot;:&quot;&quot;,&quot;created_timestamp&quot;:&quot;0&quot;,&quot;copyright&quot;:&quot;&quot;,&quot;focal_length&quot;:&quot;0&quot;,&quot;iso&quot;:&quot;0&quot;,&quot;shutter_speed&quot;:&quot;0&quot;,&quot;title&quot;:&quot;&quot;,&quot;orientation&quot;:&quot;0&quot;}\" data-image-title=\"56F7D2DA-CC9F-4F67-B9FA-067358C15A9B\" data-image-description=\"\" data-image-caption=\"\" data-medium-file=\"https:\/\/i0.wp.com\/blogdalucianaoliveira.com.br\/blog\/wp-content\/uploads\/2020\/05\/56F7D2DA-CC9F-4F67-B9FA-067358C15A9B.jpeg?fit=300%2C168\" data-large-file=\"https:\/\/i0.wp.com\/blogdalucianaoliveira.com.br\/blog\/wp-content\/uploads\/2020\/05\/56F7D2DA-CC9F-4F67-B9FA-067358C15A9B.jpeg?fit=600%2C337\" src=\"https:\/\/i0.wp.com\/blogdalucianaoliveira.com.br\/blog\/wp-content\/uploads\/2020\/05\/56F7D2DA-CC9F-4F67-B9FA-067358C15A9B.jpeg?resize=600%2C337\" alt=\"\" class=\"wp-image-28446\" srcset=\"https:\/\/i0.wp.com\/blogdalucianaoliveira.com.br\/blog\/wp-content\/uploads\/2020\/05\/56F7D2DA-CC9F-4F67-B9FA-067358C15A9B.jpeg?w=739 739w, https:\/\/i0.wp.com\/blogdalucianaoliveira.com.br\/blog\/wp-content\/uploads\/2020\/05\/56F7D2DA-CC9F-4F67-B9FA-067358C15A9B.jpeg?resize=300%2C168 300w, https:\/\/i0.wp.com\/blogdalucianaoliveira.com.br\/blog\/wp-content\/uploads\/2020\/05\/56F7D2DA-CC9F-4F67-B9FA-067358C15A9B.jpeg?resize=534%2C300 534w\" sizes=\"auto, (max-width: 600px) 100vw, 600px\" \/><\/figure>\n\n\n\n<p>Artur de Souza Moret-\u00a0\u00a0<a href=\"mailto:amoret@unir.br\">amoret@unir.br<\/a>, no Grupo de Pesquisa Energia Renov\u00e1vel Sustent\u00e1vel -GPERS<\/p>\n\n\n\n<!--more-->\n\n\n\n<p><\/p>\n\n\n\n<p>APRESENTA\u00c7\u00c3O&nbsp;<\/p>\n\n\n\n<p>O presente texto \u00e9 a continua\u00e7\u00e3o de&nbsp;O isolamento social diminui o n\u00famero de infectados no Estado de Rond\u00f4nia- Parte 1<strong>(MORET, 2020a, 17\/05\/2020)<\/strong>&nbsp;onde foi demonstrado que o aumento do isolamento social diminui a quantidade de contaminados e de \u00f3bitos no Estado de Rond\u00f4nia.<\/p>\n\n\n\n<p>Os dados de infectados divulgados pelo Estado de Rond\u00f4nia n\u00e3o refletem a realidade de contaminados em RO, porque as taxas de crescimento est\u00e3o altas, o \u00edndice de isolamento social (IN LOCO, 2020) \u00e9 baixo e os dados mostram que est\u00e1 diminuindo. A hip\u00f3tese balizadora deste texto \u00e9 que estes dados n\u00e3o v\u00e3o mudar imediatamente, a quantidade de infectados continuar\u00e1 crescendo pelo menos at\u00e9 a primeira metade de junho e a partir desse per\u00edodo pode diminuir a taxa de crescimento com a interven\u00e7\u00e3o do Poder P\u00fablico; as taxas de contamina\u00e7\u00e3o e de mortes continuam por 10 dias e quando os valores de infectados e de \u00f3bitos chegar a valores que assustam as autoridades v\u00e3o proporcionar o isolamento mais rigoroso e com isso os dados ir\u00e3o diminuir.<\/p>\n\n\n\n<p>Neste texto s\u00e3o apresentados tr\u00eas tipos de dados preditivos at\u00e9 24\/07 de infectados (positivados), de \u00f3bitos e do total de contaminados que \u00e9 uma corre\u00e7\u00e3o dos dados disponibilizados oficialmente. Todos os valores tem como refer\u00eancia as taxas de isolamento e se a testagem continuar nas mesmas condi\u00e7\u00f5es que est\u00e3o at\u00e9 o momento e introduzindo a hip\u00f3tese de altera\u00e7\u00e3o, mesmo que tardia, de um isolamento social mais rigoroso; todos os dados tem como refer\u00eancia o modelo apresentado no texto 1, baseado na taxa de sub-notifica\u00e7\u00e3o e na taxa de contamina\u00e7\u00e3o.<\/p>\n\n\n\n<p>As condi\u00e7\u00f5es atuais de enfrentamento do coronav\u00edrus implementadas no Estado de Rond\u00f4nia produzem:<\/p>\n\n\n\n<p>&#8211; o pico da pandemia deve chegar somente na segunda quinzena de julho;<\/p>\n\n\n\n<p>&#8211; o numero de&nbsp;infectados podem passar de 10 mil pessoas;<\/p>\n\n\n\n<p>&#8211; o n\u00famero de mortos por coronav\u00edrus pode passar de 400 neste per\u00edodo;<\/p>\n\n\n\n<p>&#8211; o n\u00famero de contaminados no Estado de Rond\u00f4nia pode chegar a 116mil em 21\/07;<\/p>\n\n\n\n<p>&#8211; os dados apresentados no texto 1 indicam que se o isolamento social aumentar a quantidade de infectados e mortes diminuem de maneira significativa, como exemplo, se o isolamento social aumentar a 70% do valor atual o n\u00famero de infectados cai 29% e de \u00f3bitos cai 34%.<\/p>\n\n\n\n<p>Acesso o texto completo no link a seguir:&nbsp;<a href=\"http:\/\/www.energsust.unir.br\/uploads\/88943397\/arquivos\/imagensartigos\/simulacao%20da%20quantidade%20de%20infectados%2025%20de%20maio%20parte%202.pdf\">simulacao da quantidade de infectados 25 de maio parte 2<\/a>&nbsp;<\/p>\n\n\n\n<p>Os dados tratados neste artigo est\u00e3o dispon\u00edveis no link:&nbsp;<a href=\"http:\/\/www.energsust.unir.br\/uploads\/88943397\/arquivos\/imagensartigos\/dados%20texto%202.pdf\">dados texto 2<\/a><\/p>\n\n\n\n<p><strong>Fonte:<\/strong>&nbsp;GPERS<\/p>\n","protected":false},"excerpt":{"rendered":"<p>Artur de Souza Moret-\u00a0\u00a0amoret@unir.br, no Grupo de Pesquisa Energia Renov\u00e1vel Sustent\u00e1vel -GPERS<\/p>\n","protected":false},"author":1,"featured_media":0,"comment_status":"closed","ping_status":"open","sticky":false,"template":"","format":"standard","meta":{"_exactmetrics_skip_tracking":false,"_exactmetrics_sitenote_active":false,"_exactmetrics_sitenote_note":"","_exactmetrics_sitenote_category":0,"jetpack_post_was_ever_published":false,"_jetpack_newsletter_access":"","_jetpack_dont_email_post_to_subs":false,"_jetpack_newsletter_tier_id":0,"_jetpack_memberships_contains_paywalled_content":false,"_jetpack_memberships_contains_paid_content":false,"footnotes":"","jetpack_publicize_message":"","jetpack_publicize_feature_enabled":true,"jetpack_social_post_already_shared":true,"jetpack_social_options":{"image_generator_settings":{"template":"highway","enabled":false},"version":2}},"categories":[1],"tags":[],"class_list":["post-28445","post","type-post","status-publish","format-standard","hentry","category-notas"],"jetpack_publicize_connections":[],"jetpack_sharing_enabled":true,"jetpack_featured_media_url":"","jetpack_shortlink":"https:\/\/wp.me\/p7wKYW-7oN","jetpack-related-posts":[],"_links":{"self":[{"href":"http:\/\/blogdalucianaoliveira.com.br\/blog\/wp-json\/wp\/v2\/posts\/28445","targetHints":{"allow":["GET"]}}],"collection":[{"href":"http:\/\/blogdalucianaoliveira.com.br\/blog\/wp-json\/wp\/v2\/posts"}],"about":[{"href":"http:\/\/blogdalucianaoliveira.com.br\/blog\/wp-json\/wp\/v2\/types\/post"}],"author":[{"embeddable":true,"href":"http:\/\/blogdalucianaoliveira.com.br\/blog\/wp-json\/wp\/v2\/users\/1"}],"replies":[{"embeddable":true,"href":"http:\/\/blogdalucianaoliveira.com.br\/blog\/wp-json\/wp\/v2\/comments?post=28445"}],"version-history":[{"count":1,"href":"http:\/\/blogdalucianaoliveira.com.br\/blog\/wp-json\/wp\/v2\/posts\/28445\/revisions"}],"predecessor-version":[{"id":28447,"href":"http:\/\/blogdalucianaoliveira.com.br\/blog\/wp-json\/wp\/v2\/posts\/28445\/revisions\/28447"}],"wp:attachment":[{"href":"http:\/\/blogdalucianaoliveira.com.br\/blog\/wp-json\/wp\/v2\/media?parent=28445"}],"wp:term":[{"taxonomy":"category","embeddable":true,"href":"http:\/\/blogdalucianaoliveira.com.br\/blog\/wp-json\/wp\/v2\/categories?post=28445"},{"taxonomy":"post_tag","embeddable":true,"href":"http:\/\/blogdalucianaoliveira.com.br\/blog\/wp-json\/wp\/v2\/tags?post=28445"}],"curies":[{"name":"wp","href":"https:\/\/api.w.org\/{rel}","templated":true}]}}