{"id":28449,"date":"2020-05-29T16:48:29","date_gmt":"2020-05-29T20:48:29","guid":{"rendered":"http:\/\/blogdalucianaoliveira.com.br\/blog\/?p=28449"},"modified":"2020-05-29T16:48:33","modified_gmt":"2020-05-29T20:48:33","slug":"morre-gilberto-dimenstein-o-carl-bernstein-de-toda-uma-geracao-de-jornalistas","status":"publish","type":"post","link":"http:\/\/blogdalucianaoliveira.com.br\/blog\/2020\/05\/29\/morre-gilberto-dimenstein-o-carl-bernstein-de-toda-uma-geracao-de-jornalistas\/","title":{"rendered":"Morre Gilberto Dimenstein, o Carl Bernstein de toda uma gera\u00e7\u00e3o de jornalistas"},"content":{"rendered":"\n<figure class=\"wp-block-image\"><img data-recalc-dims=\"1\" decoding=\"async\" src=\"https:\/\/i0.wp.com\/publisher-publish.s3.eu-central-1.amazonaws.com\/pb-brasil247\/swp\/jtjeq9\/media\/20200529160548_9d47a8de-d527-470d-a3c6-5c38b522e692.jpeg?w=600&#038;ssl=1\" alt=\"\"\/><\/figure>\n\n\n\n<p><strong>Por Cynara Menezes, para o\u00a0<\/strong><a rel=\"noreferrer noopener\" target=\"_blank\" href=\"https:\/\/catarse.me\/jornalistaspelademocracia\"><strong>Jornalistas pela Democracia<\/strong><\/a>\u00a0 &#8211; A partir da segunda metade da d\u00e9cada de 1980, todo estudante de jornalismo no pa\u00eds sonhava trabalhar na\u00a0<em>Folha de S.Paulo<\/em>, o \u201cjornal das Diretas-J\u00e1\u201d, e ser o Gilberto Dimenstein (1956-2020). Com este sobrenome marcante de origem polonesa que muita gente fala errado at\u00e9 hoje, Gilberto se tornara o ep\u00edteto do rep\u00f3rter intr\u00e9pido perseguidor de \u201cfuros\u201d, o\u00a0<a rel=\"noreferrer noopener\" target=\"_blank\" href=\"https:\/\/en.wikipedia.org\/wiki\/Carl_Bernstein\">Carl Bernstein<\/a>\u00a0brasileiro para toda uma gera\u00e7\u00e3o de jornalistas. Bernstein, Dimenstein. At\u00e9 rima (mas a pron\u00fancia \u00e9 diferente: \u201cbernst\u00edn\u201d e \u201cdimenst\u00e1in\u201d).<\/p>\n\n\n\n<!--more-->\n\n\n\n<blockquote class=\"wp-block-quote is-layout-flow wp-block-quote-is-layout-flow\"><p><em>Encontrar um prop\u00f3sito na vida e nos tornar seres humanos melhores: s\u00f3 pode ser esse o significado de estarmos enterrando tantas pessoas queridas em um per\u00edodo t\u00e3o triste da nossa Hist\u00f3ria<\/em><\/p><\/blockquote>\n\n\n\n<p>Em 1989, eu tinha 22 anos e dois de formada pela UFBA quando decidi ir para Bras\u00edlia arriscar a vida e tentar, como todo mundo, virar rep\u00f3rter da&nbsp;<em>Folha<\/em>. Depois de alguns meses como estagi\u00e1ria na revista&nbsp;<em>Isto\u00c9\/Senhor<\/em>, pedi a Bob Fernandes, o diretor de reda\u00e7\u00e3o, que me indicasse para Gilberto Dimenstein, ent\u00e3o diretor da sucursal de Bras\u00edlia, ao lado de Josias de Souza. Bob, sabedor da influ\u00eancia de Dimenstein sobre n\u00f3s, focas, tirou onda:<\/p>\n\n\n\n<p>\u2013Vai falar com Deus, hein?<\/p>\n\n\n\n<p>De fato foi com as pernas bambas e o cora\u00e7\u00e3o a mil que me dirigi, curr\u00edculo em punho, at\u00e9 a antiga sede da sucursal, na quadra 104 Sul. Mas Gilberto me recebeu em sua sala e logo quebrou o gelo, muito simp\u00e1tico com sua fala mansa e mexendo no cabelo num auto-cafun\u00e9 que para mim \u00e9 sua marca, e chamou Josias para me conhecer. Acabei sendo contratada e, embora desta primeira vez&nbsp;<a target=\"_blank\" rel=\"noreferrer noopener\" href=\"http:\/\/www.socialistamorena.com.br\/jornalista-tem-complexo-de-elite\/\">tenha ficado pouco tempo<\/a>, este seria o in\u00edcio de uma rela\u00e7\u00e3o de 15 anos com a&nbsp;<em>Folha<\/em>, entre idas e vindas. Sempre que me via, Gilberto dizia que eu nunca devia ter deixado o jornal.<\/p>\n\n\n\n<p>Ele mesmo foi deixando a&nbsp;<em>Folha<\/em>&nbsp;aos poucos, at\u00e9 porque perdeu logo o tes\u00e3o para as mat\u00e9rias investigativas e partiu para um jornalismo de cunho social, de defesa dos direitos humanos e da inf\u00e2ncia. Em S\u00e3o Paulo voltamos a nos encontrar, Gilberto j\u00e1 \u00e0 frente do projeto Aprendiz, que fundou no final da d\u00e9cada de 1990 na Vila Madalena, voltado \u00e0 educa\u00e7\u00e3o de jovens carentes pela arte, e depois, do site&nbsp;<em>Catraca Livre<\/em>. Virou vegetariano, comprou uma bicicleta, deixou a carta de motorista vencer e passou a circular a p\u00e9, de metr\u00f4 ou de carona com a mulher, Anna Penido.<\/p>\n\n\n\n<p>Dimenstein poderia ter se tornado um rep\u00f3rter ainda mais famoso (e poderoso) do que foi, comentarista de TV onde desejasse, mas fez a op\u00e7\u00e3o por ser alternativo \u2013e, diga-se de passagem, tamb\u00e9m foi multipremiado pela atua\u00e7\u00e3o social. Alguns de nossos colegas viam na decis\u00e3o uma guinada motivada pela vaidade. Vaidade? E quem n\u00e3o \u00e9 vaidoso nessa profiss\u00e3o, gente? Como se a inveja tamb\u00e9m n\u00e3o fosse muita\u2026<\/p>\n\n\n\n<blockquote class=\"wp-block-quote is-layout-flow wp-block-quote-is-layout-flow\"><p>Morre hoje, 29, o jornalista Gilberto Dimenstein. A luta contra o c\u00e2ncer levou o fundador da Catraca Livre, mas sua determina\u00e7\u00e3o em construir uma comunidade mais igualit\u00e1ria, saud\u00e1vel e gentil, continua nesta p\u00e1gina&nbsp;<a target=\"_blank\" rel=\"noreferrer noopener\" href=\"https:\/\/t.co\/hhumRqN6aR\">pic.twitter.com\/hhumRqN6aR<\/a>\u2014 Catraca Livre (@catracalivre)&nbsp;<a target=\"_blank\" rel=\"noreferrer noopener\" href=\"https:\/\/twitter.com\/catracalivre\/status\/1266375365930278912?ref_src=twsrc%5Etfw\">May 29, 2020<\/a><\/p><\/blockquote>\n\n\n\n<p>Eu honestamente nunca vi Gilberto Dimenstein dedicado a alguma causa que n\u00e3o fosse voltada para o bem comum e para o Brasil. N\u00e3o \u00e9 \u00e0 toa a raiva que ele sentia, nos \u00faltimos anos de vida, por ver Jair Bolsonaro e Donald Trump no poder, uma raiva que era, segundo disse&nbsp;<a target=\"_blank\" rel=\"noreferrer noopener\" href=\"https:\/\/noticias.uol.com.br\/cotidiano\/ultimas-noticias\/2020\/03\/13\/entrevista-gilberto-dimenstein.htm\">em entrevista a Juliana Linhares, no UOL<\/a>, at\u00e9 motivadora, porque o fazia levantar da cama todas as manh\u00e3s para reagir, nem que fosse atrav\u00e9s de uma postagem no twitter.<\/p>\n\n\n\n<p>Discordamos politicamente muitas vezes, mas \u00e9 imposs\u00edvel deixar de reconhecer que Gilberto manteve at\u00e9 o fim uma postura progressista, \u00e9tica e \u00edntegra diante da vida e do jornalismo.<\/p>\n\n\n\n<blockquote class=\"wp-block-quote is-layout-flow wp-block-quote-is-layout-flow\"><p>Sempre que eu fa\u00e7o mais uma interven\u00e7\u00e3o cir\u00fargica contra o c\u00e2ncer, como hoje, listo o que me prende a vida. Em primeiro lugar, ver o nascimento da minha neta. Com o coronav\u00edrus, subiu na lista fazer parte da tribo de jornalistas que resistem \u00e0s irresponsabilidades do Bolsonaro\u2014 Gilberto Dimenstein (@GDimenstein)&nbsp;<a target=\"_blank\" rel=\"noreferrer noopener\" href=\"https:\/\/twitter.com\/GDimenstein\/status\/1243118841938542598?ref_src=twsrc%5Etfw\">March 26, 2020<\/a><\/p><\/blockquote>\n\n\n\n<blockquote class=\"wp-block-quote is-layout-flow wp-block-quote-is-layout-flow\"><p>E o Pateta virou Pin\u00f3quio.&nbsp;<a target=\"_blank\" rel=\"noreferrer noopener\" href=\"https:\/\/t.co\/KxfAuAspmf\">pic.twitter.com\/KxfAuAspmf<\/a>\u2014 Gilberto Dimenstein (@GDimenstein)&nbsp;<a target=\"_blank\" rel=\"noreferrer noopener\" href=\"https:\/\/twitter.com\/GDimenstein\/status\/1253804580007182338?ref_src=twsrc%5Etfw\">April 24, 2020<\/a><\/p><\/blockquote>\n\n\n\n<p>De longe, acompanhei sua batalha contra a doen\u00e7a, que enfrentou com absoluta dignidade e um humor auto-depreciativo meio surpreendente para quem o conhecia, mas tipicamente judaico, como quando contou, sobre tomar canabidiol para aliviar a quimioterapia: \u201cExagerei na dose e apaguei com a cara no prato de lasanha\u201d, riu. Dizia ter descoberto o amor de verdade gra\u00e7as \u00e0 mulher, Anna, e lamentava n\u00e3o ter tido olhos e ouvidos para apreciar mais a m\u00fasica, o cinema e a arte em geral enquanto tinha sa\u00fade e juventude, sugado pela pressa e pela ansiedade caracter\u00edsticas dos jornalistas.<br><\/p>\n\n\n\n<figure class=\"wp-block-embed-youtube wp-block-embed is-type-video is-provider-youtube wp-embed-aspect-16-9 wp-has-aspect-ratio\"><div class=\"wp-block-embed__wrapper\">\n<div class=\"jetpack-video-wrapper\"><iframe loading=\"lazy\" title=\"GILBERTO DIMENSTEIN: &quot;ESTOU VIVENDO UMA HIST\u00d3RIA DE AMOR POR CAUSA DO C\u00c2NCER&quot;\" width=\"600\" height=\"338\" src=\"https:\/\/www.youtube.com\/embed\/wK7-DaGWg3o?feature=oembed\" frameborder=\"0\" allow=\"accelerometer; autoplay; clipboard-write; encrypted-media; gyroscope; picture-in-picture; web-share\" referrerpolicy=\"strict-origin-when-cross-origin\" allowfullscreen><\/iframe><\/div>\n<\/div><\/figure>\n\n\n\n<p>N\u00e3o t\u00eam sido f\u00e1ceis estes dias de pandemia e de Bolsonaro na vida dos brasileiros e posso presumir como deve estar sendo terr\u00edvel para quem, como Gilberto Dimenstein, ainda enfrentava um c\u00e2ncer incur\u00e1vel. Em dezembro do ano passado, num depoimento em primeira pessoa ap\u00f3s o diagn\u00f3stico do tumor no p\u00e2ncreas, a Ana Estela de Sousa Pinto,&nbsp;<a target=\"_blank\" rel=\"noreferrer noopener\" href=\"https:\/\/www1.folha.uol.com.br\/equilibrioesaude\/2019\/12\/aquele-gilberto-dimenstein-de-antes-do-cancer-morreu.shtml\">na&nbsp;<em>Folha<\/em><\/a>, o rep\u00f3rter confessava seus pecados e falava da busca por ser uma pessoa melhor.<\/p>\n\n\n\n<p>\u201cGrande parte da minha vida foi marcada pelo culto a bobagens: ganhar pr\u00eamio, assinar mat\u00e9ria na capa, o tempo todo pensando no pr\u00f3ximo furo. \u00c9 como se estivesse passando por um lugar lindo num trem em alta velocidade, vendo tudo borrado\u201d, disse. \u201cDescobri que meu pavor era passar a vida sem prop\u00f3sito. Olhei para tr\u00e1s, e, apesar de todas as minhas delinqu\u00eancias \u2014que n\u00e3o foram poucas\u2014, acho que fiz mais bem que mal. Mudei minha carreira para fazer um jornalismo que n\u00e3o \u00e9 de filantropia nem altru\u00edsmo, mas de empoderamento, de usar a comunica\u00e7\u00e3o para promover causas.\u201d<\/p>\n\n\n\n<p>Encontrar um prop\u00f3sito na vida e nos tornar seres humanos melhores: s\u00f3 pode ser esse o significado de estarmos enterrando tantas pessoas queridas em um per\u00edodo t\u00e3o triste de nossa hist\u00f3ria. V\u00e1 em paz, amigo.<br><\/p>\n","protected":false},"excerpt":{"rendered":"<p>Por Cynara Menezes, para o\u00a0Jornalistas pela Democracia\u00a0 &#8211; A partir da segunda metade da d\u00e9cada de 1980, todo estudante de jornalismo no pa\u00eds sonhava trabalhar na\u00a0Folha de S.Paulo, o \u201cjornal das Diretas-J\u00e1\u201d, e ser o Gilberto Dimenstein (1956-2020). Com este sobrenome marcante de origem polonesa que muita gente fala errado at\u00e9 hoje, Gilberto se tornara&#8230;<a class=\"more-link\" href=\"http:\/\/blogdalucianaoliveira.com.br\/blog\/2020\/05\/29\/morre-gilberto-dimenstein-o-carl-bernstein-de-toda-uma-geracao-de-jornalistas\/\">Continue a leitura <span class=\"meta-nav\">&raquo;<\/span><\/a><\/p>\n","protected":false},"author":1,"featured_media":0,"comment_status":"closed","ping_status":"open","sticky":false,"template":"","format":"standard","meta":{"_exactmetrics_skip_tracking":false,"_exactmetrics_sitenote_active":false,"_exactmetrics_sitenote_note":"","_exactmetrics_sitenote_category":0,"jetpack_post_was_ever_published":false,"_jetpack_newsletter_access":"","_jetpack_dont_email_post_to_subs":false,"_jetpack_newsletter_tier_id":0,"_jetpack_memberships_contains_paywalled_content":false,"_jetpack_memberships_contains_paid_content":false,"footnotes":"","jetpack_publicize_message":"","jetpack_publicize_feature_enabled":true,"jetpack_social_post_already_shared":true,"jetpack_social_options":{"image_generator_settings":{"template":"highway","enabled":false},"version":2}},"categories":[1],"tags":[],"class_list":["post-28449","post","type-post","status-publish","format-standard","hentry","category-notas"],"jetpack_publicize_connections":[],"jetpack_sharing_enabled":true,"jetpack_featured_media_url":"","jetpack_shortlink":"https:\/\/wp.me\/p7wKYW-7oR","jetpack-related-posts":[],"_links":{"self":[{"href":"http:\/\/blogdalucianaoliveira.com.br\/blog\/wp-json\/wp\/v2\/posts\/28449","targetHints":{"allow":["GET"]}}],"collection":[{"href":"http:\/\/blogdalucianaoliveira.com.br\/blog\/wp-json\/wp\/v2\/posts"}],"about":[{"href":"http:\/\/blogdalucianaoliveira.com.br\/blog\/wp-json\/wp\/v2\/types\/post"}],"author":[{"embeddable":true,"href":"http:\/\/blogdalucianaoliveira.com.br\/blog\/wp-json\/wp\/v2\/users\/1"}],"replies":[{"embeddable":true,"href":"http:\/\/blogdalucianaoliveira.com.br\/blog\/wp-json\/wp\/v2\/comments?post=28449"}],"version-history":[{"count":1,"href":"http:\/\/blogdalucianaoliveira.com.br\/blog\/wp-json\/wp\/v2\/posts\/28449\/revisions"}],"predecessor-version":[{"id":28450,"href":"http:\/\/blogdalucianaoliveira.com.br\/blog\/wp-json\/wp\/v2\/posts\/28449\/revisions\/28450"}],"wp:attachment":[{"href":"http:\/\/blogdalucianaoliveira.com.br\/blog\/wp-json\/wp\/v2\/media?parent=28449"}],"wp:term":[{"taxonomy":"category","embeddable":true,"href":"http:\/\/blogdalucianaoliveira.com.br\/blog\/wp-json\/wp\/v2\/categories?post=28449"},{"taxonomy":"post_tag","embeddable":true,"href":"http:\/\/blogdalucianaoliveira.com.br\/blog\/wp-json\/wp\/v2\/tags?post=28449"}],"curies":[{"name":"wp","href":"https:\/\/api.w.org\/{rel}","templated":true}]}}