{"id":28463,"date":"2020-05-30T19:45:02","date_gmt":"2020-05-30T23:45:02","guid":{"rendered":"http:\/\/blogdalucianaoliveira.com.br\/blog\/?p=28463"},"modified":"2020-05-30T19:45:06","modified_gmt":"2020-05-30T23:45:06","slug":"quem-e-o-verdadeiro-bolsonaro","status":"publish","type":"post","link":"http:\/\/blogdalucianaoliveira.com.br\/blog\/2020\/05\/30\/quem-e-o-verdadeiro-bolsonaro\/","title":{"rendered":"Quem \u00e9 o verdadeiro Bolsonaro?"},"content":{"rendered":"\n<figure class=\"wp-block-image size-large\"><img data-recalc-dims=\"1\" loading=\"lazy\" decoding=\"async\" width=\"600\" height=\"400\" data-attachment-id=\"28464\" data-permalink=\"http:\/\/blogdalucianaoliveira.com.br\/blog\/2020\/05\/30\/quem-e-o-verdadeiro-bolsonaro\/image-106-2\/\" data-orig-file=\"https:\/\/i0.wp.com\/blogdalucianaoliveira.com.br\/blog\/wp-content\/uploads\/2020\/05\/image-106.jpeg?fit=768%2C512\" data-orig-size=\"768,512\" data-comments-opened=\"0\" data-image-meta=\"{&quot;aperture&quot;:&quot;0&quot;,&quot;credit&quot;:&quot;&quot;,&quot;camera&quot;:&quot;&quot;,&quot;caption&quot;:&quot;&quot;,&quot;created_timestamp&quot;:&quot;0&quot;,&quot;copyright&quot;:&quot;&quot;,&quot;focal_length&quot;:&quot;0&quot;,&quot;iso&quot;:&quot;0&quot;,&quot;shutter_speed&quot;:&quot;0&quot;,&quot;title&quot;:&quot;&quot;,&quot;orientation&quot;:&quot;0&quot;}\" data-image-title=\"image-106\" data-image-description=\"\" data-image-caption=\"\" data-medium-file=\"https:\/\/i0.wp.com\/blogdalucianaoliveira.com.br\/blog\/wp-content\/uploads\/2020\/05\/image-106.jpeg?fit=300%2C200\" data-large-file=\"https:\/\/i0.wp.com\/blogdalucianaoliveira.com.br\/blog\/wp-content\/uploads\/2020\/05\/image-106.jpeg?fit=600%2C400\" src=\"https:\/\/i0.wp.com\/blogdalucianaoliveira.com.br\/blog\/wp-content\/uploads\/2020\/05\/image-106.jpeg?resize=600%2C400\" alt=\"\" class=\"wp-image-28464\" srcset=\"https:\/\/i0.wp.com\/blogdalucianaoliveira.com.br\/blog\/wp-content\/uploads\/2020\/05\/image-106.jpeg?w=768 768w, https:\/\/i0.wp.com\/blogdalucianaoliveira.com.br\/blog\/wp-content\/uploads\/2020\/05\/image-106.jpeg?resize=300%2C200 300w, https:\/\/i0.wp.com\/blogdalucianaoliveira.com.br\/blog\/wp-content\/uploads\/2020\/05\/image-106.jpeg?resize=450%2C300 450w\" sizes=\"auto, (max-width: 600px) 100vw, 600px\" \/><\/figure>\n\n\n\n<p>De tanto ser nada, presidente est\u00e1 se revelando como um cavalo descontrolado que, quanto mais acossado, mais coices d\u00e1.<\/p>\n\n\n\n<!--more-->\n\n\n\n<p>No El Pa\u00eds, Juan Arias<\/p>\n\n\n\n<p><br>Em seus 500 dias de Governo j\u00e1 se disse de tudo sobre o presidente de extrema direita, o capit\u00e3o reformado\u00a0<a rel=\"noreferrer noopener\" href=\"https:\/\/brasil.elpais.com\/noticias\/jair-messias-bolsonaro\/\" target=\"_blank\">Jair Bolsonaro<\/a>. E, entretanto, sua verdadeira personalidade ainda \u00e9 um mist\u00e9rio. Sobre ele j\u00e1 opinaram de psiquiatras a\u00a0<a rel=\"noreferrer noopener\" href=\"https:\/\/brasil.elpais.com\/brasil\/2020-04-27\/nobre-as-chances-de-bolsonaro-sao-baixas-quando-roberto-jefferson-entra-e-o-beijo-da-morte-de-qualquer-presidente.html\" target=\"_blank\">cientistas pol\u00edticos e historiadores<\/a>\u00a0e ainda continuamos sem conhecer realmente a verdadeira periculosidade do personagem.<\/p>\n\n\n\n<p>Ele, que sempre foi um obscuro pol\u00edtico sem relev\u00e2ncia, c\u00e9lebre, de todo modo, por&nbsp;<a href=\"https:\/\/brasil.elpais.com\/opiniao\/2020-02-18\/nunca-um-presidente-foi-tao-vulgar-com-uma-mulher-espere-o-efeito-bumerangue.html\" target=\"_blank\" rel=\"noreferrer noopener\">suas grosserias contra os diferentes e as mulheres<\/a>, \u00e9 hoje examinado, j\u00e1 no comando da Rep\u00fablica, sob os tra\u00e7os mais obscuros de sua personalidade. A psicologia o descreve&nbsp;<a href=\"https:\/\/brasil.elpais.com\/opiniao\/2020-05-28\/o-que-podemos-diante-dos-perversos.html\" target=\"_blank\" rel=\"noreferrer noopener\">como um paranoico<\/a>&nbsp;com complexos de inferioridade e&nbsp;<a href=\"https:\/\/brasil.elpais.com\/opiniao\/2020-04-28\/por-que-o-bolsonarismo-raiz-engendrado-nos-gabinetes-do-odio-nao-tera-futuro-no-brasil.html\" target=\"_blank\" rel=\"noreferrer noopener\">f\u00farias destrutivas de morte<\/a>, e os pol\u00edticos como um personagem menor com desejos de vingan\u00e7a por ter passado 30 anos na sombra.<\/p>\n\n\n\n<p>Assim se explica sua ambi\u00e7\u00e3o exorbitada e sua fome de poder e de querer demonstrar que desta vez verdadeiramente o tem. S\u00f3 que ele\u00a0<a rel=\"noreferrer noopener\" href=\"https:\/\/brasil.elpais.com\/brasil\/2020-05-29\/bolsonaro-invoca-intervencao-militar-contra-o-stf-e-flerta-com-golpe.html\" target=\"_blank\">n\u00e3o entendeu que esse poder \u00e9 compartilhado<\/a>\u00a0e que ele \u00e9 respons\u00e1vel somente por presidir um pa\u00eds ao lado das outras institui\u00e7\u00f5es\u00a0independentes do Estado. De ser nada passou a sentir a onipot\u00eancia bater a sua porta e est\u00e1 se revelando como um cavalo descontrolado que\u00a0<a rel=\"noreferrer noopener\" href=\"https:\/\/brasil.elpais.com\/brasil\/2020-05-28\/supremo-pressiona-bolsonaristas-com-investigacao-sobre-fake-news-que-abarca-ate-eleicoes-de-2018.html\" target=\"_blank\">quanto mais acossado<\/a>\u00a0mais coices d\u00e1. Mostra arroubos de valentia quando \u00e9 criticado e se reveste de uma autoridade que n\u00e3o lhe pertence. E chega a proclamar como os velhos ditadores do passado, tantas vezes personagens complexados na vida, \u201ceu sou a Constitui\u00e7\u00e3o\u201d, e \u201csou eu quem manda\u201d e \u201cas For\u00e7as Armadas est\u00e3o sob meu comando\u201d. E\u00a0<a rel=\"noreferrer noopener\" href=\"https:\/\/brasil.elpais.com\/brasil\/2020-05-26\/bolsonaro-insistiu-em-reduzir-controle-de-armas-quatro-vezes-na-pandemia-para-armar-populacao.html\" target=\"_blank\">\u201ceu quero o povo armado nas ruas\u201d<\/a>. Onipot\u00eancia descarada e simplista que s\u00f3 pode conduzi-lo ao fracasso e levar o pa\u00eds ao abismo.<\/p>\n\n\n\n<p>N\u00e3o restam d\u00favidas de que na Hist\u00f3ria sempre foram personagens complexados que, para demonstrar sua for\u00e7a, infringiram descaradamente todas as regras mais elementares da democracia para dar vida a&nbsp;<a href=\"https:\/\/brasil.elpais.com\/brasil\/2019\/07\/26\/cultura\/1564148647_990100.html\" target=\"_blank\" rel=\"noreferrer noopener\">experi\u00eancias totalit\u00e1rias que acabaram ensanguentando o mundo<\/a>. Acho que hoje sobre o presidente brasileiro h\u00e1 algo claro e \u00e9 que parece disposto a tudo, at\u00e9 a pisotear os valores da conviv\u00eancia com suas f\u00farias de poder.<\/p>\n\n\n\n<p>Tivemos dias atr\u00e1s mais uma amostra de seu vi\u00e9s n\u00e3o s\u00f3 autorit\u00e1rio como golpista ap\u00f3s a rea\u00e7\u00e3o \u00e0 publica\u00e7\u00e3o por ordem do Supremo do v\u00eddeo j\u00e1 tristemente c\u00e9lebre da&nbsp;<a href=\"https:\/\/brasil.elpais.com\/brasil\/2020-05-23\/video-da-reuniao-de-bolsonaro-evidencia-descaso-com-pandemia-que-ja-matou-mais-de-21000.html\" target=\"_blank\" rel=\"noreferrer noopener\">reuni\u00e3o ministerial de 22 de abril&nbsp;<\/a>no qual aparecem ele e seus ministros mais ideologizados despidos de dignidade e&nbsp;<a href=\"https:\/\/brasil.elpais.com\/brasil\/2020-05-23\/reuniao-expoe-ao-menos-dois-crimes-de-bolsonaro-apontam-juristas.html\" target=\"_blank\" rel=\"noreferrer noopener\">amea\u00e7ando outras institui\u00e7\u00f5es<\/a>, enquanto se esqueciam vergonhosamente do drama que o pa\u00eds est\u00e1 vivendo pelos efeitos da epidemia cujos mortos j\u00e1 nem encontram cemit\u00e9rios para ser enterrados.<\/p>\n\n\n\n<p>O v\u00eddeo deixou em evid\u00eancia n\u00e3o s\u00f3 a mediocridade e o baixo cal\u00e3o do presidente e de seus principais ministros, mas tamb\u00e9m o perigo que significa uma na\u00e7\u00e3o da envergadura do Brasil ser governada por um punhado de pessoas sem empatia \u00e0 dor e que amea\u00e7am levar o pa\u00eds a uma nova aventura militar.<\/p>\n\n\n\n<p>O concili\u00e1bulo deixou o pa\u00eds at\u00f4nito, envergonhado e atemorizado ao ouvir da boca do presidente da na\u00e7\u00e3o, al\u00e9m de um ros\u00e1rio de palavras vulgares, que seu desejo \u00e9 contar com uma popula\u00e7\u00e3o armada nas ruas. Para qu\u00ea? Para matar? Para dar vida a uma guerra civil entre irm\u00e3os? Chegou ao sarcasmo de afirmar que o povo armado \u00e9 o melhor ant\u00eddoto contra a ditadura.<\/p>\n\n\n\n<p>Era de se esperar que ap\u00f3s o opr\u00f3brio p\u00fablico daquelas cenas de pol\u00edtica obscena da reuni\u00e3o, o presidente Bolsonaro desaparecesse por uns dias na sombra envergonhado e com medo das consequ\u00eancias judiciais do encontro. Isso significaria, entretanto, n\u00e3o conhecer o personagem que como o touro quando recebe as bandeirolas do toureiro se enfurece ainda mais. Desse modo,&nbsp;<a href=\"https:\/\/brasil.elpais.com\/brasil\/2020-05-24\/alheio-a-22000-mortes-no-brasil-bolsonaro-faz-ato-e-sobe-tom-contra-stf-nas-redes.html\" target=\"_blank\" rel=\"noreferrer noopener\">apareceu em p\u00fablico antes de 48 horas<\/a>&nbsp;para se encontrar com seu grupo fan\u00e1tico de seguidores que todos os domingos se juntam em frente ao pal\u00e1cio presidencial para aplaudi-lo e gritar palavras de ordem a favor de uma interven\u00e7\u00e3o militar e contra as outras institui\u00e7\u00f5es do Estado.<\/p>\n\n\n\n<p>Dessa vez foi possivelmente mais grave porque Bolsonaro apareceu ao lado do&nbsp;<a href=\"https:\/\/brasil.elpais.com\/noticias\/augusto_heleno_ribeiro_pereira\" target=\"_blank\" rel=\"noreferrer noopener\">general Augusto Heleno<\/a>, chefe do Gabinete de Seguran\u00e7a Institucional. O presidente se sentiu t\u00e3o seguro ao lado do general que dessa vez nem sequer se preocupou em pedir aos seus seguidores que retirassem os cartazes golpistas. N\u00e3o s\u00f3 n\u00e3o teve uma palavra de pesar pelo&nbsp;<a href=\"https:\/\/brasil.elpais.com\/brasil\/2020-05-30\/brasil-ultrapassa-espanha-se-torna-o-quinto-pais-do-mundo-com-mais-mortes-pelo-coronavirus.html\" target=\"_blank\" rel=\"noreferrer noopener\">rio de v\u00edtimas que todos os dias estremece o pa\u00eds<\/a>, como fez quest\u00e3o de quebrar todas as normas contra o coronav\u00edrus ditadas pelas autoridades m\u00e9dicas e pelos governadores e se misturou \u00e0s pessoas abra\u00e7ando-as sem m\u00e1scaras e sem escr\u00fapulos.<\/p>\n\n\n\n<p>Nessa mesma hora, como para rubricar um ostensivo apoio de uma parte do Ex\u00e9rcito \u00e0s suas tenta\u00e7\u00f5es golpistas, um grupo de 89 militares da reserva da Agulhas Negras, onde Bolsonaro se formou como paraquedista e de onde foi expulso por seus devaneios terroristas da \u00e9poca, publicou um documento de apoio ao presidente no qual chegam a fazer alus\u00e3o a uma poss\u00edvel \u201cguerra civil\u201d caso o velho capit\u00e3o hoje reformado n\u00e3o for obedecido.<\/p>\n\n\n\n<p>Os que chegaram a pensar que os nove ministros&nbsp;<a href=\"https:\/\/brasil.elpais.com\/opiniao\/2020-05-15\/militares-no-poder-sao-cumplices-de-mais-um-ato-irresponsavel-do-macabro-governo-bolsonaro.html\" target=\"_blank\" rel=\"noreferrer noopener\">militares do Governo<\/a>&nbsp;e os mais de 2.000 militares colocados nos outros escal\u00f5es do Estado poderiam servir de freio para deter as tenta\u00e7\u00f5es autorit\u00e1rias do presidente, come\u00e7am a perder a esperan\u00e7a, j\u00e1 que a cada dia se revelam mais alinhados com ele e lan\u00e7ando amea\u00e7as claras de um golpe militar.<\/p>\n\n\n\n<p>Tudo isso agravado pela decis\u00e3o de Bolsonaro de&nbsp;<a href=\"https:\/\/brasil.elpais.com\/brasil\/2020-05-22\/centrao-ja-administra-73-bilhoes-de-reais-no-governo-bolsonaro.html\" target=\"_blank\" rel=\"noreferrer noopener\">conquistar com cargos e benef\u00edcios<\/a>&nbsp;a parte mais repugnante e corrupta do Congresso, o chamado \u201ccentr\u00e3o\u201d, que \u00e9 formado por muitos pol\u00edticos ainda com processos nos tribunais. Para quem venceu as elei\u00e7\u00f5es em boa parte por sua promessa de acabar com a velha pol\u00edtica e suas pr\u00e1ticas corruptas, esse novo&nbsp;<a href=\"https:\/\/brasil.elpais.com\/brasil\/2020-04-23\/bolsonaro-recorre-a-condenados-no-mensalao-e-reus-na-lava-jato-para-romper-isolamento-politico-e-pressionar-maia.html\" target=\"_blank\" rel=\"noreferrer noopener\">casamento com os partidos mais envolvidos em esc\u00e2ndalos de corrup\u00e7\u00e3o<\/a>, esse se jogar nas m\u00e3os da parte mais podre do Congresso, n\u00e3o pode deixar de aparecer como um sarcasmo e uma chacota aos seus eleitores.<\/p>\n\n\n\n<p>Talvez o Brasil esteja perto de entrar em um dos piores momentos de sua hist\u00f3ria pelo af\u00e3 do presidente de reviver velhos fantasmas autorit\u00e1rios inimigos dos valores democr\u00e1ticos que no passado s\u00f3 criaram fome, mis\u00e9ria e&nbsp;<a href=\"https:\/\/brasil.elpais.com\/cultura\/2020-05-30\/pandemia-gera-cataclisma-na-cultura-e-artistas-passam-fome-em-meio-a-falta-de-politicas-do-governo.html\" target=\"_blank\" rel=\"noreferrer noopener\">desprezo \u00e0 cultura<\/a>.<\/p>\n\n\n\n<p>\u00c9 urgente que o Brasil e suas for\u00e7as democr\u00e1ticas, deixando de lado suas lutas partid\u00e1rias, se unam para deter o cavalo descontrolado das velhas saudades autorit\u00e1rias, j\u00e1 que acredito que restam poucas d\u00favidas de que&nbsp;<a href=\"https:\/\/brasil.elpais.com\/brasil\/2020-05-27\/reprovacao-ao-governo-aumenta-mas-conduta-pessoal-de-bolsonaro-conserva-apoio-aponta-pesquisa.html\" target=\"_blank\" rel=\"noreferrer noopener\">Bolsonaro chegou para ficar<\/a>&nbsp;e que a cada golpe recebido levanta a cabe\u00e7a com mais orgulho ferido. E que nele n\u00e3o existem limites e cercas capazes de distinguir entre civiliza\u00e7\u00e3o e barb\u00e1rie. E ainda mais&nbsp;<a href=\"https:\/\/brasil.elpais.com\/opiniao\/2020-05-22\/a-receita-medieval-contra-o-coronavirus-que-mistura-jesus-cloroquina-sementes-milagrosas-jejuns-e-oracoes.html\" target=\"_blank\" rel=\"noreferrer noopener\">acreditando-se enviado e iluminado por Deus<\/a>. Por fim, da mesma forma que todos os d\u00e9spotas da Hist\u00f3ria.<\/p>\n\n\n\n<p><\/p>\n","protected":false},"excerpt":{"rendered":"<p>De tanto ser nada, presidente est\u00e1 se revelando como um cavalo descontrolado que, quanto mais acossado, mais coices d\u00e1.<\/p>\n","protected":false},"author":1,"featured_media":0,"comment_status":"closed","ping_status":"open","sticky":false,"template":"","format":"standard","meta":{"_exactmetrics_skip_tracking":false,"_exactmetrics_sitenote_active":false,"_exactmetrics_sitenote_note":"","_exactmetrics_sitenote_category":0,"jetpack_post_was_ever_published":false,"_jetpack_newsletter_access":"","_jetpack_dont_email_post_to_subs":false,"_jetpack_newsletter_tier_id":0,"_jetpack_memberships_contains_paywalled_content":false,"_jetpack_memberships_contains_paid_content":false,"footnotes":"","jetpack_publicize_message":"","jetpack_publicize_feature_enabled":true,"jetpack_social_post_already_shared":true,"jetpack_social_options":{"image_generator_settings":{"template":"highway","enabled":false},"version":2}},"categories":[1],"tags":[],"class_list":["post-28463","post","type-post","status-publish","format-standard","hentry","category-notas"],"jetpack_publicize_connections":[],"jetpack_sharing_enabled":true,"jetpack_featured_media_url":"","jetpack_shortlink":"https:\/\/wp.me\/p7wKYW-7p5","jetpack-related-posts":[],"_links":{"self":[{"href":"http:\/\/blogdalucianaoliveira.com.br\/blog\/wp-json\/wp\/v2\/posts\/28463","targetHints":{"allow":["GET"]}}],"collection":[{"href":"http:\/\/blogdalucianaoliveira.com.br\/blog\/wp-json\/wp\/v2\/posts"}],"about":[{"href":"http:\/\/blogdalucianaoliveira.com.br\/blog\/wp-json\/wp\/v2\/types\/post"}],"author":[{"embeddable":true,"href":"http:\/\/blogdalucianaoliveira.com.br\/blog\/wp-json\/wp\/v2\/users\/1"}],"replies":[{"embeddable":true,"href":"http:\/\/blogdalucianaoliveira.com.br\/blog\/wp-json\/wp\/v2\/comments?post=28463"}],"version-history":[{"count":1,"href":"http:\/\/blogdalucianaoliveira.com.br\/blog\/wp-json\/wp\/v2\/posts\/28463\/revisions"}],"predecessor-version":[{"id":28465,"href":"http:\/\/blogdalucianaoliveira.com.br\/blog\/wp-json\/wp\/v2\/posts\/28463\/revisions\/28465"}],"wp:attachment":[{"href":"http:\/\/blogdalucianaoliveira.com.br\/blog\/wp-json\/wp\/v2\/media?parent=28463"}],"wp:term":[{"taxonomy":"category","embeddable":true,"href":"http:\/\/blogdalucianaoliveira.com.br\/blog\/wp-json\/wp\/v2\/categories?post=28463"},{"taxonomy":"post_tag","embeddable":true,"href":"http:\/\/blogdalucianaoliveira.com.br\/blog\/wp-json\/wp\/v2\/tags?post=28463"}],"curies":[{"name":"wp","href":"https:\/\/api.w.org\/{rel}","templated":true}]}}