{"id":28466,"date":"2020-05-31T12:30:56","date_gmt":"2020-05-31T16:30:56","guid":{"rendered":"http:\/\/blogdalucianaoliveira.com.br\/blog\/?p=28466"},"modified":"2020-05-31T12:31:03","modified_gmt":"2020-05-31T16:31:03","slug":"imagem-de-bolsonaro-derrete-no-exterior-e-mundo-teme-brasil","status":"publish","type":"post","link":"http:\/\/blogdalucianaoliveira.com.br\/blog\/2020\/05\/31\/imagem-de-bolsonaro-derrete-no-exterior-e-mundo-teme-brasil\/","title":{"rendered":"Imagem de Bolsonaro derrete no exterior, e mundo teme Brasil"},"content":{"rendered":"\n<figure class=\"wp-block-image size-large\"><img data-recalc-dims=\"1\" loading=\"lazy\" decoding=\"async\" width=\"600\" height=\"400\" data-attachment-id=\"28467\" data-permalink=\"http:\/\/blogdalucianaoliveira.com.br\/blog\/2020\/05\/31\/imagem-de-bolsonaro-derrete-no-exterior-e-mundo-teme-brasil\/image-107-2\/\" data-orig-file=\"https:\/\/i0.wp.com\/blogdalucianaoliveira.com.br\/blog\/wp-content\/uploads\/2020\/05\/image-107.jpeg?fit=1024%2C683\" data-orig-size=\"1024,683\" data-comments-opened=\"0\" data-image-meta=\"{&quot;aperture&quot;:&quot;0&quot;,&quot;credit&quot;:&quot;&quot;,&quot;camera&quot;:&quot;&quot;,&quot;caption&quot;:&quot;&quot;,&quot;created_timestamp&quot;:&quot;0&quot;,&quot;copyright&quot;:&quot;&quot;,&quot;focal_length&quot;:&quot;0&quot;,&quot;iso&quot;:&quot;0&quot;,&quot;shutter_speed&quot;:&quot;0&quot;,&quot;title&quot;:&quot;&quot;,&quot;orientation&quot;:&quot;0&quot;}\" data-image-title=\"image-107\" data-image-description=\"\" data-image-caption=\"\" data-medium-file=\"https:\/\/i0.wp.com\/blogdalucianaoliveira.com.br\/blog\/wp-content\/uploads\/2020\/05\/image-107.jpeg?fit=300%2C200\" data-large-file=\"https:\/\/i0.wp.com\/blogdalucianaoliveira.com.br\/blog\/wp-content\/uploads\/2020\/05\/image-107.jpeg?fit=600%2C400\" src=\"https:\/\/i0.wp.com\/blogdalucianaoliveira.com.br\/blog\/wp-content\/uploads\/2020\/05\/image-107.jpeg?resize=600%2C400\" alt=\"\" class=\"wp-image-28467\" srcset=\"https:\/\/i0.wp.com\/blogdalucianaoliveira.com.br\/blog\/wp-content\/uploads\/2020\/05\/image-107.jpeg?w=1024 1024w, https:\/\/i0.wp.com\/blogdalucianaoliveira.com.br\/blog\/wp-content\/uploads\/2020\/05\/image-107.jpeg?resize=300%2C200 300w, https:\/\/i0.wp.com\/blogdalucianaoliveira.com.br\/blog\/wp-content\/uploads\/2020\/05\/image-107.jpeg?resize=768%2C512 768w, https:\/\/i0.wp.com\/blogdalucianaoliveira.com.br\/blog\/wp-content\/uploads\/2020\/05\/image-107.jpeg?resize=450%2C300 450w\" sizes=\"auto, (max-width: 600px) 100vw, 600px\" \/><\/figure>\n\n\n\n<p>Imagem de Bolsonaro derrete no exterior, e mundo teme Brasil.<\/p>\n\n\n\n<!--more-->\n\n\n\n<p><strong><a href=\"https:\/\/www1.folha.uol.com.br\/autores\/nelson-de-sa.shtml\">Nelson de S\u00e1<\/a><\/strong>, na FSP<\/p>\n\n\n\n<p>O americano Vincent Bevins, ex-correspondente do Los Angeles Times no Brasil, estava em S\u00e3o Paulo de passagem quando os n\u00fameros da pandemia explodiram.<\/p>\n\n\n\n<p>Iria come\u00e7ar uma turn\u00ea de promo\u00e7\u00e3o de seu livro sobre ditaduras, &#8220;The Jakarta Method&#8221; (PublicAffairs), mas tudo parou. &#8220;Era para estar viajando pelo mundo&#8221;, lamenta, confinado na pra\u00e7a da Rep\u00fablica.<\/p>\n\n\n\n<p>Come\u00e7ou ent\u00e3o algo inusitado. &#8220;Familiares nos EUA e amigos meus na \u00c1sia&#8221;, onde esteve nos \u00faltimos anos como correspondente, &#8220;passaram a entrar em contato, perguntando se estou seguro, se o presidente est\u00e1 me amea\u00e7ando&#8221;.<\/p>\n\n\n\n<p>O ex-ministro Rubens Ricupero descreve a imagem do Brasil no exterior, hoje, como &#8220;o lugar de que as pessoas t\u00eam medo&#8221;. Ou ainda, em sua primeira resposta ao ser questionado sobre o tema: &#8220;Seria o caso de perguntar &#8216;que imagem?&#8217;. Como coisa positiva, acabou&#8221;.<\/p>\n\n\n\n<p>Seu colega de governo Itamar Franco, o ex-chanceler Celso Amorim, vai pela mesma linha. &#8220;N\u00e3o h\u00e1 mais imagem. \u00c9 a caricatura do Brasil no exterior. S\u00f3 que a caricatura foi desenhada aqui dentro. E tem um certo rosto.&#8221;<\/p>\n\n\n\n<p>\u00c9 o rosto do&nbsp;<a href=\"https:\/\/www1.folha.uol.com.br\/especial\/2018\/governo-bolsonaro\/\">presidente Jair Bolsonaro<\/a>. Para Ricupero, &#8220;j\u00e1 era ruim com o in\u00edcio do governo, mas com a&nbsp;<a href=\"https:\/\/www1.folha.uol.com.br\/cotidiano\/coronavirus\/\">pandemia<\/a>&nbsp;isso se multiplicou, \u00e9 o tempo todo, em todo lugar&#8221;.<\/p>\n\n\n\n<p>Ele conta ter sido procurado na quinta-feira (28) por uma publica\u00e7\u00e3o de an\u00e1lise pol\u00edtica de Bruxelas e na sexta (29) para falar a uma r\u00e1dio de Buenos Aires, com temas como os ataques ao meio ambiente e as amea\u00e7as \u00e0 democracia.<\/p>\n\n\n\n<p>&#8220;Em resumo, n\u00e3o sobrou nada do que o Brasil tinha antes, se n\u00f3s compararmos com aquela famosa capa do&nbsp;<a href=\"https:\/\/m.folha.uol.com.br\/mercado\/2013\/09\/1347724-brasil-estragou-tudo-questiona-revista-economist.shtml\">Cristo Redentor decolando no Economist, em 2009<\/a>.&#8221; S\u00f3 ficou &#8220;o grau de aten\u00e7\u00e3o internacional ao Brasil, que se elevou muito&#8221;, mas hoje com sinal contr\u00e1rio.<\/p>\n\n\n\n<p>Al\u00e9m das seguidas capas com fotos de valas comuns, no \u00faltimo m\u00eas e meio sa\u00edram&nbsp;<a href=\"https:\/\/www1.folha.uol.com.br\/colunas\/nelsondesa\/2020\/05\/jornais-no-exterior-apontam-bolsonaro-sob-mais-pressao-com-video.shtml\">editoriais alarmados sobre o pa\u00eds<\/a>, com a opini\u00e3o institucional dos jornais, no Washington Post, Le Monde, Financial Times, El Pa\u00eds e The Guardian. Em todos, o foco \u00e9 o presidente.<\/p>\n\n\n\n<p>No t\u00edtulo do Washington Post, &#8220;Bolsonaro \u00e9 o pior&#8221; no enfrentamento da pandemia. O espanhol El Pa\u00eds destacou os &#8220;graves riscos&#8221; \u00e0 democracia, por seu apoio a &#8220;discursos golpistas&#8221; e por dar &#8220;mais poder aos militares&#8221;.<\/p>\n\n\n\n<p>O brit\u00e2nico The Guardian contrastou sua &#8220;imagem macho&#8221; com a realidade da &#8220;rea\u00e7\u00e3o mais fraca&#8221; \u00e0 Covid-19.<\/p>\n\n\n\n<p>Para o jornalista americano Brian Winter, vice-presidente da Americas Society\/Council of the Americas, organiza\u00e7\u00e3o voltada \u00e0 pol\u00edtica externa dos EUA, por\u00e9m, a crise na imagem do Brasil come\u00e7ou antes.<\/p>\n\n\n\n<p>&#8220;Eu acredito que o Brasil \u00e9 admirado internacionalmente quando \u00e9 pr\u00f3spero&#8221;, diz ele, editor da revista da AS\/COA. &#8220;N\u00e3o \u00e9 o caso desde pelo menos 2013. Portanto, o decl\u00ednio de sua imagem antecede Bolsonaro por v\u00e1rios anos.&#8221;<\/p>\n\n\n\n<p>Winter afirma, por outro lado, que &#8220;n\u00e3o h\u00e1 d\u00favida de que a reputa\u00e7\u00e3o sofreu impacto adicional em 2019 com os inc\u00eandios na Amaz\u00f4nia&#8221;. &#8220;E agora os holofotes est\u00e3o novamente no pa\u00eds devido ao manejo da pandemia por Bolsonaro.&#8221;<\/p>\n\n\n\n<p>O jornalista brasileiro Daniel Buarque, autor de &#8220;Brazil, um Pa\u00eds do Presente: A Imagem Internacional do &#8216;Pa\u00eds do Futuro'&#8221; (Alameda, 2013), avalia que hoje &#8220;a imagem do Brasil \u00e9 negativa, mas \u00e9 especialmente negativa a imagem do governo Bolsonaro&#8221;.<\/p>\n\n\n\n<p>No caso da pandemia, &#8220;tudo \u00e9 colocado na conta dele, e o Brasil \u00e9 apontado at\u00e9 como v\u00edtima&#8221;. Buarque, que prepara doutorado sobre o tema no King\u2019s College London, diz que em seus contatos com acad\u00eamicos voltados ao pa\u00eds \u00e9 comum diferenciar o Brasil de seu presidente.<\/p>\n\n\n\n<p>&#8220;Se n\u00e3o acontecer nada radical at\u00e9 2022, outro pode ganhar e come\u00e7ar tudo de novo&#8221;, diz. &#8220;\u00c9 uma imagem que pode ser limpa, zerada.&#8221;<\/p>\n\n\n\n<p>Winter acha que a mudan\u00e7a pode vir antes. &#8220;A &#8216;boa not\u00edcia&#8217; \u00e9 que as mem\u00f3rias s\u00e3o muito curtas, especialmente na era das m\u00eddias sociais. Reputa\u00e7\u00f5es podem ser rapidamente consertadas se<br>as circunst\u00e2ncias mudarem.&#8221;<\/p>\n\n\n\n<p>Karina Mariano, professora de rela\u00e7\u00f5es internacionais da Unesp, n\u00e3o \u00e9 t\u00e3o otimista. &#8220;Uma coisa \u00e9 certa, o papel do Brasil nestes \u00faltimos cinco anos encolheu muito&#8221;, diz ela.<\/p>\n\n\n\n<p>&#8220;Se a gente olhar a primeira d\u00e9cada dos anos 2000, era um pa\u00eds que apontava como uma futura lideran\u00e7a internacional. Agora isso desapareceu. Agora a ideia \u00e9 que estamos indo para tr\u00e1s.&#8221;<\/p>\n\n\n\n<p>Vincent Bevins concorda e vai al\u00e9m. &#8220;A reputa\u00e7\u00e3o de pa\u00eds antidemocr\u00e1tico, governado por ditadores violentos, nunca desapareceu completamente&#8221;, diz. &#8220;Em grande parte, a imagem \u00e9 que o Brasil voltou a ser o que era, um pa\u00eds governado por militares perigosos e burros.&#8221;<\/p>\n\n\n\n<h3 class=\"wp-block-heading\">CHINA REGISTRA TENS\u00d5ES AP\u00d3S TAIWAN SER TEMA DE ACINTE BOLSONARISTA<\/h3>\n\n\n\n<p>Celso Amorim e Brian Winter concordam quanto \u00e0 prov\u00e1vel rea\u00e7\u00e3o chinesa ao notici\u00e1rio intermitente de&nbsp;<a href=\"https:\/\/www1.folha.uol.com.br\/mundo\/2020\/04\/pgr-pede-que-stf-abra-inquerito-para-apurar-racismo-de-weintraub-em-mensagem-sobre-china.shtml\">ataques de Jair Bolsonaro, seus ministros e filhos ao pa\u00eds<\/a>.<\/p>\n\n\n\n<p>\u201cEles s\u00e3o pragm\u00e1ticos, n\u00e3o v\u00e3o jogar fora o mercado\u201d, diz o ex-chanceler. \u201cMinha impress\u00e3o \u00e9 que a China entende que este \u00e9 um governo que fala grosso, mas \u00e9 um parceiro disposto no com\u00e9rcio\u201d, afirma o jornalista americano.<\/p>\n\n\n\n<p>Amorim alerta por\u00e9m que, a partir de agora, \u201celes n\u00e3o v\u00e3o fazer aquele extra quando voc\u00ea precisa\u201d. Cita como exemplo de vantagem desperdi\u00e7ada pelo Brasil a forma como o pa\u00eds acabou \u201cna vala comum\u201d durante a concorr\u00eancia global por equipamentos chineses contra a Covid-19.<\/p>\n\n\n\n<p>\u201cEra o pa\u00eds com parceria estrat\u00e9gica, era do Brics, ent\u00e3o estava no topo da lista\u201d, diz. \u201cMas perdemos respirador para os EUA, que chegavam na beira do avi\u00e3o e pagavam mais.\u201d<\/p>\n\n\n\n<p>Ele lembra que o estabelecimento da parceria estrat\u00e9gia entre os dois pa\u00edses foi \u201cpor iniciativa deles\u201d, na visita do l\u00edder chin\u00eas Jiang Zemin ao Brasil, em 1993. Por outro lado, o ex-chanceler reconhece que \u00e9 dif\u00edcil distinguir como os ataques est\u00e3o afetando a imagem do Brasil junto \u00e0 opini\u00e3o p\u00fablica chinesa.<\/p>\n\n\n\n<p>Para tanto, tr\u00eas brasileiros com forma\u00e7\u00e3o em universidades chinesas, J\u00falia Rosa, hoje numa startup de Pequim, L\u00edvia Machado Costa, que trabalhou na DiDi, dona do aplicativo 99 no Brasil, e Jordy Pasa, criaram o site Shumian para servir de ponte entre os dois pa\u00edses.<\/p>\n\n\n\n<p>\u201cA opini\u00e3o p\u00fablica chinesa \u00e9, para surpresa de muitos, diversa e cheia de nuances\u201d, descreve Costa. \u201cH\u00e1 o posicionamento da elite do Partido Comunista, muitas vezes traduzida em jornais privados, e tamb\u00e9m h\u00e1 o que se discute em plataformas como WeChat e Weibo, por vezes criticando o governo.\u201d<\/p>\n\n\n\n<p>Entre os jornais, acrescenta Rosa, \u201cat\u00e9 os estatais diferem entre si, na linha editorial\u201d. O Global Times ou Huanqiu, no original em chin\u00eas, adota \u201cnotoriamente uma linha mais dura e nacionalista\u201d, enquanto o Xin Jing Bao \u00e9 \u201cconsiderado um jornal bem independente\u201d. Foi assim que se propagou, em parte, a como\u00e7\u00e3o com a morte do m\u00e9dico Li Wenliang, um dos primeiros a relatar casos do coronav\u00edrus em Wuhan.<\/p>\n\n\n\n<p>Nos aplicativos WeChat e Weibo, Pasa relata n\u00e3o ter percebido \u201cnenhuma movimenta\u00e7\u00e3o em resposta ao recente tensionamento das rela\u00e7\u00f5es sino-brasileiras\u201d.<\/p>\n\n\n\n<p>J\u00e1 na imprensa, Costa sublinha que o Global Times noticiou afinal as crescentes provoca\u00e7\u00f5es do bolsonarismo \u00e0 China, nesta semana, mas s\u00f3 quando chegou ao tema de Taiwan, prov\u00edncia considerada rebelde. Recentemente, apoiadores do presidente usaram bandeiras da ilha em lives e perfis de Twitter.<\/p>\n\n\n\n<p>\u201cO jornal ressaltou que a pol\u00edtica de \u2018uma China\u2019 \u00e9 ponto vital para rela\u00e7\u00f5es saud\u00e1veis entre o pa\u00eds asi\u00e1tico e qualquer na\u00e7\u00e3o do mundo\u201d, diz ela. Mais extensa e significativa \u00e9 a cobertura cr\u00edtica da Covid-19 no Brasil.<\/p>\n\n\n\n<p>\u201cAo analisar o posicionamento sobre o Brasil nos dez maiores em circula\u00e7\u00e3o na China, jornais como o Nanfang Zhoumo focam a forma preocupante com que o pa\u00eds tem lidado com a pandemia\u201d, afirma Costa.<\/p>\n\n\n\n<p>\u201cMostram a pressa em reabrir com\u00e9rcios, a falta de alinhamento entre os governos federal e estaduais e a insist\u00eancia com o&nbsp;<a href=\"https:\/\/www1.folha.uol.com.br\/equilibrioesaude\/2020\/05\/revista-lancet-publica-correcoes-em-estudo-sobre-cloroquina-mas-resultados-permanecem.shtml\">uso de cloroquina<\/a>.\u201d<\/p>\n\n\n\n<p>Do ponto de vista da rela\u00e7\u00e3o econ\u00f4mica, Rosa acrescenta que \u201ca seguran\u00e7a alimentar foi marcada como um dos eixos de import\u00e2ncia\u201d no&nbsp;<a href=\"https:\/\/www1.folha.uol.com.br\/mundo\/2020\/05\/china-ignora-protestos-e-pressao-americana-e-aprova-nova-lei-de-seguranca-para-hong-kong.shtml\">Congresso Nacional do Povo<\/a>, realizado na semana passada.<\/p>\n","protected":false},"excerpt":{"rendered":"<p>Imagem de Bolsonaro derrete no exterior, e mundo teme Brasil.<\/p>\n","protected":false},"author":1,"featured_media":0,"comment_status":"closed","ping_status":"open","sticky":false,"template":"","format":"standard","meta":{"_exactmetrics_skip_tracking":false,"_exactmetrics_sitenote_active":false,"_exactmetrics_sitenote_note":"","_exactmetrics_sitenote_category":0,"jetpack_post_was_ever_published":false,"_jetpack_newsletter_access":"","_jetpack_dont_email_post_to_subs":false,"_jetpack_newsletter_tier_id":0,"_jetpack_memberships_contains_paywalled_content":false,"_jetpack_memberships_contains_paid_content":false,"footnotes":"","jetpack_publicize_message":"","jetpack_publicize_feature_enabled":true,"jetpack_social_post_already_shared":true,"jetpack_social_options":{"image_generator_settings":{"template":"highway","enabled":false},"version":2}},"categories":[1],"tags":[],"class_list":["post-28466","post","type-post","status-publish","format-standard","hentry","category-notas"],"jetpack_publicize_connections":[],"jetpack_sharing_enabled":true,"jetpack_featured_media_url":"","jetpack_shortlink":"https:\/\/wp.me\/p7wKYW-7p8","jetpack-related-posts":[],"_links":{"self":[{"href":"http:\/\/blogdalucianaoliveira.com.br\/blog\/wp-json\/wp\/v2\/posts\/28466","targetHints":{"allow":["GET"]}}],"collection":[{"href":"http:\/\/blogdalucianaoliveira.com.br\/blog\/wp-json\/wp\/v2\/posts"}],"about":[{"href":"http:\/\/blogdalucianaoliveira.com.br\/blog\/wp-json\/wp\/v2\/types\/post"}],"author":[{"embeddable":true,"href":"http:\/\/blogdalucianaoliveira.com.br\/blog\/wp-json\/wp\/v2\/users\/1"}],"replies":[{"embeddable":true,"href":"http:\/\/blogdalucianaoliveira.com.br\/blog\/wp-json\/wp\/v2\/comments?post=28466"}],"version-history":[{"count":1,"href":"http:\/\/blogdalucianaoliveira.com.br\/blog\/wp-json\/wp\/v2\/posts\/28466\/revisions"}],"predecessor-version":[{"id":28468,"href":"http:\/\/blogdalucianaoliveira.com.br\/blog\/wp-json\/wp\/v2\/posts\/28466\/revisions\/28468"}],"wp:attachment":[{"href":"http:\/\/blogdalucianaoliveira.com.br\/blog\/wp-json\/wp\/v2\/media?parent=28466"}],"wp:term":[{"taxonomy":"category","embeddable":true,"href":"http:\/\/blogdalucianaoliveira.com.br\/blog\/wp-json\/wp\/v2\/categories?post=28466"},{"taxonomy":"post_tag","embeddable":true,"href":"http:\/\/blogdalucianaoliveira.com.br\/blog\/wp-json\/wp\/v2\/tags?post=28466"}],"curies":[{"name":"wp","href":"https:\/\/api.w.org\/{rel}","templated":true}]}}