{"id":28469,"date":"2020-05-31T12:35:10","date_gmt":"2020-05-31T16:35:10","guid":{"rendered":"http:\/\/blogdalucianaoliveira.com.br\/blog\/?p=28469"},"modified":"2020-05-31T12:35:18","modified_gmt":"2020-05-31T16:35:18","slug":"video-torcidas-organizadas-rejeitam-golpe-e-vao-a-paulista-pedir-democracia","status":"publish","type":"post","link":"http:\/\/blogdalucianaoliveira.com.br\/blog\/2020\/05\/31\/video-torcidas-organizadas-rejeitam-golpe-e-vao-a-paulista-pedir-democracia\/","title":{"rendered":"(V\u00eddeo) Torcidas organizadas rejeitam golpe e v\u00e3o \u00e0 Paulista pedir democracia"},"content":{"rendered":"\n<figure class=\"wp-block-image size-large\"><img data-recalc-dims=\"1\" loading=\"lazy\" decoding=\"async\" width=\"600\" height=\"374\" data-attachment-id=\"28470\" data-permalink=\"http:\/\/blogdalucianaoliveira.com.br\/blog\/2020\/05\/31\/video-torcidas-organizadas-rejeitam-golpe-e-vao-a-paulista-pedir-democracia\/image-108-2\/\" data-orig-file=\"https:\/\/i0.wp.com\/blogdalucianaoliveira.com.br\/blog\/wp-content\/uploads\/2020\/05\/image-108.jpeg?fit=610%2C380\" data-orig-size=\"610,380\" data-comments-opened=\"0\" data-image-meta=\"{&quot;aperture&quot;:&quot;0&quot;,&quot;credit&quot;:&quot;&quot;,&quot;camera&quot;:&quot;&quot;,&quot;caption&quot;:&quot;&quot;,&quot;created_timestamp&quot;:&quot;0&quot;,&quot;copyright&quot;:&quot;&quot;,&quot;focal_length&quot;:&quot;0&quot;,&quot;iso&quot;:&quot;0&quot;,&quot;shutter_speed&quot;:&quot;0&quot;,&quot;title&quot;:&quot;&quot;,&quot;orientation&quot;:&quot;0&quot;}\" data-image-title=\"image-108\" data-image-description=\"\" data-image-caption=\"\" data-medium-file=\"https:\/\/i0.wp.com\/blogdalucianaoliveira.com.br\/blog\/wp-content\/uploads\/2020\/05\/image-108.jpeg?fit=300%2C187\" data-large-file=\"https:\/\/i0.wp.com\/blogdalucianaoliveira.com.br\/blog\/wp-content\/uploads\/2020\/05\/image-108.jpeg?fit=600%2C374\" src=\"https:\/\/i0.wp.com\/blogdalucianaoliveira.com.br\/blog\/wp-content\/uploads\/2020\/05\/image-108.jpeg?resize=600%2C374\" alt=\"\" class=\"wp-image-28470\" srcset=\"https:\/\/i0.wp.com\/blogdalucianaoliveira.com.br\/blog\/wp-content\/uploads\/2020\/05\/image-108.jpeg?w=610 610w, https:\/\/i0.wp.com\/blogdalucianaoliveira.com.br\/blog\/wp-content\/uploads\/2020\/05\/image-108.jpeg?resize=300%2C187 300w, https:\/\/i0.wp.com\/blogdalucianaoliveira.com.br\/blog\/wp-content\/uploads\/2020\/05\/image-108.jpeg?resize=482%2C300 482w\" sizes=\"auto, (max-width: 600px) 100vw, 600px\" \/><\/figure>\n\n\n\n<p><strong>247<\/strong>&nbsp;&#8211; Torcidas organizadas est\u00e3o na Avenida Paulista em protesto contra est\u00edmulos a manifesta\u00e7\u00f5es pelo fechamento do Congresso Nacional e do Supremo Tribunal Federal por parte de Jair Bolsonaro. &#8220;Democracia&#8221;, gritam os manifestantes.&nbsp;<\/p>\n\n\n\n<!--more-->\n\n\n\n<p>Bolsonaro j\u00e1 compareceu este ano a manifesta\u00e7\u00f5es que pediam interven\u00e7\u00e3o militar no governo federal.&nbsp;<\/p>\n\n\n\n<p>A \u00faltima\u00a0<a href=\"https:\/\/www.brasil247.com\/brasil\/eduardo-bolsonaro-ameaca-com-golpe-de-estado-e-diz-que-seu-pai-sera-chamado-de-ditador\">amea\u00e7a\u00a0<\/a>do cl\u00e3 presidencial partiu do deputado federal Eduardo Bolsonaro (PSL-SP), ap\u00f3s aliados do seu pai serem alvos de uma a\u00e7\u00e3o da Pol\u00edcia Federal contra fake news.\u00a0<br><\/p>\n\n\n\n<p>&#8220;Quando chegar a um ponto que o presidente n\u00e3o tiver mais sa\u00edda e for necess\u00e1rio uma medida en\u00e9rgica, ele que ser\u00e1 taxado como ditador&#8221;, afirmou em seu twitter.<\/p>\n\n\n\n<figure class=\"wp-block-embed-twitter wp-block-embed is-type-rich is-provider-twitter\"><div class=\"wp-block-embed__wrapper\">\nhttps:\/\/twitter.com\/j_livres\/status\/1267113100035178496?s=21\n<\/div><\/figure>\n","protected":false},"excerpt":{"rendered":"<p>247&nbsp;&#8211; Torcidas organizadas est\u00e3o na Avenida Paulista em protesto contra est\u00edmulos a manifesta\u00e7\u00f5es pelo fechamento do Congresso Nacional e do Supremo Tribunal Federal por parte de Jair Bolsonaro. &#8220;Democracia&#8221;, gritam os manifestantes.&nbsp;<\/p>\n","protected":false},"author":1,"featured_media":0,"comment_status":"closed","ping_status":"open","sticky":false,"template":"","format":"standard","meta":{"_exactmetrics_skip_tracking":false,"_exactmetrics_sitenote_active":false,"_exactmetrics_sitenote_note":"","_exactmetrics_sitenote_category":0,"jetpack_post_was_ever_published":false,"_jetpack_newsletter_access":"","_jetpack_dont_email_post_to_subs":false,"_jetpack_newsletter_tier_id":0,"_jetpack_memberships_contains_paywalled_content":false,"_jetpack_memberships_contains_paid_content":false,"footnotes":"","jetpack_publicize_message":"","jetpack_publicize_feature_enabled":true,"jetpack_social_post_already_shared":true,"jetpack_social_options":{"image_generator_settings":{"template":"highway","enabled":false},"version":2}},"categories":[1],"tags":[],"class_list":["post-28469","post","type-post","status-publish","format-standard","hentry","category-notas"],"jetpack_publicize_connections":[],"jetpack_sharing_enabled":true,"jetpack_featured_media_url":"","jetpack_shortlink":"https:\/\/wp.me\/p7wKYW-7pb","jetpack-related-posts":[],"_links":{"self":[{"href":"http:\/\/blogdalucianaoliveira.com.br\/blog\/wp-json\/wp\/v2\/posts\/28469","targetHints":{"allow":["GET"]}}],"collection":[{"href":"http:\/\/blogdalucianaoliveira.com.br\/blog\/wp-json\/wp\/v2\/posts"}],"about":[{"href":"http:\/\/blogdalucianaoliveira.com.br\/blog\/wp-json\/wp\/v2\/types\/post"}],"author":[{"embeddable":true,"href":"http:\/\/blogdalucianaoliveira.com.br\/blog\/wp-json\/wp\/v2\/users\/1"}],"replies":[{"embeddable":true,"href":"http:\/\/blogdalucianaoliveira.com.br\/blog\/wp-json\/wp\/v2\/comments?post=28469"}],"version-history":[{"count":1,"href":"http:\/\/blogdalucianaoliveira.com.br\/blog\/wp-json\/wp\/v2\/posts\/28469\/revisions"}],"predecessor-version":[{"id":28471,"href":"http:\/\/blogdalucianaoliveira.com.br\/blog\/wp-json\/wp\/v2\/posts\/28469\/revisions\/28471"}],"wp:attachment":[{"href":"http:\/\/blogdalucianaoliveira.com.br\/blog\/wp-json\/wp\/v2\/media?parent=28469"}],"wp:term":[{"taxonomy":"category","embeddable":true,"href":"http:\/\/blogdalucianaoliveira.com.br\/blog\/wp-json\/wp\/v2\/categories?post=28469"},{"taxonomy":"post_tag","embeddable":true,"href":"http:\/\/blogdalucianaoliveira.com.br\/blog\/wp-json\/wp\/v2\/tags?post=28469"}],"curies":[{"name":"wp","href":"https:\/\/api.w.org\/{rel}","templated":true}]}}