{"id":28472,"date":"2020-05-31T12:40:19","date_gmt":"2020-05-31T16:40:19","guid":{"rendered":"http:\/\/blogdalucianaoliveira.com.br\/blog\/?p=28472"},"modified":"2020-05-31T12:40:26","modified_gmt":"2020-05-31T16:40:26","slug":"fhc-quem-vai-ser-responsabilizado-pelos-erros-do-governo-queiram-ou-nao-serao-os-militares","status":"publish","type":"post","link":"http:\/\/blogdalucianaoliveira.com.br\/blog\/2020\/05\/31\/fhc-quem-vai-ser-responsabilizado-pelos-erros-do-governo-queiram-ou-nao-serao-os-militares\/","title":{"rendered":"FHC: \u201cQuem vai ser responsabilizado pelos erros do Governo, queiram ou n\u00e3o, ser\u00e3o os militares\u201d"},"content":{"rendered":"\n<figure class=\"wp-block-image size-large\"><img data-recalc-dims=\"1\" loading=\"lazy\" decoding=\"async\" width=\"600\" height=\"441\" data-attachment-id=\"28473\" data-permalink=\"http:\/\/blogdalucianaoliveira.com.br\/blog\/2020\/05\/31\/fhc-quem-vai-ser-responsabilizado-pelos-erros-do-governo-queiram-ou-nao-serao-os-militares\/image-109-2\/\" data-orig-file=\"https:\/\/i0.wp.com\/blogdalucianaoliveira.com.br\/blog\/wp-content\/uploads\/2020\/05\/image-109.jpeg?fit=640%2C470\" data-orig-size=\"640,470\" data-comments-opened=\"0\" data-image-meta=\"{&quot;aperture&quot;:&quot;0&quot;,&quot;credit&quot;:&quot;&quot;,&quot;camera&quot;:&quot;&quot;,&quot;caption&quot;:&quot;&quot;,&quot;created_timestamp&quot;:&quot;0&quot;,&quot;copyright&quot;:&quot;&quot;,&quot;focal_length&quot;:&quot;0&quot;,&quot;iso&quot;:&quot;0&quot;,&quot;shutter_speed&quot;:&quot;0&quot;,&quot;title&quot;:&quot;&quot;,&quot;orientation&quot;:&quot;0&quot;}\" data-image-title=\"image-109\" data-image-description=\"\" data-image-caption=\"\" data-medium-file=\"https:\/\/i0.wp.com\/blogdalucianaoliveira.com.br\/blog\/wp-content\/uploads\/2020\/05\/image-109.jpeg?fit=300%2C220\" data-large-file=\"https:\/\/i0.wp.com\/blogdalucianaoliveira.com.br\/blog\/wp-content\/uploads\/2020\/05\/image-109.jpeg?fit=600%2C441\" src=\"https:\/\/i0.wp.com\/blogdalucianaoliveira.com.br\/blog\/wp-content\/uploads\/2020\/05\/image-109.jpeg?resize=600%2C441\" alt=\"\" class=\"wp-image-28473\" srcset=\"https:\/\/i0.wp.com\/blogdalucianaoliveira.com.br\/blog\/wp-content\/uploads\/2020\/05\/image-109.jpeg?w=640 640w, https:\/\/i0.wp.com\/blogdalucianaoliveira.com.br\/blog\/wp-content\/uploads\/2020\/05\/image-109.jpeg?resize=300%2C220 300w, https:\/\/i0.wp.com\/blogdalucianaoliveira.com.br\/blog\/wp-content\/uploads\/2020\/05\/image-109.jpeg?resize=409%2C300 409w\" sizes=\"auto, (max-width: 600px) 100vw, 600px\" \/><\/figure>\n\n\n\n<p>Ex-presidente diz que excesso de generais exp\u00f5e fraqueza de Bolsonaro. Ele enxerga rea\u00e7\u00e3o em defesa da democracia e diz que ideias de Guedes est\u00e3o erradas para o momento.<\/p>\n\n\n\n<!--more-->\n\n\n\n<p><a href=\"https:\/\/brasil.elpais.com\/autor\/carla-jimenez\/\">CARLA JIM\u00c9NEZ<\/a>|<a href=\"https:\/\/brasil.elpais.com\/autor\/flavia-rodrigues-marreiro\/\">FL\u00c1VIA MARREIRO<\/a>|<a href=\"https:\/\/brasil.elpais.com\/autor\/naiara-galarraga-gortazar\/\">NAIARA GALARRAGA GORT\u00c1ZAR<\/a><br><\/p>\n\n\n\n<p>No El Pa\u00eds<\/p>\n\n\n\n<p>O ex-presidente&nbsp;<a href=\"https:\/\/brasil.elpais.com\/autor\/fernando-henrique-cardoso\/\" target=\"_blank\" rel=\"noreferrer noopener\">Fernando Henrique Cardoso<\/a>, que vivenciou uma guerra mundial, a ditadura e o ex\u00edlio, parece bem adaptado \u00e0 reclus\u00e3o em sua casa de S\u00e3o Paulo. Prestes a completar 89 anos, tem no&nbsp;<a href=\"https:\/\/brasil.elpais.com\/noticias\/coronavirus\/a\/\" target=\"_blank\" rel=\"noreferrer noopener\"><strong>coronav\u00edrus<\/strong><\/a>&nbsp;uma amea\u00e7a muito grave. H\u00e1 dois meses se relaciona somente por telefone com seus filhos e netos. Soci\u00f3logo e professor, continua sendo um intelectual cl\u00e1ssico, ainda que tamb\u00e9m mande recados pelo Twitter. Na manh\u00e3 desta sexta-feira, 29, falou sobre o&nbsp;<a href=\"https:\/\/brasil.elpais.com\/tag\/jair_messias_bolsonaro\" target=\"_blank\" rel=\"noreferrer noopener\">presidente Jair Bolsonaro<\/a>, os militares, a pandemia e a economia em uma entrevista ao EL PA\u00cdS Brasil&nbsp;<a href=\"https:\/\/brasil.elpais.com\/brasil\/2020-05-28\/el-pais-entrevista-fernando-henrique-cardoso-ao-vivo-nesta-sexta.html\" target=\"_blank\" rel=\"noreferrer noopener\">transmitida ao vivo<\/a>. O ex-presidente enxerga a democracia brasileira atacada por dentro dela mesma, mas enxerga rea\u00e7\u00e3o. Ele mesmo acaba de assinar um&nbsp;<a href=\"http:\/\/www.movimentoestamosjuntos.org\/\" target=\"_blank\" rel=\"noreferrer noopener\">manifesto a favor da democracia<\/a>feito pelo movimento Estamos Juntos que une intelectuais, artistas e pol\u00edticos de diversos partidos.<\/p>\n\n\n\n<p>Durante a pandemia, Fernando Henrique escolheu seu lado com clareza na dicotomia em que a pol\u00edtica brasileira se move. \u201cEntre economia e vida, de que lado? Eu estou do lado da vida. H\u00e1 pessoas que est\u00e3o do lado do mercado. Tentaremos fazer com que as duas coisas sejam compat\u00edveis e nos preparar para o que vem depois\u201d, diz.<\/p>\n\n\n\n<p>Cardoso, presidente de honra do&nbsp;<a href=\"https:\/\/brasil.elpais.com\/noticias\/psdb-partido-social-democracia-brasilena\/\" target=\"_blank\" rel=\"noreferrer noopener\">Partido da Social Democracia Brasileira (PSDB)<\/a>, que com 31 deputados \u00e9 o quarto maior grupo parlamentar, est\u00e1 preocupado, mas tamb\u00e9m n\u00e3o acredita que o Brasil est\u00e1 em um ponto de n\u00e3o retorno. N\u00e3o neste momento. V\u00ea sinais inquietantes, mas tamb\u00e9m institui\u00e7\u00f5es que respondem aos ataques. O homem que ocupou a Presid\u00eancia entre 1995 e 2002 deixa claro seu desgosto com Bolsonaro: \u201cO presidente quer mais poderes, como se n\u00e3o tivesse suficiente. O que precisa fazer \u00e9 exercer o que tem\u201d, responde pela tela do computador. Atr\u00e1s dele, uma estante repleta de livros e uma diminuta rainha Elizabeth II de pl\u00e1stico que acena.<\/p>\n\n\n\n<p>Apesar do ru\u00eddo cada vez mais presente sobre&nbsp;<a href=\"https:\/\/brasil.elpais.com\/brasil\/2020-05-29\/bolsonaro-invoca-intervencao-militar-contra-o-stf-e-flerta-com-golpe.html\" target=\"_blank\" rel=\"noreferrer noopener\">uma eventual interven\u00e7\u00e3o militar no Brasil<\/a>, e os constantes desmentidos dos ministros vindos das For\u00e7as Armadas, Cardoso destaca que neste momento n\u00e3o v\u00ea riscos. Mas faz uma advert\u00eancia ap\u00f3s lembrar que \u00e9 filho de um general e neto de um marechal. \u201cAcho que os militares n\u00e3o desejam nesse momento assumir o poder, um golpe. Mas como as democracias morrem? N\u00e3o precisa ser um golpe militar. O pr\u00f3prio presidente pode assumir poderes extraordin\u00e1rios. E pode tom\u00e1-los. H\u00e1 alguma possibilidade de que ocorra? Diria que n\u00e3o h\u00e1 possibilidade nas condi\u00e7\u00f5es atuais no Brasil. Podem existir tentativas nessa dire\u00e7\u00e3o? Podem existir\u201d. Significa, portanto, estar alerta. \u201cN\u00e3o se pode deixar que a democracia seja erodida de dentro\u201d. Por isso considera essencial levantar a voz quando algu\u00e9m cruza os limites.<\/p>\n\n\n\n<p>\u201cQuando alguns militares falam \u00e9 sempre para defender a Constitui\u00e7\u00e3o. N\u00e3o est\u00e3o apoiando abertamente o que dizem alguns ministros e muitas vezes o pr\u00f3prio presidente. Acho que esse \u00e9 um momento em que \u00e9 preciso falar claro\u201d.<\/p>\n\n\n\n<p>Ningu\u00e9m d\u00e1 dinheiro a voc\u00ea se acha que n\u00e3o est\u00e1 avan\u00e7ando. Come\u00e7a a existir algo que n\u00e3o ocorria ao Brasil: come\u00e7am a achar que n\u00e3o somos confi\u00e1veis<\/p>\n\n\n\n<p>Mas n\u00e3o \u00e9 s\u00f3 o que dizem e n\u00e3o dizem os membros do Governo que v\u00eam das For\u00e7as Armadas. \u00c9 tamb\u00e9m sua crescente presen\u00e7a em \u00f3rg\u00e3os governamentais de todos os tipos, um desembarque in\u00e9dito desde o final da ditadura, em 1985. \u201cQuando um Governo come\u00e7a a nomear muitos militares \u00e9 porque est\u00e1 fr\u00e1gil\u201d, ressalta. E no caso de Bolsonaro, um capit\u00e3o da reserva, porque \u00e9 l\u00e1 nas For\u00e7as Armadas que encontra sua rede contatos, mas \u201co resultado \u00e9 que o Governo ter\u00e1 um rosto militar. E os respons\u00e1veis pelos erros do Governo, queriam ou n\u00e3o, ser\u00e3o os militares\u201d. Incluindo o que acontecer na&nbsp;<a href=\"https:\/\/brasil.elpais.com\/noticias\/coronavirus\/\" target=\"_blank\" rel=\"noreferrer noopener\">pandemia de coronav\u00edrus<\/a>. \u201cNesse momento n\u00e3o, mas depois, sim\u201d. Um general dirige o Minist\u00e9rio da Sa\u00fade interinamente ap\u00f3s o presidente demitir seus dois predecessores.<\/p>\n\n\n\n<p>Cardoso lembra algo que h\u00e1 pouco tempo parecia desnecess\u00e1rio frisar. Que n\u00e3o se pode dar a democracia como certa, \u00e9 preciso cuid\u00e1-la como se fosse uma planta e defend\u00ea-la cotidianamente. O Brasil de Bolsonaro \u00e9 cen\u00e1rio de constantes ataques \u00e0 separa\u00e7\u00e3o de seus poderes, de seus ministros, seus filhos e seguidores. O ass\u00e9dio \u00e0 imprensa \u00e9 cada vez mais frequente. E o pr\u00f3prio mandat\u00e1rio, um saudoso da ditadura, participou de v\u00e1rios atos nos quais se pediu uma \u201cinterven\u00e7\u00e3o militar\u201d. Os alertas do ex-presidente Cardoso s\u00e3o calmos, sem estrid\u00eancias: \u201cExistem v\u00e1rios sinais aqui, para dizer suavemente, que s\u00e3o inquietantes\u201d.<\/p>\n\n\n\n<p>Em sua opini\u00e3o o atual presidente n\u00e3o est\u00e1 \u00e0 altura do cargo que ocupa. \u201cAinda temos democracia. Est\u00e1 sendo destro\u00e7ada, atacada. \u00c9 responsabilidade do presidente velar pela democracia? Sim. Est\u00e1 velando por ela? N\u00e3o. Est\u00e1 dizendo coisas que n\u00e3o s\u00e3o apropriadas ao chefe de Estado\u201d.<\/p>\n\n\n\n<p>Apesar de tudo, Cardoso considera que a situa\u00e7\u00e3o n\u00e3o est\u00e1 madura para um impeachment, que, frisa, \u201cn\u00e3o pode ser um projeto de oposi\u00e7\u00e3o\u201d. Lembra que Bolsonaro mant\u00e9m uma base forte, na qual tamb\u00e9m existem muitos fan\u00e1ticos.<\/p>\n\n\n\n<p>Ele, que tem tantos contatos no mundo inteiro, \u00e9 consciente de como a imagem de sua p\u00e1tria se deteriorou nos \u00faltimos tempos. Algo que o modo de Bolsonaro de enfrentar a pandemia agravou. E isso ser\u00e1 um&nbsp;<a href=\"https:\/\/brasil.elpais.com\/economia\/2020-05-29\/pib-cai-15-no-primeiro-trimestre-e-mostra-primeiros-sinais-da-pandemia.html\" target=\"_blank\" rel=\"noreferrer noopener\">problema para reativar a economia<\/a>, para o que v\u00ea a coopera\u00e7\u00e3o internacional como imprescind\u00edvel. N\u00e3o ser\u00e1 f\u00e1cil. \u201cNingu\u00e9m d\u00e1 dinheiro a voc\u00ea se acha que n\u00e3o est\u00e1 avan\u00e7ando. Come\u00e7a a existir algo que n\u00e3o ocorria ao Brasil: come\u00e7am a achar que n\u00e3o somos confi\u00e1veis\u201d. O horizonte \u00e9 sombrio: \u201cAp\u00f3s algum tempo, a pandemia n\u00e3o existir\u00e1, mas sim desemprego e falta de crescimento econ\u00f4mico. E podem ocorrer mobiliza\u00e7\u00f5es sociais. Precisamos nos preparar para viver com isso, e n\u00e3o para cont\u00ea-lo\u201d.<\/p>\n\n\n\n<p>No plano econ\u00f4mico, considera que as receitas com as quais o ministro&nbsp;<a href=\"https:\/\/brasil.elpais.com\/tag\/paulo_roberto_nunes_guedes\" target=\"_blank\" rel=\"noreferrer noopener\">Paulo Guedes<\/a>&nbsp;trabalhava j\u00e1 n\u00e3o servem nessa conjuntura. \u201cEle tinha um rumo, mas a crise o atingiu. Suas ideias s\u00e3o incorretas agora\u201d.<\/p>\n\n\n\n<p>Ainda que anseie por viajar e comer nos restaurantes de seu bairro, afirma que s\u00f3 sair\u00e1 de casa quando autoridades e as recomenda\u00e7\u00f5es sanit\u00e1rias permitirem.<\/p>\n\n\n\n<p>Leia a seguir alguns dos principais trechos da entrevista, e assista&nbsp;<a href=\"https:\/\/www.youtube.com\/watch?v=4wkfnzva0sI&amp;t=1107s\" target=\"_blank\" rel=\"noreferrer noopener\">a \u00edntegra no canal do youtube do EL PA\u00cdS Brasil<\/a>.<\/p>\n\n\n\n<h3 class=\"wp-block-heading\">Impeachment de Bolsonaro<\/h3>\n\n\n\n<p>O impeachment sempre deixa uma marca para as institui\u00e7\u00f5es, na cultura do povo. N\u00f3s j\u00e1 tivemos recentemente dois impeachments. Mais um \u00e9 complicado. O impeachment n\u00e3o pode ser um projeto dos opositores. N\u00e3o tenho por que defender o presidente Jair Bolsonaro. N\u00e3o votei, nele, estou contra ele, e ele sabe disso. Ele queria me fuzilar quando eu era presidente&#8230;<\/p>\n\n\n\n<h3 class=\"wp-block-heading\">A democracia brasileira est\u00e1 morrendo?<\/h3>\n\n\n\n<p>Espero que n\u00e3o. Temos uma sociedade muito din\u00e2mica, e uma imprensa muito livre, e que fala as coisas. Reage, tem como reagir aos ataques. Na ditadura, n\u00e3o tem como, eles te prendem. Fui exilado, perdi a c\u00e1tedra. \u00c9 dif\u00edcil, \u00e9 outra situa\u00e7\u00e3o. Eu estive na Espanha no per\u00edodo duro, \u00e9 outra situa\u00e7\u00e3o. N\u00e3o quer dizer que n\u00e3o temos de olhar com preocupa\u00e7\u00e3o, pode chegar. Se a sociedade, se os l\u00edderes e institui\u00e7\u00f5es reagirem vai mal, se deixa s\u00f3 o impulso prevalecer, vai mal, vai mal. Qualquer que seja a inten\u00e7\u00e3o que esteja no poder. No passado, em 1964 , havia luta entre EUA e URSS, e havia gente contra essa realidade. Imagina que marechal Castello Branco queria ditadura. Nunca. Mas as coisas v\u00e3o se encadeando. \u00c9 preciso prestar a aten\u00e7\u00e3o e barrar. Bolsonaro reclama do ministro que falou da reuni\u00e3o ministerial [<a href=\"https:\/\/brasil.elpais.com\/noticias\/sergio-fernando-moro\/\" target=\"_blank\" rel=\"noreferrer noopener\">Sergio Moro<\/a>] e n\u00e3o reclama dos&nbsp;<a href=\"https:\/\/brasil.elpais.com\/brasil\/2020-05-22\/a-integra-da-transcricao-da-reuniao-entre-bolsonaro-e-os-ministros-que-teve-sigilo-retirado-pelo-stf.html\" target=\"_blank\" rel=\"noreferrer noopener\">disparates da reuni\u00e3o<\/a>. Espero que se chegue at\u00e9 a elei\u00e7\u00e3o. Espero. N\u00e3o se pode aceitar a eros\u00e3o da democracia por dentro, e por fora. \u00c9 preciso defender a Constitui\u00e7\u00e3o.<\/p>\n\n\n\n<h3 class=\"wp-block-heading\">Luta contra inimigos irreais, como nos EUA<\/h3>\n\n\n\n<p>A quest\u00e3o no Brasil, como \u00e9 um pouco nos EUA, \u00e9 de teia de aranha na cabe\u00e7a. De atraso. Lutando contra inimigos que n\u00e3o s\u00e3o reais. Terra \u00e9 plana. Que \u00e9 isso. Contrassenso. Inspira\u00e7\u00e3o ideol\u00f3gica, de lideres que s\u00e3o gurus, que nada tem a ver com a ci\u00eancia. Isso \u00e9 atraso. Mas ele foi eleito. Posso achar que foi erro. Mas outro n\u00e3o. Ele tem uma base de apoio. Melhor para o futuro, em termos de hist\u00f3ria do Brasil, que se chegue a convencer o povo a votar melhor.<\/p>\n\n\n\n<h3 class=\"wp-block-heading\">Rea\u00e7\u00e3o em defesa da democracia<\/h3>\n\n\n\n<p>Come\u00e7a a haver rea\u00e7\u00e3o. ABI [Associa\u00e7\u00e3o Brasileira de Imprensa] protestando, setores organizados protestam. Entidades, editoriais dos jornais. Por que n\u00e3o reagimos? Estamos com coronav\u00edrus. Dif\u00edcil mobilizar o povo quando n\u00e3o se tem medo. Isso explica, mas n\u00e3o justifica. Todos que t\u00eam responsabilidade pol\u00edtica t\u00eam de se manifestar. Os partidos no Brasil s\u00e3o muito fragmentados e n\u00e3o s\u00e3o mais indutores do comportamento p\u00fablico. N\u00e3o controlam a opini\u00e3o p\u00fablica. Tribunais dizendo, imprensa dizendo.<\/p>\n\n\n\n<h3 class=\"wp-block-heading\">Militares e Constitui\u00e7\u00e3o<\/h3>\n\n\n\n<p>Nunca vi um militar falar contra a Constitui\u00e7\u00e3o. Quando alguns militares falam d\u00e3o um jeito de defend\u00ea-la.&nbsp;<a href=\"https:\/\/brasil.elpais.com\/brasil\/2020-05-05\/forcas-armadas-sinalizam-distancia-de-bolsonaro-na-crise-do-coronavirus-mas-divorcio-de-militares-com-governo-e-improvavel.html\" target=\"_blank\" rel=\"noreferrer noopener\">N\u00e3o est\u00e3o abertamente subscrevendo<\/a>&nbsp;o que dizem alguns ministros e o pr\u00f3prio presidente muitas vezes. Acho que nesta hora \u00e9 preciso falar, dizer claramente. \u201cN\u00e3o pode, est\u00e1 errado entrando em \u00e1reas de compet\u00eancia que n\u00e3o s\u00e3o suas. Precisa manter a liberdade de imprensa. E mais, a economia sofre as consequ\u00eancias de tudo isso. O mundo mudou e sobretudo o mundo tem medo do que est\u00e1 acontecendo aqui. A incerteza. \u00c9 precisar dar um rumo. A principal fun\u00e7\u00e3o do presidente \u00e9 dar um rumo. Aqui h\u00e1 d\u00favidas sobre as duas quest\u00f5es.<\/p>\n\n\n\n<h3 class=\"wp-block-heading\">Militares demais no Governo, for\u00e7a de menos<\/h3>\n\n\n\n<p>Quando um Governo come\u00e7a a nomear muito militar, \u00e9 porque o Governo est\u00e1 fraco. Eu vi isso no Chile, com o presidente Allende. Nomeava muito militar para fingir que tinha for\u00e7a. Aqui n\u00e3o \u00e9 tanto para fingir que tem for\u00e7a, mas porque s\u00e3o os que ele conhece. Riscos? Militares no Brasil n\u00e3o t\u00eam sentido de mercado. Empresa, mercado, lucro. Nem corrup\u00e7\u00e3o, n\u00e3o gostam. Mas se habituam \u00e0s benesses do Governo. Quem n\u00e3o gosta? Tem autom\u00f3vel, tem casa, tem sal\u00e1rio, dobra o sal\u00e1rio. Pouco a pouco cria identidade autom\u00e1tica, acontece. Ele nomeia essas pessoas porque tem pouco apoio. Eles n\u00e3o v\u00e3o para l\u00e1 para se beneficiar, eles v\u00e3o l\u00e1 para servir o pa\u00eds. A motiva\u00e7\u00e3o pode ser qualquer. O resultado \u00e9 que o Governo vai ter cara militar. E quem vai ser respons\u00e1vel pelos erros do Governo, queira ou n\u00e3o, ser\u00e3o os militares. Eles t\u00eam feito um certo esfor\u00e7o de dizer \u2014n\u00f3s estamos aqui, reiterando que for\u00e7as militares servem ao Estado, ao Governo. N\u00f3s temos que reiterar essa ideia, para que isso se incuta na cultura brasileira. Que militares s\u00e3o \u00f3rg\u00e3o de defesa das institui\u00e7\u00f5es do Estado.<\/p>\n\n\n\n<h3 class=\"wp-block-heading\">Militares responsabilizados pela pandemia<\/h3>\n\n\n\n<p>Neste momento n\u00e3o, depois v\u00e3o. N\u00e3o \u00e9 bom para eles. Tem muito general. N\u00e3o tenho nada contra generais. Um ou outro pois t\u00eam capacita\u00e7\u00e3o t\u00e9cnica para tanto&#8230; Muitos generais [no Governo] fazem mal \u00e0s&nbsp;<a href=\"https:\/\/brasil.elpais.com\/tag\/fuerzas_armadas\" target=\"_blank\" rel=\"noreferrer noopener\">For\u00e7as Armadas<\/a>, d\u00e1 essa sensa\u00e7\u00e3o de tutela militar. N\u00e3o \u00e9 compat\u00edvel com tempo moderno, contempor\u00e2neo, com as institui\u00e7\u00f5es brasileiras. Os militares ter\u00e3o sempre for\u00e7a, poder.<\/p>\n\n\n\n<h3 class=\"wp-block-heading\">Ideias erradas de Paulo Guedes para o momento&nbsp;<\/h3>\n\n\n\n<p>O ministro da Economia, Paulo Guedes, tem um rumo. Mas o rumo dele bateu com uma crise. As ideias dele est\u00e3o erradas para o momento, n\u00e3o tem como fazer. Ele ficou meio perdido. J\u00e1 deveria ter mexido para poder funcionar. \u00c9 preciso na pol\u00edtica sempre falar para o cora\u00e7\u00e3o e para a cabe\u00e7a das pessoas. Ter sentimento, as pessoas precisam acreditar naquilo. Neste momento falta o caminho de cren\u00e7a. Entendo a afli\u00e7\u00e3o do presidente atual, como eu tive, de querer ir mais depressa. Mas isso aumenta o n\u00famero de mortos. Entre a economia e a vida, voc\u00ea fica de que lado? Eu fico do lado da vida. Tem gente que fica do lado do mercado. Vamos tentar compatibilizar, e preparar o que vem depois.<\/p>\n\n\n\n<h3 class=\"wp-block-heading\">Falta lideran\u00e7a contempor\u00e2nea no Brasil&nbsp;<\/h3>\n\n\n\n<p>Hoje ningu\u00e9m pode falar porque tem medo, est\u00e1 em casa., tem medo da pandemia. Depois de amanha n\u00e3o tem pandemia, mas tem&nbsp;<a href=\"https:\/\/brasil.elpais.com\/economia\/2020-05-29\/com-extensao-da-pandemia-empresas-do-movimento-nao-demita-estudam-proximos-passos.html\" target=\"_blank\" rel=\"noreferrer noopener\">desemprego<\/a>, e falta de crescimento econ\u00f4mico. E pode haver tamb\u00e9m movimenta\u00e7\u00e3o social. Precisamos nos preparar para conviver com isso, e n\u00e3o coibir. A tend\u00eancia autorit\u00e1ria vai querer coibir. Mas os democratas, vamos n\u00e3o coibir, orientar para um lado, convencer, vencer junto. O l\u00edder que quer vencer sozinho est\u00e1 errado. N\u00e3o vence nada. S\u00f3 vence com a espada. E ele n\u00e3o tem a espada ainda. E espero que nunca tenha. Porque se tem espada, decepa as cabe\u00e7as. E se n\u00e3o tem, tem que ganhar as cabe\u00e7as. Falta no Brasil lideran\u00e7a. E n\u00e3o s\u00f3 no Brasil, est\u00e1 escasso no mundo. E outro dado. Precisa ser lideran\u00e7a contempor\u00e2nea com o mundo. O mundo \u00e9 cient\u00edfico, tecnol\u00f3gico. E o mundo ser\u00e1 da ci\u00eancia e da tecnologia, queiramos ou n\u00e3o.<\/p>\n\n\n\n<h3 class=\"wp-block-heading\">A tese Estado m\u00ednimo x Estado forte p\u00f3s pandemia<\/h3>\n\n\n\n<p>Isso deve mudar [na cabe\u00e7a da sociedade brasileira]. Depende da a\u00e7\u00e3o, se colocar de maneira forte e convincente. Quando&nbsp;<a href=\"https:\/\/brasil.elpais.com\/tag\/sus_sistema_unico_saude\" target=\"_blank\" rel=\"noreferrer noopener\">Sistema \u00danico de Sa\u00fade (SUS)<\/a>&nbsp;foi proposto, n\u00f3s apoiamos. \u00c9 importante, d\u00e1 assist\u00eancia a quem n\u00e3o tem dinheiro. Mostra sua valia agora. O problema \u00e9 que ele \u00e9 subfinanciado. Agora n\u00f3s sabemos, vamos saber depois? Os homens t\u00eam mem\u00f3ria mas tamb\u00e9m esquecem. Eu n\u00e3o quero que esque\u00e7am. V\u00e3o falar da pandemia se continua falando sobre. E n\u00e3o da pandemia, mas falar da pobreza e da desigualdade. Tem que fazer economia social de mercado. Governo n\u00e3o tem que ser grande nem pequeno. Tem que funcionar. O mercado n\u00e3o dispensa regulamenta\u00e7\u00e3o. Neste momento de crise, todo mundo pede Governo&#8230; dinheiro, dinheiro.<\/p>\n\n\n\n<h3 class=\"wp-block-heading\">De ajuda emergencial a renda b\u00e1sica permanente<\/h3>\n\n\n\n<p>A necessidade se imp\u00f4s. \u00c9 um passo importante. Pode ter que precisar aumentar imposto. Quem tinha ideia fixa [sobre renda universal] era o deputado Eduardo Suplicy. Houve condi\u00e7\u00e3o depois de que as fam\u00edlias colocassem os filhos da escola. A ideia do&nbsp;<a href=\"https:\/\/brasil.elpais.com\/tag\/pbf_programa_bolsa_familia\" target=\"_blank\" rel=\"noreferrer noopener\">Bolsa Fam\u00edlia<\/a>&nbsp;nasceu no meu Governo. Houve o Bolsa Escola, depois teve um Bolsa Sa\u00fade. Depois o Governo Lula juntou tudo e virou Bolsa Fam\u00edlia, e transformou em instrumento pol\u00edtico. Est\u00e1 feito. E acha que algu\u00e9m vai tirar? N\u00e3o, porque tem sentido social. No mundo do futuro,&nbsp;<a href=\"https:\/\/brasil.elpais.com\/ideas\/2020-05-29\/esther-duflo-nobel-de-economia-as-maquinas-nao-adoecem-temo-que-a-crise-estimule-a-automatizacao.html\" target=\"_blank\" rel=\"noreferrer noopener\">com economia que se tecniciza<\/a>, vai ter que ajudar. Tem que ter dinheiro que vem de quem tem mais.<\/p>\n\n\n\n<p><\/p>\n","protected":false},"excerpt":{"rendered":"<p>Ex-presidente diz que excesso de generais exp\u00f5e fraqueza de Bolsonaro. Ele enxerga rea\u00e7\u00e3o em defesa da democracia e diz que ideias de Guedes est\u00e3o erradas para o momento.<\/p>\n","protected":false},"author":1,"featured_media":0,"comment_status":"closed","ping_status":"open","sticky":false,"template":"","format":"standard","meta":{"_exactmetrics_skip_tracking":false,"_exactmetrics_sitenote_active":false,"_exactmetrics_sitenote_note":"","_exactmetrics_sitenote_category":0,"jetpack_post_was_ever_published":false,"_jetpack_newsletter_access":"","_jetpack_dont_email_post_to_subs":false,"_jetpack_newsletter_tier_id":0,"_jetpack_memberships_contains_paywalled_content":false,"_jetpack_memberships_contains_paid_content":false,"footnotes":"","jetpack_publicize_message":"","jetpack_publicize_feature_enabled":true,"jetpack_social_post_already_shared":true,"jetpack_social_options":{"image_generator_settings":{"template":"highway","enabled":false},"version":2}},"categories":[1],"tags":[],"class_list":["post-28472","post","type-post","status-publish","format-standard","hentry","category-notas"],"jetpack_publicize_connections":[],"jetpack_sharing_enabled":true,"jetpack_featured_media_url":"","jetpack_shortlink":"https:\/\/wp.me\/p7wKYW-7pe","jetpack-related-posts":[],"_links":{"self":[{"href":"http:\/\/blogdalucianaoliveira.com.br\/blog\/wp-json\/wp\/v2\/posts\/28472","targetHints":{"allow":["GET"]}}],"collection":[{"href":"http:\/\/blogdalucianaoliveira.com.br\/blog\/wp-json\/wp\/v2\/posts"}],"about":[{"href":"http:\/\/blogdalucianaoliveira.com.br\/blog\/wp-json\/wp\/v2\/types\/post"}],"author":[{"embeddable":true,"href":"http:\/\/blogdalucianaoliveira.com.br\/blog\/wp-json\/wp\/v2\/users\/1"}],"replies":[{"embeddable":true,"href":"http:\/\/blogdalucianaoliveira.com.br\/blog\/wp-json\/wp\/v2\/comments?post=28472"}],"version-history":[{"count":1,"href":"http:\/\/blogdalucianaoliveira.com.br\/blog\/wp-json\/wp\/v2\/posts\/28472\/revisions"}],"predecessor-version":[{"id":28474,"href":"http:\/\/blogdalucianaoliveira.com.br\/blog\/wp-json\/wp\/v2\/posts\/28472\/revisions\/28474"}],"wp:attachment":[{"href":"http:\/\/blogdalucianaoliveira.com.br\/blog\/wp-json\/wp\/v2\/media?parent=28472"}],"wp:term":[{"taxonomy":"category","embeddable":true,"href":"http:\/\/blogdalucianaoliveira.com.br\/blog\/wp-json\/wp\/v2\/categories?post=28472"},{"taxonomy":"post_tag","embeddable":true,"href":"http:\/\/blogdalucianaoliveira.com.br\/blog\/wp-json\/wp\/v2\/tags?post=28472"}],"curies":[{"name":"wp","href":"https:\/\/api.w.org\/{rel}","templated":true}]}}