{"id":28475,"date":"2020-05-31T18:38:17","date_gmt":"2020-05-31T22:38:17","guid":{"rendered":"http:\/\/blogdalucianaoliveira.com.br\/blog\/?p=28475"},"modified":"2020-05-31T18:38:26","modified_gmt":"2020-05-31T22:38:26","slug":"freixo-bolsonaro-esta-claramente-alimentando-o-caos-para-justificar-uma-intervencao-militar","status":"publish","type":"post","link":"http:\/\/blogdalucianaoliveira.com.br\/blog\/2020\/05\/31\/freixo-bolsonaro-esta-claramente-alimentando-o-caos-para-justificar-uma-intervencao-militar\/","title":{"rendered":"Freixo: &#8216;Bolsonaro est\u00e1 claramente alimentando o caos para justificar uma interven\u00e7\u00e3o militar&#8217;"},"content":{"rendered":"\n<figure class=\"wp-block-image size-large\"><img data-recalc-dims=\"1\" loading=\"lazy\" decoding=\"async\" width=\"600\" height=\"374\" data-attachment-id=\"28476\" data-permalink=\"http:\/\/blogdalucianaoliveira.com.br\/blog\/2020\/05\/31\/freixo-bolsonaro-esta-claramente-alimentando-o-caos-para-justificar-uma-intervencao-militar\/image-110-2\/\" data-orig-file=\"https:\/\/i0.wp.com\/blogdalucianaoliveira.com.br\/blog\/wp-content\/uploads\/2020\/05\/image-110.jpeg?fit=610%2C380\" data-orig-size=\"610,380\" data-comments-opened=\"0\" data-image-meta=\"{&quot;aperture&quot;:&quot;0&quot;,&quot;credit&quot;:&quot;&quot;,&quot;camera&quot;:&quot;&quot;,&quot;caption&quot;:&quot;&quot;,&quot;created_timestamp&quot;:&quot;0&quot;,&quot;copyright&quot;:&quot;&quot;,&quot;focal_length&quot;:&quot;0&quot;,&quot;iso&quot;:&quot;0&quot;,&quot;shutter_speed&quot;:&quot;0&quot;,&quot;title&quot;:&quot;&quot;,&quot;orientation&quot;:&quot;0&quot;}\" data-image-title=\"image-110\" data-image-description=\"\" data-image-caption=\"\" data-medium-file=\"https:\/\/i0.wp.com\/blogdalucianaoliveira.com.br\/blog\/wp-content\/uploads\/2020\/05\/image-110.jpeg?fit=300%2C187\" data-large-file=\"https:\/\/i0.wp.com\/blogdalucianaoliveira.com.br\/blog\/wp-content\/uploads\/2020\/05\/image-110.jpeg?fit=600%2C374\" src=\"https:\/\/i0.wp.com\/blogdalucianaoliveira.com.br\/blog\/wp-content\/uploads\/2020\/05\/image-110.jpeg?resize=600%2C374\" alt=\"\" class=\"wp-image-28476\" srcset=\"https:\/\/i0.wp.com\/blogdalucianaoliveira.com.br\/blog\/wp-content\/uploads\/2020\/05\/image-110.jpeg?w=610 610w, https:\/\/i0.wp.com\/blogdalucianaoliveira.com.br\/blog\/wp-content\/uploads\/2020\/05\/image-110.jpeg?resize=300%2C187 300w, https:\/\/i0.wp.com\/blogdalucianaoliveira.com.br\/blog\/wp-content\/uploads\/2020\/05\/image-110.jpeg?resize=482%2C300 482w\" sizes=\"auto, (max-width: 600px) 100vw, 600px\" \/><\/figure>\n\n\n\n<p><strong>247 &#8211;<\/strong>&nbsp;O deputado Marcelo Freixo acusou Jair Bolsonaro neste domingo, 31, de estimular protestos e desordem social para justificar a implanta\u00e7\u00e3o de uma ditadura aberta no Brasil.&nbsp;<\/p>\n\n\n\n<!--more-->\n\n\n\n<p>&#8220;Bolsonaro est\u00e1 claramente alimentando o caos atrav\u00e9s das suas mil\u00edcias pol\u00edticas para justificar uma interven\u00e7\u00e3o militar. O presidente est\u00e1 preparando o terreno para o golpe e as for\u00e7as democr\u00e1ticas precisam reagir imediatamente a essa viol\u00eancia&#8221;, disse Freixo.\u00a0<br><\/p>\n\n\n\n<p>Neste domingo,\u00a0<a href=\"https:\/\/www.brasil247.com\/brasil\/bolsonaro-participa-de-novo-ato-golpista-com-ataques-ao-stf\">Jair Bolsonaro se encontrou com apoiadores em Bras\u00edlia<\/a>\u00a0sem o uso de m\u00e1scara, contrariando recomenda\u00e7\u00f5es da Organiza\u00e7\u00e3o Mundial da Sa\u00fade (OMS). Alguns manifestantes carregam faixas com dizeres contra o Supremo Tribunal Federal.\u00a0<\/p>\n","protected":false},"excerpt":{"rendered":"<p>247 &#8211;&nbsp;O deputado Marcelo Freixo acusou Jair Bolsonaro neste domingo, 31, de estimular protestos e desordem social para justificar a implanta\u00e7\u00e3o de uma ditadura aberta no Brasil.&nbsp;<\/p>\n","protected":false},"author":1,"featured_media":0,"comment_status":"closed","ping_status":"open","sticky":false,"template":"","format":"standard","meta":{"_exactmetrics_skip_tracking":false,"_exactmetrics_sitenote_active":false,"_exactmetrics_sitenote_note":"","_exactmetrics_sitenote_category":0,"jetpack_post_was_ever_published":false,"_jetpack_newsletter_access":"","_jetpack_dont_email_post_to_subs":false,"_jetpack_newsletter_tier_id":0,"_jetpack_memberships_contains_paywalled_content":false,"_jetpack_memberships_contains_paid_content":false,"footnotes":"","jetpack_publicize_message":"","jetpack_publicize_feature_enabled":true,"jetpack_social_post_already_shared":true,"jetpack_social_options":{"image_generator_settings":{"template":"highway","enabled":false},"version":2}},"categories":[1],"tags":[],"class_list":["post-28475","post","type-post","status-publish","format-standard","hentry","category-notas"],"jetpack_publicize_connections":[],"jetpack_sharing_enabled":true,"jetpack_featured_media_url":"","jetpack_shortlink":"https:\/\/wp.me\/p7wKYW-7ph","jetpack-related-posts":[],"_links":{"self":[{"href":"http:\/\/blogdalucianaoliveira.com.br\/blog\/wp-json\/wp\/v2\/posts\/28475","targetHints":{"allow":["GET"]}}],"collection":[{"href":"http:\/\/blogdalucianaoliveira.com.br\/blog\/wp-json\/wp\/v2\/posts"}],"about":[{"href":"http:\/\/blogdalucianaoliveira.com.br\/blog\/wp-json\/wp\/v2\/types\/post"}],"author":[{"embeddable":true,"href":"http:\/\/blogdalucianaoliveira.com.br\/blog\/wp-json\/wp\/v2\/users\/1"}],"replies":[{"embeddable":true,"href":"http:\/\/blogdalucianaoliveira.com.br\/blog\/wp-json\/wp\/v2\/comments?post=28475"}],"version-history":[{"count":1,"href":"http:\/\/blogdalucianaoliveira.com.br\/blog\/wp-json\/wp\/v2\/posts\/28475\/revisions"}],"predecessor-version":[{"id":28477,"href":"http:\/\/blogdalucianaoliveira.com.br\/blog\/wp-json\/wp\/v2\/posts\/28475\/revisions\/28477"}],"wp:attachment":[{"href":"http:\/\/blogdalucianaoliveira.com.br\/blog\/wp-json\/wp\/v2\/media?parent=28475"}],"wp:term":[{"taxonomy":"category","embeddable":true,"href":"http:\/\/blogdalucianaoliveira.com.br\/blog\/wp-json\/wp\/v2\/categories?post=28475"},{"taxonomy":"post_tag","embeddable":true,"href":"http:\/\/blogdalucianaoliveira.com.br\/blog\/wp-json\/wp\/v2\/tags?post=28475"}],"curies":[{"name":"wp","href":"https:\/\/api.w.org\/{rel}","templated":true}]}}