{"id":28481,"date":"2020-06-01T09:58:24","date_gmt":"2020-06-01T13:58:24","guid":{"rendered":"http:\/\/blogdalucianaoliveira.com.br\/blog\/?p=28481"},"modified":"2020-06-01T09:58:33","modified_gmt":"2020-06-01T13:58:33","slug":"pedido-de-prisao-de-sara-winter-esta-redigido-na-pgr","status":"publish","type":"post","link":"http:\/\/blogdalucianaoliveira.com.br\/blog\/2020\/06\/01\/pedido-de-prisao-de-sara-winter-esta-redigido-na-pgr\/","title":{"rendered":"Pedido de pris\u00e3o de Sara Winter est\u00e1 redigido na PGR"},"content":{"rendered":"\n<figure class=\"wp-block-image size-large\"><img data-recalc-dims=\"1\" loading=\"lazy\" decoding=\"async\" width=\"600\" height=\"374\" data-attachment-id=\"28482\" data-permalink=\"http:\/\/blogdalucianaoliveira.com.br\/blog\/2020\/06\/01\/pedido-de-prisao-de-sara-winter-esta-redigido-na-pgr\/image-1148\/\" data-orig-file=\"https:\/\/i0.wp.com\/blogdalucianaoliveira.com.br\/blog\/wp-content\/uploads\/2020\/06\/image.jpeg?fit=610%2C380\" data-orig-size=\"610,380\" data-comments-opened=\"0\" data-image-meta=\"{&quot;aperture&quot;:&quot;0&quot;,&quot;credit&quot;:&quot;&quot;,&quot;camera&quot;:&quot;&quot;,&quot;caption&quot;:&quot;&quot;,&quot;created_timestamp&quot;:&quot;0&quot;,&quot;copyright&quot;:&quot;&quot;,&quot;focal_length&quot;:&quot;0&quot;,&quot;iso&quot;:&quot;0&quot;,&quot;shutter_speed&quot;:&quot;0&quot;,&quot;title&quot;:&quot;&quot;,&quot;orientation&quot;:&quot;0&quot;}\" data-image-title=\"image\" data-image-description=\"\" data-image-caption=\"\" data-medium-file=\"https:\/\/i0.wp.com\/blogdalucianaoliveira.com.br\/blog\/wp-content\/uploads\/2020\/06\/image.jpeg?fit=300%2C187\" data-large-file=\"https:\/\/i0.wp.com\/blogdalucianaoliveira.com.br\/blog\/wp-content\/uploads\/2020\/06\/image.jpeg?fit=600%2C374\" src=\"https:\/\/i0.wp.com\/blogdalucianaoliveira.com.br\/blog\/wp-content\/uploads\/2020\/06\/image.jpeg?resize=600%2C374\" alt=\"\" class=\"wp-image-28482\" srcset=\"https:\/\/i0.wp.com\/blogdalucianaoliveira.com.br\/blog\/wp-content\/uploads\/2020\/06\/image.jpeg?w=610 610w, https:\/\/i0.wp.com\/blogdalucianaoliveira.com.br\/blog\/wp-content\/uploads\/2020\/06\/image.jpeg?resize=300%2C187 300w, https:\/\/i0.wp.com\/blogdalucianaoliveira.com.br\/blog\/wp-content\/uploads\/2020\/06\/image.jpeg?resize=482%2C300 482w\" sizes=\"auto, (max-width: 600px) 100vw, 600px\" \/><\/figure>\n\n\n\n<p><strong>247 &#8211;&nbsp;<\/strong>Sara Winter, que lidera um grupo de bolsonaristas extremados, ser\u00e1 alvo, nos pr\u00f3ximos dias, de uma den\u00fancia do Minist\u00e9rio P\u00fablico Federal por ter amea\u00e7ado de morte o ministro do STF Alexandre de Moraes.<\/p>\n\n\n\n<!--more-->\n\n\n\n<p>Moraes \u00e9 o relator do inqu\u00e9rito das fake news no STF e nessa condi\u00e7\u00e3o assinou os mandados de busca da opera\u00e7\u00e3o que mirou 29 alvos do esquema bolsonarista de fake news, na semana passada.<\/p>\n\n\n\n<p>Sara lidera um bando paramilitar que ensaiava coreografias musicais na frente do Supremo. Ela teve celulares e outros pertences apreendidos na a\u00e7\u00e3o.<\/p>\n\n\n\n<p>Depois disso, ela amea\u00e7ou Moraes: \u201cN\u00e3o v\u00e3o me calar, de maneira nenhuma. Pelo contr\u00e1rio.. Pois agora..Pena que ele mora em S\u00e3o Paulo. Se morasse aqui j\u00e1 estava na frente da casa dele convidando para trocar soco comigo. Queria trocar soco com esse fdp, esse arrombado. Infelizmente, n\u00e3o posso. Pois me aguarde, sr. Alexandre de Moraes. Nunca mais vai ter paz na sua vida. Descobrir os lugares que o senhor frequenta. Vamos infernizar sua vida, at\u00e9 o senhor pedir para sair. Hoje o sr. tomou a pior decis\u00e3o da sua vida\u201d, diz Sara Winter no v\u00eddeo, gravado ap\u00f3s a a\u00e7\u00e3o da PF na sua resid\u00eancia.<\/p>\n\n\n\n<p>Fontes da PGR, ouvidas pelo Radar, dizem que a procuradoria j\u00e1 cobrou o procurador encarregado do caso, no Distrito Federal, pela demora em apresentar a den\u00fancia contra a militante bolsonarista e pedir provid\u00eancias. \u201cA minuta do pedido de pris\u00e3o preventiva dessa Sara Winter est\u00e1 at\u00e9 redigida aqui na PGR e j\u00e1 foi enviada ao procurador. A PGR aguarda apenas que o procurador tome provid\u00eancias\u201d, diz um investigador ao\u00a0<a href=\"https:\/\/https\/\/veja.abril.com.br\/blog\/radar\/pedido-de-prisao-de-sara-winter-esta-redigido-na-pgr\/\"><strong>Radar<\/strong><\/a>.<\/p>\n","protected":false},"excerpt":{"rendered":"<p>247 &#8211;&nbsp;Sara Winter, que lidera um grupo de bolsonaristas extremados, ser\u00e1 alvo, nos pr\u00f3ximos dias, de uma den\u00fancia do Minist\u00e9rio P\u00fablico Federal por ter amea\u00e7ado de morte o ministro do STF Alexandre de Moraes.<\/p>\n","protected":false},"author":1,"featured_media":0,"comment_status":"closed","ping_status":"open","sticky":false,"template":"","format":"standard","meta":{"_exactmetrics_skip_tracking":false,"_exactmetrics_sitenote_active":false,"_exactmetrics_sitenote_note":"","_exactmetrics_sitenote_category":0,"jetpack_post_was_ever_published":false,"_jetpack_newsletter_access":"","_jetpack_dont_email_post_to_subs":false,"_jetpack_newsletter_tier_id":0,"_jetpack_memberships_contains_paywalled_content":false,"_jetpack_memberships_contains_paid_content":false,"footnotes":"","jetpack_publicize_message":"","jetpack_publicize_feature_enabled":true,"jetpack_social_post_already_shared":true,"jetpack_social_options":{"image_generator_settings":{"template":"highway","enabled":false},"version":2}},"categories":[1],"tags":[],"class_list":["post-28481","post","type-post","status-publish","format-standard","hentry","category-notas"],"jetpack_publicize_connections":[],"jetpack_sharing_enabled":true,"jetpack_featured_media_url":"","jetpack_shortlink":"https:\/\/wp.me\/p7wKYW-7pn","jetpack-related-posts":[],"_links":{"self":[{"href":"http:\/\/blogdalucianaoliveira.com.br\/blog\/wp-json\/wp\/v2\/posts\/28481","targetHints":{"allow":["GET"]}}],"collection":[{"href":"http:\/\/blogdalucianaoliveira.com.br\/blog\/wp-json\/wp\/v2\/posts"}],"about":[{"href":"http:\/\/blogdalucianaoliveira.com.br\/blog\/wp-json\/wp\/v2\/types\/post"}],"author":[{"embeddable":true,"href":"http:\/\/blogdalucianaoliveira.com.br\/blog\/wp-json\/wp\/v2\/users\/1"}],"replies":[{"embeddable":true,"href":"http:\/\/blogdalucianaoliveira.com.br\/blog\/wp-json\/wp\/v2\/comments?post=28481"}],"version-history":[{"count":1,"href":"http:\/\/blogdalucianaoliveira.com.br\/blog\/wp-json\/wp\/v2\/posts\/28481\/revisions"}],"predecessor-version":[{"id":28483,"href":"http:\/\/blogdalucianaoliveira.com.br\/blog\/wp-json\/wp\/v2\/posts\/28481\/revisions\/28483"}],"wp:attachment":[{"href":"http:\/\/blogdalucianaoliveira.com.br\/blog\/wp-json\/wp\/v2\/media?parent=28481"}],"wp:term":[{"taxonomy":"category","embeddable":true,"href":"http:\/\/blogdalucianaoliveira.com.br\/blog\/wp-json\/wp\/v2\/categories?post=28481"},{"taxonomy":"post_tag","embeddable":true,"href":"http:\/\/blogdalucianaoliveira.com.br\/blog\/wp-json\/wp\/v2\/tags?post=28481"}],"curies":[{"name":"wp","href":"https:\/\/api.w.org\/{rel}","templated":true}]}}