{"id":28484,"date":"2020-06-01T10:10:54","date_gmt":"2020-06-01T14:10:54","guid":{"rendered":"http:\/\/blogdalucianaoliveira.com.br\/blog\/?p=28484"},"modified":"2020-06-01T10:11:01","modified_gmt":"2020-06-01T14:11:01","slug":"assine-manifesto-que-une-esquerda-e-direita-contra-bolsonaro","status":"publish","type":"post","link":"http:\/\/blogdalucianaoliveira.com.br\/blog\/2020\/06\/01\/assine-manifesto-que-une-esquerda-e-direita-contra-bolsonaro\/","title":{"rendered":"Assine manifesto que une esquerda e direita contra Bolsonaro"},"content":{"rendered":"\n<figure class=\"wp-block-image size-large\"><img data-recalc-dims=\"1\" loading=\"lazy\" decoding=\"async\" width=\"600\" height=\"333\" data-attachment-id=\"28485\" data-permalink=\"http:\/\/blogdalucianaoliveira.com.br\/blog\/2020\/06\/01\/assine-manifesto-que-une-esquerda-e-direita-contra-bolsonaro\/image-1149\/\" data-orig-file=\"https:\/\/i0.wp.com\/blogdalucianaoliveira.com.br\/blog\/wp-content\/uploads\/2020\/06\/image.png?fit=810%2C450\" data-orig-size=\"810,450\" data-comments-opened=\"0\" data-image-meta=\"{&quot;aperture&quot;:&quot;0&quot;,&quot;credit&quot;:&quot;&quot;,&quot;camera&quot;:&quot;&quot;,&quot;caption&quot;:&quot;&quot;,&quot;created_timestamp&quot;:&quot;0&quot;,&quot;copyright&quot;:&quot;&quot;,&quot;focal_length&quot;:&quot;0&quot;,&quot;iso&quot;:&quot;0&quot;,&quot;shutter_speed&quot;:&quot;0&quot;,&quot;title&quot;:&quot;&quot;,&quot;orientation&quot;:&quot;0&quot;}\" data-image-title=\"image\" data-image-description=\"\" data-image-caption=\"\" data-medium-file=\"https:\/\/i0.wp.com\/blogdalucianaoliveira.com.br\/blog\/wp-content\/uploads\/2020\/06\/image.png?fit=300%2C167\" data-large-file=\"https:\/\/i0.wp.com\/blogdalucianaoliveira.com.br\/blog\/wp-content\/uploads\/2020\/06\/image.png?fit=600%2C333\" src=\"https:\/\/i0.wp.com\/blogdalucianaoliveira.com.br\/blog\/wp-content\/uploads\/2020\/06\/image.png?resize=600%2C333\" alt=\"\" class=\"wp-image-28485\" srcset=\"https:\/\/i0.wp.com\/blogdalucianaoliveira.com.br\/blog\/wp-content\/uploads\/2020\/06\/image.png?w=810 810w, https:\/\/i0.wp.com\/blogdalucianaoliveira.com.br\/blog\/wp-content\/uploads\/2020\/06\/image.png?resize=300%2C167 300w, https:\/\/i0.wp.com\/blogdalucianaoliveira.com.br\/blog\/wp-content\/uploads\/2020\/06\/image.png?resize=768%2C427 768w, https:\/\/i0.wp.com\/blogdalucianaoliveira.com.br\/blog\/wp-content\/uploads\/2020\/06\/image.png?resize=540%2C300 540w\" sizes=\"auto, (max-width: 600px) 100vw, 600px\" \/><\/figure>\n\n\n\n<p>Em menos de 24 horas, o manifesto do movimento \u201cEstamos Juntos\u201d \u2014 que re\u00fane artistas, pol\u00edticos, intelectuais, cientistas, organiza\u00e7\u00f5es, empresas e pessoas de diferentes setores da sociedade \u2014 dobrou o n\u00famero de apoiadores.<\/p>\n\n\n\n<!--more-->\n\n\n\n<p>Lan\u00e7ado na noite de sexta-feira na internet, com cerca de 1,6 mil assinaturas de simpatizantes \u00e0 direita e \u00e0 esquerda, no in\u00edcio da tarde de ontem o movimento bateu cem mil assinaturas. Neste momento, est\u00e1 quase com 200 mil \u2014 mais precisamente, conta com 199.539 assinaturas em \u201cdefesa da vida, da liberdade e da democracia\u201d.<\/p>\n\n\n\n<p>Em um dos trechos, o manifesto resalta:<\/p>\n\n\n\n<p>\u2014 Como aconteceu no movimento Diretas J\u00e1, \u00e9 hora de deixar de lado velhas disputas em busca do bem comum. Esquerda, centro e direita unidos para defender a lei, a ordem, a pol\u00edtica, a \u00e9tica, as fam\u00edlias, o voto, a ci\u00eancia, a verdade, o respeito e a valoriza\u00e7\u00e3o da diversidade, a liberdade de imprensa, a import\u00e2ncia da arte, a preserva\u00e7\u00e3o do meio ambiente e a responsabilidade na economia.<\/p>\n\n\n\n<p><a href=\"https:\/\/blogs.oglobo.globo.com\/lauro-jardim\/post\/manifesto-que-une-esquerda-e-direita-estamos-juntos-dobra-numero-de-assinaturas-em-24-horas.html\"><strong>O Globo<\/strong><\/a><\/p>\n","protected":false},"excerpt":{"rendered":"<p>Em menos de 24 horas, o manifesto do movimento \u201cEstamos Juntos\u201d \u2014 que re\u00fane artistas, pol\u00edticos, intelectuais, cientistas, organiza\u00e7\u00f5es, empresas e pessoas de diferentes setores da sociedade \u2014 dobrou o n\u00famero de apoiadores.<\/p>\n","protected":false},"author":1,"featured_media":0,"comment_status":"closed","ping_status":"open","sticky":false,"template":"","format":"standard","meta":{"_exactmetrics_skip_tracking":false,"_exactmetrics_sitenote_active":false,"_exactmetrics_sitenote_note":"","_exactmetrics_sitenote_category":0,"jetpack_post_was_ever_published":false,"_jetpack_newsletter_access":"","_jetpack_dont_email_post_to_subs":false,"_jetpack_newsletter_tier_id":0,"_jetpack_memberships_contains_paywalled_content":false,"_jetpack_memberships_contains_paid_content":false,"footnotes":"","jetpack_publicize_message":"","jetpack_publicize_feature_enabled":true,"jetpack_social_post_already_shared":true,"jetpack_social_options":{"image_generator_settings":{"template":"highway","enabled":false},"version":2}},"categories":[1],"tags":[],"class_list":["post-28484","post","type-post","status-publish","format-standard","hentry","category-notas"],"jetpack_publicize_connections":[],"jetpack_sharing_enabled":true,"jetpack_featured_media_url":"","jetpack_shortlink":"https:\/\/wp.me\/p7wKYW-7pq","jetpack-related-posts":[],"_links":{"self":[{"href":"http:\/\/blogdalucianaoliveira.com.br\/blog\/wp-json\/wp\/v2\/posts\/28484","targetHints":{"allow":["GET"]}}],"collection":[{"href":"http:\/\/blogdalucianaoliveira.com.br\/blog\/wp-json\/wp\/v2\/posts"}],"about":[{"href":"http:\/\/blogdalucianaoliveira.com.br\/blog\/wp-json\/wp\/v2\/types\/post"}],"author":[{"embeddable":true,"href":"http:\/\/blogdalucianaoliveira.com.br\/blog\/wp-json\/wp\/v2\/users\/1"}],"replies":[{"embeddable":true,"href":"http:\/\/blogdalucianaoliveira.com.br\/blog\/wp-json\/wp\/v2\/comments?post=28484"}],"version-history":[{"count":1,"href":"http:\/\/blogdalucianaoliveira.com.br\/blog\/wp-json\/wp\/v2\/posts\/28484\/revisions"}],"predecessor-version":[{"id":28486,"href":"http:\/\/blogdalucianaoliveira.com.br\/blog\/wp-json\/wp\/v2\/posts\/28484\/revisions\/28486"}],"wp:attachment":[{"href":"http:\/\/blogdalucianaoliveira.com.br\/blog\/wp-json\/wp\/v2\/media?parent=28484"}],"wp:term":[{"taxonomy":"category","embeddable":true,"href":"http:\/\/blogdalucianaoliveira.com.br\/blog\/wp-json\/wp\/v2\/categories?post=28484"},{"taxonomy":"post_tag","embeddable":true,"href":"http:\/\/blogdalucianaoliveira.com.br\/blog\/wp-json\/wp\/v2\/tags?post=28484"}],"curies":[{"name":"wp","href":"https:\/\/api.w.org\/{rel}","templated":true}]}}