{"id":28490,"date":"2020-06-01T10:58:10","date_gmt":"2020-06-01T14:58:10","guid":{"rendered":"http:\/\/blogdalucianaoliveira.com.br\/blog\/?p=28490"},"modified":"2020-06-01T10:58:16","modified_gmt":"2020-06-01T14:58:16","slug":"analise-e-proposicao-de-alteracao-do-decreto-estadual-n-25-049-de-14-de-maio-de-2020-que-institui-o-sistema-de-distanciamento-controlado-do-estado-de-rondonia","status":"publish","type":"post","link":"http:\/\/blogdalucianaoliveira.com.br\/blog\/2020\/06\/01\/analise-e-proposicao-de-alteracao-do-decreto-estadual-n-25-049-de-14-de-maio-de-2020-que-institui-o-sistema-de-distanciamento-controlado-do-estado-de-rondonia\/","title":{"rendered":"An\u00e1lise e proposi\u00e7\u00e3o de altera\u00e7\u00e3o do Decreto Estadual n\u00b0 25.049, de 14 de maio de 2020 que Institui o Sistema de Distanciamento controlado do Estado de Rond\u00f4nia"},"content":{"rendered":"\n<figure class=\"wp-block-image size-large\"><img data-recalc-dims=\"1\" loading=\"lazy\" decoding=\"async\" width=\"600\" height=\"398\" data-attachment-id=\"28491\" data-permalink=\"http:\/\/blogdalucianaoliveira.com.br\/blog\/2020\/06\/01\/analise-e-proposicao-de-alteracao-do-decreto-estadual-n-25-049-de-14-de-maio-de-2020-que-institui-o-sistema-de-distanciamento-controlado-do-estado-de-rondonia\/489a4bc4-982b-4e9f-b445-5b4994f77679\/\" data-orig-file=\"https:\/\/i0.wp.com\/blogdalucianaoliveira.com.br\/blog\/wp-content\/uploads\/2020\/06\/489A4BC4-982B-4E9F-B445-5B4994F77679.jpeg?fit=680%2C451\" data-orig-size=\"680,451\" data-comments-opened=\"0\" data-image-meta=\"{&quot;aperture&quot;:&quot;0&quot;,&quot;credit&quot;:&quot;&quot;,&quot;camera&quot;:&quot;&quot;,&quot;caption&quot;:&quot;&quot;,&quot;created_timestamp&quot;:&quot;0&quot;,&quot;copyright&quot;:&quot;&quot;,&quot;focal_length&quot;:&quot;0&quot;,&quot;iso&quot;:&quot;0&quot;,&quot;shutter_speed&quot;:&quot;0&quot;,&quot;title&quot;:&quot;&quot;,&quot;orientation&quot;:&quot;0&quot;}\" data-image-title=\"489A4BC4-982B-4E9F-B445-5B4994F77679\" data-image-description=\"\" data-image-caption=\"\" data-medium-file=\"https:\/\/i0.wp.com\/blogdalucianaoliveira.com.br\/blog\/wp-content\/uploads\/2020\/06\/489A4BC4-982B-4E9F-B445-5B4994F77679.jpeg?fit=300%2C199\" data-large-file=\"https:\/\/i0.wp.com\/blogdalucianaoliveira.com.br\/blog\/wp-content\/uploads\/2020\/06\/489A4BC4-982B-4E9F-B445-5B4994F77679.jpeg?fit=600%2C398\" src=\"https:\/\/i0.wp.com\/blogdalucianaoliveira.com.br\/blog\/wp-content\/uploads\/2020\/06\/489A4BC4-982B-4E9F-B445-5B4994F77679.jpeg?resize=600%2C398\" alt=\"\" class=\"wp-image-28491\" srcset=\"https:\/\/i0.wp.com\/blogdalucianaoliveira.com.br\/blog\/wp-content\/uploads\/2020\/06\/489A4BC4-982B-4E9F-B445-5B4994F77679.jpeg?w=680 680w, https:\/\/i0.wp.com\/blogdalucianaoliveira.com.br\/blog\/wp-content\/uploads\/2020\/06\/489A4BC4-982B-4E9F-B445-5B4994F77679.jpeg?resize=300%2C199 300w, https:\/\/i0.wp.com\/blogdalucianaoliveira.com.br\/blog\/wp-content\/uploads\/2020\/06\/489A4BC4-982B-4E9F-B445-5B4994F77679.jpeg?resize=452%2C300 452w\" sizes=\"auto, (max-width: 600px) 100vw, 600px\" \/><\/figure>\n\n\n\n<p>O objetivo deste texto \u00e9 contribuir com a sociedade de Rond\u00f4nia a partir da proposi\u00e7\u00e3o de altera\u00e7\u00f5es do Decreto N\u00b0 25.049, ser\u00e3o feitas duas an\u00e1lises e proposi\u00e7\u00e3o: 1- de altera\u00e7\u00f5es das atividades econ\u00f4micas essenciais e 2- de crit\u00e9rios para a mudan\u00e7a das fases de distanciamento social.<\/p>\n\n\n\n<!--more-->\n\n\n\n<p>Msc. Rosalina Alves Nantes (mestre e Professora UNIR) &#8211;&nbsp;<a href=\"mailto:rnantes@unir.br\">rnantes@unir.br<\/a><\/p>\n\n\n\n<p>Dr. Artur de Souza Moret (Doutor e Professor UNIR) &#8211;&nbsp;<a href=\"mailto:amoret@unir.br\">amoret@unir.br<\/a><\/p>\n\n\n\n<p>Kaiomi de Souza Oliveira Cavalli (mestre e Professora UNIR) \u2013&nbsp;<a href=\"mailto:kaiomi.cavalli@unir.br\">kaiomi.cavalli@unir.br<\/a><\/p>\n\n\n\n<p>Grupo de Pesquisa Energia Renov\u00e1vel Sustent\u00e1vel-GPERS-wwwenergsust.unir.br<\/p>\n\n\n\n<p>Apresenta\u00e7\u00e3o<\/p>\n\n\n\n<p>O objetivo do texto \u00e9 contribuir com a sociedade de Rond\u00f4nia com proposi\u00e7\u00e3o de altera\u00e7\u00f5es do Decreto N\u00b0 25.049. As proposi\u00e7\u00f5es s\u00e3o relativas \u00e0s atividades econ\u00f4micas essenciais e aos crit\u00e9rios para a mudan\u00e7a das fases de distanciamento social.<\/p>\n\n\n\n<p>As altera\u00e7\u00f5es propostas basearam-se no que preconiza a legisla\u00e7\u00e3o em vigor, de forma que ficaram dez (10) atividades econ\u00f4micas essenciais: a- a\u00e7ougues, panificadoras, supermercados e lojas de produtos naturais; b- servi\u00e7os funer\u00e1rios; c- hospitais, cl\u00ednicas de sa\u00fade, cl\u00ednicas odontol\u00f3gicas, laborat\u00f3rios de an\u00e1lises cl\u00ednicas e farm\u00e1cias; d- postos de combust\u00edveis, borracharias; e- servi\u00e7os banc\u00e1rios, lot\u00e9ricas e cart\u00f3rios; f- restaurantes e lanchonetes localizadas em rodovias; g- restaurantes e lanchonetes em geral, para retirada (drive-thru e take away) ou entrega em domic\u00edlio (delivery); h- distribuidores e com\u00e9rcios de insumos na \u00e1rea da sa\u00fade; i- seguran\u00e7a privada e de valores, transportes, log\u00edstica e ind\u00fastrias; j- lavanderias, controle de pragas e sanitiza\u00e7\u00e3o.<\/p>\n\n\n\n<p>E foram alocadas oito (08) nas atividades essenciais operando exclusivamente em regime de plant\u00e3o com uma atividade em cada \u00e1rea da cidade: k- atacadistas e distribuidoras; l- consult\u00f3rios veterin\u00e1rios e pet shops; m- lava-jatos; n- oficinas mec\u00e2nicas, autope\u00e7as e servi\u00e7os de manuten\u00e7\u00e3o em geral; o- lojas de materiais de constru\u00e7\u00e3o, obras e servi\u00e7os de engenharia; p- lojas de tecidos, armarinhos e aviamento; q- Distribuidores de aparelhos auditivos e \u00f3ticas; r- com\u00e9rcio de produtos agropecu\u00e1rios e atividades agropecu\u00e1rias.<\/p>\n\n\n\n<p>A altera\u00e7\u00e3o do Decreto Estadual \u00e9 necess\u00e1rio, para a reorganiza\u00e7\u00e3o das atividades econ\u00f4micas e tamb\u00e9m para as regras de mudan\u00e7a das fases para que seja mais segura e tranquila para a sociedade e, sobretudo, com a muda da fase n\u00e3o haja retomada da contamina\u00e7\u00f5es e das mortes pela pandemia do Coronav\u00edrus.<\/p>\n\n\n\n<p>Acesse o texto completo no link a seguir:&nbsp;<a href=\"http:\/\/www.energsust.unir.br\/uploads\/88943397\/arquivos\/imagensartigos\/analise%20decreto%2030%20maio.pdf\">analise decreto 30 maio<\/a><\/p>\n\n\n\n<p><strong>Fonte:<\/strong>&nbsp;GPERS<\/p>\n","protected":false},"excerpt":{"rendered":"<p>O objetivo deste texto \u00e9 contribuir com a sociedade de Rond\u00f4nia a partir da proposi\u00e7\u00e3o de altera\u00e7\u00f5es do Decreto N\u00b0 25.049, ser\u00e3o feitas duas an\u00e1lises e proposi\u00e7\u00e3o: 1- de altera\u00e7\u00f5es das atividades econ\u00f4micas essenciais e 2- de crit\u00e9rios para a mudan\u00e7a das fases de distanciamento social.<\/p>\n","protected":false},"author":1,"featured_media":0,"comment_status":"closed","ping_status":"open","sticky":false,"template":"","format":"standard","meta":{"_exactmetrics_skip_tracking":false,"_exactmetrics_sitenote_active":false,"_exactmetrics_sitenote_note":"","_exactmetrics_sitenote_category":0,"jetpack_post_was_ever_published":false,"_jetpack_newsletter_access":"","_jetpack_dont_email_post_to_subs":false,"_jetpack_newsletter_tier_id":0,"_jetpack_memberships_contains_paywalled_content":false,"_jetpack_memberships_contains_paid_content":false,"footnotes":"","jetpack_publicize_message":"","jetpack_publicize_feature_enabled":true,"jetpack_social_post_already_shared":true,"jetpack_social_options":{"image_generator_settings":{"template":"highway","enabled":false},"version":2}},"categories":[1],"tags":[],"class_list":["post-28490","post","type-post","status-publish","format-standard","hentry","category-notas"],"jetpack_publicize_connections":[],"jetpack_sharing_enabled":true,"jetpack_featured_media_url":"","jetpack_shortlink":"https:\/\/wp.me\/p7wKYW-7pw","jetpack-related-posts":[],"_links":{"self":[{"href":"http:\/\/blogdalucianaoliveira.com.br\/blog\/wp-json\/wp\/v2\/posts\/28490","targetHints":{"allow":["GET"]}}],"collection":[{"href":"http:\/\/blogdalucianaoliveira.com.br\/blog\/wp-json\/wp\/v2\/posts"}],"about":[{"href":"http:\/\/blogdalucianaoliveira.com.br\/blog\/wp-json\/wp\/v2\/types\/post"}],"author":[{"embeddable":true,"href":"http:\/\/blogdalucianaoliveira.com.br\/blog\/wp-json\/wp\/v2\/users\/1"}],"replies":[{"embeddable":true,"href":"http:\/\/blogdalucianaoliveira.com.br\/blog\/wp-json\/wp\/v2\/comments?post=28490"}],"version-history":[{"count":1,"href":"http:\/\/blogdalucianaoliveira.com.br\/blog\/wp-json\/wp\/v2\/posts\/28490\/revisions"}],"predecessor-version":[{"id":28492,"href":"http:\/\/blogdalucianaoliveira.com.br\/blog\/wp-json\/wp\/v2\/posts\/28490\/revisions\/28492"}],"wp:attachment":[{"href":"http:\/\/blogdalucianaoliveira.com.br\/blog\/wp-json\/wp\/v2\/media?parent=28490"}],"wp:term":[{"taxonomy":"category","embeddable":true,"href":"http:\/\/blogdalucianaoliveira.com.br\/blog\/wp-json\/wp\/v2\/categories?post=28490"},{"taxonomy":"post_tag","embeddable":true,"href":"http:\/\/blogdalucianaoliveira.com.br\/blog\/wp-json\/wp\/v2\/tags?post=28490"}],"curies":[{"name":"wp","href":"https:\/\/api.w.org\/{rel}","templated":true}]}}