{"id":28493,"date":"2020-06-01T14:47:48","date_gmt":"2020-06-01T18:47:48","guid":{"rendered":"http:\/\/blogdalucianaoliveira.com.br\/blog\/?p=28493"},"modified":"2020-06-01T14:47:50","modified_gmt":"2020-06-01T18:47:50","slug":"bolsonaro-compartilha-video-que-cita-bordao-de-mussolini-e-leva-ditador-aos-assuntos-mais-comentados-do-twitter","status":"publish","type":"post","link":"http:\/\/blogdalucianaoliveira.com.br\/blog\/2020\/06\/01\/bolsonaro-compartilha-video-que-cita-bordao-de-mussolini-e-leva-ditador-aos-assuntos-mais-comentados-do-twitter\/","title":{"rendered":"Bolsonaro compartilha v\u00eddeo que cita bord\u00e3o de Mussolini e leva ditador aos assuntos mais comentados do Twitter"},"content":{"rendered":"\n<figure class=\"wp-block-image size-large\"><img data-recalc-dims=\"1\" loading=\"lazy\" decoding=\"async\" width=\"600\" height=\"371\" data-attachment-id=\"28494\" data-permalink=\"http:\/\/blogdalucianaoliveira.com.br\/blog\/2020\/06\/01\/bolsonaro-compartilha-video-que-cita-bordao-de-mussolini-e-leva-ditador-aos-assuntos-mais-comentados-do-twitter\/image-2-13\/\" data-orig-file=\"https:\/\/i0.wp.com\/blogdalucianaoliveira.com.br\/blog\/wp-content\/uploads\/2020\/06\/image-2.jpeg?fit=800%2C495\" data-orig-size=\"800,495\" data-comments-opened=\"0\" data-image-meta=\"{&quot;aperture&quot;:&quot;0&quot;,&quot;credit&quot;:&quot;&quot;,&quot;camera&quot;:&quot;&quot;,&quot;caption&quot;:&quot;&quot;,&quot;created_timestamp&quot;:&quot;0&quot;,&quot;copyright&quot;:&quot;&quot;,&quot;focal_length&quot;:&quot;0&quot;,&quot;iso&quot;:&quot;0&quot;,&quot;shutter_speed&quot;:&quot;0&quot;,&quot;title&quot;:&quot;&quot;,&quot;orientation&quot;:&quot;0&quot;}\" data-image-title=\"image-2\" data-image-description=\"\" data-image-caption=\"\" data-medium-file=\"https:\/\/i0.wp.com\/blogdalucianaoliveira.com.br\/blog\/wp-content\/uploads\/2020\/06\/image-2.jpeg?fit=300%2C186\" data-large-file=\"https:\/\/i0.wp.com\/blogdalucianaoliveira.com.br\/blog\/wp-content\/uploads\/2020\/06\/image-2.jpeg?fit=600%2C371\" src=\"https:\/\/i0.wp.com\/blogdalucianaoliveira.com.br\/blog\/wp-content\/uploads\/2020\/06\/image-2.jpeg?resize=600%2C371\" alt=\"\" class=\"wp-image-28494\" srcset=\"https:\/\/i0.wp.com\/blogdalucianaoliveira.com.br\/blog\/wp-content\/uploads\/2020\/06\/image-2.jpeg?w=800 800w, https:\/\/i0.wp.com\/blogdalucianaoliveira.com.br\/blog\/wp-content\/uploads\/2020\/06\/image-2.jpeg?resize=300%2C186 300w, https:\/\/i0.wp.com\/blogdalucianaoliveira.com.br\/blog\/wp-content\/uploads\/2020\/06\/image-2.jpeg?resize=768%2C475 768w, https:\/\/i0.wp.com\/blogdalucianaoliveira.com.br\/blog\/wp-content\/uploads\/2020\/06\/image-2.jpeg?resize=485%2C300 485w\" sizes=\"auto, (max-width: 600px) 100vw, 600px\" \/><\/figure>\n\n\n\n<p>Na FSP &#8211; O presidente Jair Bolsonaro (sem partido) compartilhou no domingo (31) um bord\u00e3o popularizado na It\u00e1lia por Benito Mussolini e fez com que o ditador fascista chegasse \u00e0 lista de assuntos mais comentados do Twitter.<\/p>\n\n\n\n<!--more-->\n\n\n\n<p>&#8220;Melhor viver um dia como le\u00e3o que cem anos como cordeiro&#8221;, publicou Bolsonaro. Durante o per\u00edodo em que o movimento fascista teve mais for\u00e7a na It\u00e1lia, entre as d\u00e9cadas de 1920 e 1940, um dos bord\u00f5es entoados por Mussolini e seus seguidores era o que foi compartilhado por Bolsonaro \u2014no original, &#8220;meglio vivere un giorno da leone che cento anni da pecora&#8221;.<\/p>\n\n\n\n<div class=\"fb-video\" data-allowfullscreen=\"true\" data-href=\"https:\/\/www.facebook.com\/jairmessias.bolsonaro\/videos\/3296933143671017\/?vh=e\"><\/div>\n\n\n\n<p>A mensagem aparece no final de um v\u00eddeo compartilhado por Bolsonaro em que um senhor italiano esbraveja e diz que a &#8220;liberdade vale mais do que a morte&#8221; e que &#8220;a liberdade n\u00e3o tem pre\u00e7o&#8221;.<\/p>\n\n\n\n<p>Em contraste com a mensagem que conclui o v\u00eddeo, o senhor exalta Gennaro Capuozzo, um menino que foi her\u00f3i da resist\u00eancia italiana contra a Alemanha nazista, e pergunta quantos italianos morreram combatendo os nazistas.<\/p>\n\n\n\n<p>&#8220;Em 1 minuto o velho italiano resumiu o que passamos nos dias de hoje&#8221;, legendou Bolsonaro.<\/p>\n\n\n\n<p>No livro &#8220;La Forza del Destino: storia d&#8217;Italia dal 1796 a oggi&#8221;, Christopher Duggan escreve que o bord\u00e3o &#8220;Melhor viver um dia como le\u00e3o que cem anos como cordeiro&#8221;, assim como outros popularizados por Mussolini, como &#8220;crer, obedecer e combater&#8221;, foram pintados em muros de toda a It\u00e1lia no per\u00edodo fascista.<\/p>\n\n\n\n<p>Ainda que a origem da frase seja incerta, sua apropria\u00e7\u00e3o pelo movimento fascista foi amplamente documentada.<\/p>\n\n\n\n<p>Com a publica\u00e7\u00e3o da mensagem por Bolsonaro, o termo &#8220;Mussolini&#8221; chegou aos trending topics do Twitter.<\/p>\n\n\n\n<p>Neste domingo (31), dia em que o presidente compartilhou a mensagem nas redes sociais, apoiadores de Bolsonaro e manifestantes em defesa da democracia entraram em confronto na avenida Paulista.<\/p>\n\n\n\n<p>Em entrevista \u00e0 CNN Brasil, o secret\u00e1rio-executivo da Pol\u00edcia Militar de S\u00e3o Paulo, coronel \u00c1lvaro Camilo, afirmou que pessoas que portavam bandeiras de cunho neonazista entre os apoiadores do presidente foram o estopim do tumulto nas manifesta\u00e7\u00f5es.<\/p>\n\n\n\n<p>Em 2016, o presidente norte-americano, Donald Trump, retuitou a mesma frase que Bolsonaro, e por isso foi alvo de cr\u00edticas.<\/p>\n\n\n\n<p><\/p>\n","protected":false},"excerpt":{"rendered":"<p>Na FSP &#8211; O presidente Jair Bolsonaro (sem partido) compartilhou no domingo (31) um bord\u00e3o popularizado na It\u00e1lia por Benito Mussolini e fez com que o ditador fascista chegasse \u00e0 lista de assuntos mais comentados do Twitter.<\/p>\n","protected":false},"author":1,"featured_media":0,"comment_status":"closed","ping_status":"open","sticky":false,"template":"","format":"standard","meta":{"_exactmetrics_skip_tracking":false,"_exactmetrics_sitenote_active":false,"_exactmetrics_sitenote_note":"","_exactmetrics_sitenote_category":0,"jetpack_post_was_ever_published":false,"_jetpack_newsletter_access":"","_jetpack_dont_email_post_to_subs":false,"_jetpack_newsletter_tier_id":0,"_jetpack_memberships_contains_paywalled_content":false,"_jetpack_memberships_contains_paid_content":false,"footnotes":"","jetpack_publicize_message":"","jetpack_publicize_feature_enabled":true,"jetpack_social_post_already_shared":true,"jetpack_social_options":{"image_generator_settings":{"template":"highway","enabled":false},"version":2}},"categories":[1],"tags":[],"class_list":["post-28493","post","type-post","status-publish","format-standard","hentry","category-notas"],"jetpack_publicize_connections":[],"jetpack_sharing_enabled":true,"jetpack_featured_media_url":"","jetpack_shortlink":"https:\/\/wp.me\/p7wKYW-7pz","jetpack-related-posts":[],"_links":{"self":[{"href":"http:\/\/blogdalucianaoliveira.com.br\/blog\/wp-json\/wp\/v2\/posts\/28493","targetHints":{"allow":["GET"]}}],"collection":[{"href":"http:\/\/blogdalucianaoliveira.com.br\/blog\/wp-json\/wp\/v2\/posts"}],"about":[{"href":"http:\/\/blogdalucianaoliveira.com.br\/blog\/wp-json\/wp\/v2\/types\/post"}],"author":[{"embeddable":true,"href":"http:\/\/blogdalucianaoliveira.com.br\/blog\/wp-json\/wp\/v2\/users\/1"}],"replies":[{"embeddable":true,"href":"http:\/\/blogdalucianaoliveira.com.br\/blog\/wp-json\/wp\/v2\/comments?post=28493"}],"version-history":[{"count":1,"href":"http:\/\/blogdalucianaoliveira.com.br\/blog\/wp-json\/wp\/v2\/posts\/28493\/revisions"}],"predecessor-version":[{"id":28495,"href":"http:\/\/blogdalucianaoliveira.com.br\/blog\/wp-json\/wp\/v2\/posts\/28493\/revisions\/28495"}],"wp:attachment":[{"href":"http:\/\/blogdalucianaoliveira.com.br\/blog\/wp-json\/wp\/v2\/media?parent=28493"}],"wp:term":[{"taxonomy":"category","embeddable":true,"href":"http:\/\/blogdalucianaoliveira.com.br\/blog\/wp-json\/wp\/v2\/categories?post=28493"},{"taxonomy":"post_tag","embeddable":true,"href":"http:\/\/blogdalucianaoliveira.com.br\/blog\/wp-json\/wp\/v2\/tags?post=28493"}],"curies":[{"name":"wp","href":"https:\/\/api.w.org\/{rel}","templated":true}]}}