{"id":28502,"date":"2020-06-02T08:28:43","date_gmt":"2020-06-02T12:28:43","guid":{"rendered":"http:\/\/blogdalucianaoliveira.com.br\/blog\/?p=28502"},"modified":"2020-06-02T08:28:50","modified_gmt":"2020-06-02T12:28:50","slug":"com-novas-adesoes-manifestos-pro-democracia-puxam-onda-e-veem-espaco-para-crescer","status":"publish","type":"post","link":"http:\/\/blogdalucianaoliveira.com.br\/blog\/2020\/06\/02\/com-novas-adesoes-manifestos-pro-democracia-puxam-onda-e-veem-espaco-para-crescer\/","title":{"rendered":"Com novas ades\u00f5es, manifestos pr\u00f3-democracia puxam &#8216;onda&#8217; e veem espa\u00e7o para crescer"},"content":{"rendered":"\n<figure class=\"wp-block-image size-large\"><img data-recalc-dims=\"1\" loading=\"lazy\" decoding=\"async\" width=\"600\" height=\"400\" data-attachment-id=\"28503\" data-permalink=\"http:\/\/blogdalucianaoliveira.com.br\/blog\/2020\/06\/02\/com-novas-adesoes-manifestos-pro-democracia-puxam-onda-e-veem-espaco-para-crescer\/1ceb3ebc-89ee-4173-b1ff-a65986b0c1af\/\" data-orig-file=\"https:\/\/i0.wp.com\/blogdalucianaoliveira.com.br\/blog\/wp-content\/uploads\/2020\/06\/1CEB3EBC-89EE-4173-B1FF-A65986B0C1AF.jpeg?fit=678%2C452\" data-orig-size=\"678,452\" data-comments-opened=\"0\" data-image-meta=\"{&quot;aperture&quot;:&quot;0&quot;,&quot;credit&quot;:&quot;&quot;,&quot;camera&quot;:&quot;&quot;,&quot;caption&quot;:&quot;&quot;,&quot;created_timestamp&quot;:&quot;0&quot;,&quot;copyright&quot;:&quot;&quot;,&quot;focal_length&quot;:&quot;0&quot;,&quot;iso&quot;:&quot;0&quot;,&quot;shutter_speed&quot;:&quot;0&quot;,&quot;title&quot;:&quot;&quot;,&quot;orientation&quot;:&quot;0&quot;}\" data-image-title=\"1CEB3EBC-89EE-4173-B1FF-A65986B0C1AF\" data-image-description=\"\" data-image-caption=\"\" data-medium-file=\"https:\/\/i0.wp.com\/blogdalucianaoliveira.com.br\/blog\/wp-content\/uploads\/2020\/06\/1CEB3EBC-89EE-4173-B1FF-A65986B0C1AF.jpeg?fit=300%2C200\" data-large-file=\"https:\/\/i0.wp.com\/blogdalucianaoliveira.com.br\/blog\/wp-content\/uploads\/2020\/06\/1CEB3EBC-89EE-4173-B1FF-A65986B0C1AF.jpeg?fit=600%2C400\" src=\"https:\/\/i0.wp.com\/blogdalucianaoliveira.com.br\/blog\/wp-content\/uploads\/2020\/06\/1CEB3EBC-89EE-4173-B1FF-A65986B0C1AF.jpeg?resize=600%2C400\" alt=\"\" class=\"wp-image-28503\" srcset=\"https:\/\/i0.wp.com\/blogdalucianaoliveira.com.br\/blog\/wp-content\/uploads\/2020\/06\/1CEB3EBC-89EE-4173-B1FF-A65986B0C1AF.jpeg?w=678 678w, https:\/\/i0.wp.com\/blogdalucianaoliveira.com.br\/blog\/wp-content\/uploads\/2020\/06\/1CEB3EBC-89EE-4173-B1FF-A65986B0C1AF.jpeg?resize=300%2C200 300w, https:\/\/i0.wp.com\/blogdalucianaoliveira.com.br\/blog\/wp-content\/uploads\/2020\/06\/1CEB3EBC-89EE-4173-B1FF-A65986B0C1AF.jpeg?resize=450%2C300 450w\" sizes=\"auto, (max-width: 600px) 100vw, 600px\" \/><\/figure>\n\n\n\n<p>Com novas ades\u00f5es, manifestos pr\u00f3-democracia puxam &#8216;onda&#8217; e veem espa\u00e7o para crescer<\/p>\n\n\n\n<p>Movimentos suprapartid\u00e1rios em rea\u00e7\u00e3o a Bolsonaro ganham apoio que vai de ex-ministros do STF a trabalhadores de profiss\u00f5es variadas.<\/p>\n\n\n\n<!--more-->\n\n\n\n<p><strong><a href=\"https:\/\/www1.folha.uol.com.br\/autores\/joelmir-tavares.shtml\">Joelmir Tavares<\/a><\/strong>, na FSP<\/p>\n\n\n\n<p>Iniciativas suprapartid\u00e1rias&nbsp;<a href=\"https:\/\/www1.folha.uol.com.br\/poder\/2020\/05\/manifestos-pro-democracia-buscam-recriar-clima-de-diretas-ja-apos-ataques-de-bolsonaro.shtml\">surgidas nos \u00faltimos dias<\/a>&nbsp;para defender a democracia e reagir ao presidente&nbsp;<a href=\"https:\/\/m.folha.uol.com.br\/folha-topicos\/jair-bolsonaro\/\">Jair Bolsonaro<\/a>&nbsp;(sem partido) viram o n\u00famero de ades\u00f5es disparar nesta segunda-feira (1\u00ba), em meio a um clima que tem sido comparado ao das Diretas J\u00e1.<\/p>\n\n\n\n<p>A lembran\u00e7a \u00e9 evocada porque, assim como o movimento de 1984, a onda de manifestos de agora une advers\u00e1rios ideol\u00f3gicos e come\u00e7a a abra\u00e7ar cidad\u00e3os comuns, para al\u00e9m de l\u00edderes sociais e pol\u00edticos, artistas e personalidades.<\/p>\n\n\n\n<p>Os expoentes da nova leva s\u00e3o o Movimento Estamos Juntos \u2014que\u00a0<a href=\"https:\/\/www1.folha.uol.com.br\/poder\/2020\/05\/manifesto-a-favor-da-democracia-une-personalidades-de-ideologias-diversas.shtml\">foi lan\u00e7ado no s\u00e1bado (30)<\/a>e alcan\u00e7ou nesta segunda a marca de 224 mil assinaturas\u2014, a campanha Somos 70% \u2014criada a partir da iniciativa anterior e viralizada nas redes sociais\u2014 e o Basta! \u2014que agrega advogados e juristas.<\/p>\n\n\n\n<p>Com a repercuss\u00e3o, entidades se pronunciaram nesta segunda em defesa de pilares constitucionais. A se\u00e7\u00e3o paulista da Ordem dos Advogados do Brasil divulgou uma conclama\u00e7\u00e3o p\u00fablica, pedindo que a sociedade diga &#8220;um veemente n\u00e3o \u00e0s amea\u00e7as de quebra da ordem democr\u00e1tica&#8221;.<\/p>\n\n\n\n<p>A Federa\u00e7\u00e3o Nacional dos Advogados tamb\u00e9m publicou nota para conclamar os profissionais a &#8220;defender as institui\u00e7\u00f5es e os valores que conformam a democracia&#8221;.<\/p>\n\n\n\n<p>O presidente da C\u00e2mara dos Deputados,&nbsp;<a href=\"https:\/\/www1.folha.uol.com.br\/folha-topicos\/rodrigo-maia\">Rodrigo Maia<\/a>&nbsp;(DEM-RJ), replicou em rede social mensagem do deputado federal F\u00e1bio Trad (PSD-MS) afirmando que &#8220;liderar \u00e9 saber o momento de superar diferen\u00e7as para unir for\u00e7as pelo essencial&#8221;.<\/p>\n\n\n\n<p>Sem citar os manifestos, Trad pediu que pol\u00edticos como o pr\u00f3prio Maia, os ex-presidenci\u00e1veis Ciro Gomes (PDT), Marina Silva (Rede) e Jo\u00e3o Amo\u00eado (Novo), o ex-presidente Lula (PT) e os governadores Jo\u00e3o Doria (PSDB-SP) e Fl\u00e1vio Dino (PCdoB-MA) &#8220;se deem as m\u00e3os em nome da nossa democracia&#8221;.<\/p>\n\n\n\n<blockquote class=\"wp-block-quote is-layout-flow wp-block-quote-is-layout-flow\"><p>Liderar \u00e9 saber o momento de superar diferen\u00e7as para unir for\u00e7as pelo essencial. Pedimos a&nbsp;<a href=\"https:\/\/twitter.com\/cirogomes?ref_src=twsrc%5Etfw\">@cirogomes<\/a>&nbsp;,&nbsp;<a href=\"https:\/\/twitter.com\/joaoamoedonovo?ref_src=twsrc%5Etfw\">@joaoamoedonovo<\/a>&nbsp;,&nbsp;<a href=\"https:\/\/twitter.com\/LulaOficial?ref_src=twsrc%5Etfw\">@LulaOficial<\/a>&nbsp;,&nbsp;<a href=\"https:\/\/twitter.com\/Baleia_Rossi?ref_src=twsrc%5Etfw\">@Baleia_Rossi<\/a>&nbsp;,&nbsp;<a href=\"https:\/\/twitter.com\/FlavioDino?ref_src=twsrc%5Etfw\">@FlavioDino<\/a>&nbsp;,&nbsp;<a href=\"https:\/\/twitter.com\/jdoriajr?ref_src=twsrc%5Etfw\">@jdoriajr<\/a>&nbsp;,&nbsp;<a href=\"https:\/\/twitter.com\/MarceloFreixo?ref_src=twsrc%5Etfw\">@MarceloFreixo<\/a>&nbsp;,&nbsp;<a href=\"https:\/\/twitter.com\/MarinaSilva?ref_src=twsrc%5Etfw\">@MarinaSilva<\/a><a href=\"https:\/\/twitter.com\/RodrigoMaia?ref_src=twsrc%5Etfw\">@RodrigoMaia<\/a>&nbsp;e outros que se deem as m\u00e3os em nome da nossa Democracia.\u2014 F\u00e1bio Trad (@f_trad)&nbsp;<a href=\"https:\/\/twitter.com\/f_trad\/status\/1267463697162698752?ref_src=twsrc%5Etfw\">June 1, 2020<\/a><\/p><\/blockquote>\n\n\n\n<p><a href=\"https:\/\/www1.folha.uol.com.br\/colunas\/jucakfouri\/2020\/05\/manifesto-juntos-pela-democracia-e-passo-para-virarmos-o-jogo.shtml\">No Estamos Juntos<\/a>, que tem&nbsp;<a href=\"https:\/\/movimentoestamosjuntos.org\/\">um site aberto<\/a>&nbsp;para qualquer pessoa declarar apoio, a quantidade de ades\u00f5es dobrou de domingo para segunda. A p\u00e1gina contabilizou 8 milh\u00f5es de acessos, segundo a organiza\u00e7\u00e3o.<\/p>\n\n\n\n<p>O movimento informou ainda que foram criados grupos de WhatsApp (120 no total) para espalhar a iniciativa em todos os estados do pa\u00eds. H\u00e1 um esfor\u00e7o para manter o car\u00e1ter suprapartid\u00e1rio da ideia e evitar uma personaliza\u00e7\u00e3o.<\/p>\n\n\n\n<p><a href=\"https:\/\/www1.folha.uol.com.br\/poder\/2020\/05\/manifesto-a-favor-da-democracia-une-personalidades-de-ideologias-diversas.shtml\">A lista inicial de apoios<\/a>&nbsp;tinha, por exemplo, os m\u00fasicos Lob\u00e3o (um bolsonarista arrependido) e Caetano Veloso (que sempre criticou o presidente e&nbsp;<a href=\"https:\/\/www1.folha.uol.com.br\/poder\/2018\/10\/em-comicio-no-rio-mano-brown-critica-pt-e-e-defendido-por-chico-e-caetano.shtml\">declarou voto no petista Fernando Haddad<\/a>&nbsp;no segundo turno de 2018).<\/p>\n\n\n\n<p>Nas \u00faltimas horas, de acordo com porta-vozes da coaliz\u00e3o, os dois cantores ganharam a companhia de an\u00f4nimos de profiss\u00f5es variadas, que v\u00e3o de dom\u00e9stica a banc\u00e1ria, de motorista de Uber a bartender, de cozinheira a petroleira. Muitos desempregados tamb\u00e9m se engajaram.<\/p>\n\n\n\n<p>De nomes conhecidos, foi registrada a ades\u00e3o do ex-ministro da Sa\u00fade Luiz Henrique Mandetta, que&nbsp;<a href=\"https:\/\/www1.folha.uol.com.br\/poder\/2020\/04\/demissao-de-mandetta-por-bolsonaro-e-reprovada-por-64-diz-datafolha.shtml\">saiu do cargo ap\u00f3s ser fritado por Bolsonaro<\/a>j\u00e1 em meio \u00e0&nbsp;<a href=\"https:\/\/aovivo.folha.uol.com.br\/equilibrioesaude\/2020\/06\/01\/5909-acompanhe-todas-as-informacoes-sobre-a-pandemia-de-coronavirus.shtml\">pandemia do novo coronav\u00edrus<\/a>. Os ex-presidentes do Banco Central Arminio Fraga e P\u00e9rsio Arida foram outros que aderiram.<\/p>\n\n\n\n<p>L\u00edderes do grupo, contudo, veem a necessidade de ampliar ainda mais o alcance. Uma live est\u00e1 sendo planejada para os pr\u00f3ximos dias, no esfor\u00e7o de atrair apoios e visibilidade. A ideia \u00e9 reunir na transmiss\u00e3o ao vivo pela internet parte dos artistas que militam na causa.<\/p>\n\n\n\n<p><a href=\"https:\/\/www1.folha.uol.com.br\/colunas\/painel\/2020\/06\/oab-cnbb-e-centrais-sindicais-se-reunem-para-organizar-ato-virtual-pela-democracia.shtml\">Como noticiou o Painel<\/a>, a CNBB (Confer\u00eancia Nacional dos Bispos do Brasil), a OAB e centrais sindicais tamb\u00e9m organizam uma live pr\u00f3-democracia, com cr\u00edtica indireta ao presidente da Rep\u00fablica.<\/p>\n\n\n\n<p>Criador da hashtag #somos70porcento, que faz refer\u00eancia \u00e0&nbsp;<a href=\"https:\/\/www1.folha.uol.com.br\/poder\/2020\/04\/impeachment-de-bolsonaro-divide-o-pais-mas-presidente-mantem-base-de-apoio-diz-datafolha.shtml\">aprova\u00e7\u00e3o de cerca de 30% dos brasileiros a Bolsonaro<\/a>&nbsp;registrada em pesquisas, o economista Eduardo Moreira afirmou nesta segunda no Twitter que um v\u00eddeo de divulga\u00e7\u00e3o da campanha sofreu ataques de perfis bolsonaristas.<\/p>\n\n\n\n<p>&#8220;Acertamos o alvo&#8230; O outro lado gritou&#8221;, escreveu. Na grava\u00e7\u00e3o, ele diz: &#8220;N\u00f3s somos a maioria. N\u00f3s somos mais do que o dobro deles. N\u00f3s temos o direito de escolher o caminho deste pa\u00eds&#8221;.<\/p>\n\n\n\n<p>O Basta!, manifesto encabe\u00e7ado por advogados, afirmou ter angariado mais de 25 mil ades\u00f5es desde o in\u00edcio da coleta de assinaturas, no s\u00e1bado. A peti\u00e7\u00e3o pr\u00f3-democracia, que tinha 700 subscreventes no documento inicial,&nbsp;<a href=\"https:\/\/www.change.org\/p\/institui%C3%A7%C3%B5es-democr%C3%A1ticas-basta\">est\u00e1 dispon\u00edvel no site Change.org<\/a>.<\/p>\n\n\n\n<p>Segundo os organizadores, quatro ex-ministros do STF (Supremo Tribunal Federal) acabam de se somar ao grupo: Cezar Peluso, Eros Grau, Nelson Jobim e Sep\u00falveda Pertence. Sylvia Steiner, ex-ju\u00edza do Tribunal Penal Internacional, tamb\u00e9m endossou o texto.<\/p>\n\n\n\n<p>Os articuladores dizem estar acompanhando os desdobramentos da crise pol\u00edtica e das mobiliza\u00e7\u00f5es e n\u00e3o descartam publicar atualiza\u00e7\u00f5es do conte\u00fado se for necess\u00e1rio.<\/p>\n\n\n\n<p>Tamb\u00e9m nesta segunda,&nbsp;<a href=\"https:\/\/www1.folha.uol.com.br\/poder\/2020\/06\/lula-critica-manifestos-suprapartidarios-e-diz-nao-ter-idade-para-ser-maria-vai-com-as-outras.shtml\">o ex-presidente Lula fez cr\u00edticas \u00e0s iniciativas durante reuni\u00e3o do PT<\/a>. Ele afirmou que leu os textos do Estamos Juntos e do Basta! e encontrou &#8220;pouca coisa de interesse da classe trabalhadora&#8221;.<\/p>\n\n\n\n<p>O petista recomendou aos pares que tenham cautela ao aderir aos manifestos para evitar, na \u00f3tica dele, refor\u00e7ar iniciativas originadas na elite que t\u00eam como objetivo anular o papel do PT.<\/p>\n\n\n\n<p>Lula se disse incomodado com a presen\u00e7a, nas listas, de nomes de pessoas que apoiaram&nbsp;<a href=\"https:\/\/www1.folha.uol.com.br\/poder\/2019\/11\/por-resgate-da-verdade-dilma-insiste-em-acao-no-stf-para-anular-impeachment.shtml\">o impeachment de Dilma Rousseff (PT)<\/a>&nbsp;e que, na vis\u00e3o dele, abriram caminho para a elei\u00e7\u00e3o de Bolsonaro.<\/p>\n\n\n\n<p>&#8220;Sinceramente, eu n\u00e3o tenho mais idade para ser maria vai com as outras. O PT j\u00e1 tem hist\u00f3ria neste pa\u00eds, j\u00e1 tem administra\u00e7\u00e3o exemplar neste pa\u00eds. Eu, sinceramente, n\u00e3o tenho condi\u00e7\u00f5es de assinar determinados documentos com determinadas pessoas&#8221;, afirmou.<\/p>\n\n\n\n<p>&#8220;At\u00e9 o Fernando Henrique Cardoso, que \u00e9 um dos que ajudaram a derrubar a Dilma, porque se acovardou, [assinou]&#8221;, continuou o petista, citando o tucano, que apoia o Estamos Juntos. &#8220;Eu n\u00e3o posso aceitar com muita facilidade aquilo que as pessoas que ajudaram a destruir o pa\u00eds est\u00e3o querendo fazer&#8221;, acrescentou.\u200b<\/p>\n\n\n\n<p>Em diversos momentos, o ex-presidente reivindicou protagonismo para o partido e defendeu que a legenda &#8220;defina qual \u00e9 o manifesto que interessa para o PT&#8221;, sugerindo que seja um pr\u00f3prio.<\/p>\n\n\n\n<p>A fala de Lula foi criticada, inclusive, por setores da sigla, que a consideraram um sinal de afastamento dos anseios de uma parcela da popula\u00e7\u00e3o. Haddad, que concorreu \u00e0 Presid\u00eancia em 2018 pelo PT, foi um dos que endossaram o texto do Estamos Juntos.<\/p>\n\n\n\n<p>L\u00edderes das coaliz\u00f5es suprapartid\u00e1rias tamb\u00e9m apontaram a propaga\u00e7\u00e3o recente de ideias do movimento Antifa (de &#8220;antifascistas&#8221;) como mais um elemento capaz de desestabilizar Bolsonaro.<\/p>\n\n\n\n<p>Apesar de v\u00e1rias diferen\u00e7as, os grupos t\u00eam em comum o fato de terem sido germinados fora de estruturas pol\u00edticas tradicionais e buscarem se dissociar de partidos ou l\u00edderes.<\/p>\n\n\n\n<p>No domingo (31), coletivos antifascistas fizeram parte do&nbsp;<a href=\"https:\/\/www1.folha.uol.com.br\/esporte\/2020\/05\/torcidas-rivais-se-unem-em-ato-a-favor-da-democracia-na-paulista.shtml\">protesto na avenida Paulista convocado por torcidas organizadas<\/a>&nbsp;dos quatro grandes clubes estaduais (Corinthians, Palmeiras, Santos e S\u00e3o Paulo) em favor da democracia.<\/p>\n\n\n\n<p>O ato terminou em confronto com a Pol\u00edcia Militar e apoiadores de Bolsonaro que tamb\u00e9m faziam uma manifesta\u00e7\u00e3o na avenida.<\/p>\n\n\n\n<p>O governador Doria disse nesta segunda que atos contr\u00e1rios e favor\u00e1veis ao governo n\u00e3o dever\u00e3o mais acontecer no mesmo local e ao mesmo tempo. Ele afirmou que a decis\u00e3o foi tomada em acordo com a Prefeitura de S\u00e3o Paulo.<\/p>\n\n\n\n<p>Segundo o tucano, a a\u00e7\u00e3o policial evitou um embate entre os dois grupos. Doria disse que conflitos do tipo enfraquecem a democracia e justificam o discurso autorit\u00e1rio de quem defende a volta da ditadura militar.<\/p>\n\n\n\n<p>Outros apelos por respeito \u00e0s institui\u00e7\u00f5es e \u00e0s garantias legais ganharam corpo recentemente, como o documento de representantes do direito&nbsp;<a href=\"https:\/\/www1.folha.uol.com.br\/poder\/2020\/05\/manifesto-juridico-rejeita-intervencao-das-forcas-armadas-e-pede-respeito-a-democracia.shtml\">em defesa de que as For\u00e7as Armadas sigam a Constitui\u00e7\u00e3o<\/a>. Houve ainda a&nbsp;<a href=\"https:\/\/www1.folha.uol.com.br\/poder\/2020\/05\/presidentes-dos-27-tjs-manifestam-apoio-ao-stf-e-afirmam-que-nao-ha-espaco-para-retrocessos.shtml\">nota do Col\u00e9gio de Presidentes de Tribunais de Justi\u00e7a<\/a>&nbsp;em defesa do STF.<\/p>\n\n\n\n<p>De 2018 para c\u00e1, tamb\u00e9m est\u00e3o atuantes organiza\u00e7\u00f5es independentes como o Direitos J\u00e1! F\u00f3rum pela Democracia, a Comiss\u00e3o Arns de Direitos Humanos e a plataforma Pacto pela Democracia.<\/p>\n","protected":false},"excerpt":{"rendered":"<p>Com novas ades\u00f5es, manifestos pr\u00f3-democracia puxam &#8216;onda&#8217; e veem espa\u00e7o para crescer Movimentos suprapartid\u00e1rios em rea\u00e7\u00e3o a Bolsonaro ganham apoio que vai de ex-ministros do STF a trabalhadores de profiss\u00f5es variadas.<\/p>\n","protected":false},"author":1,"featured_media":0,"comment_status":"closed","ping_status":"open","sticky":false,"template":"","format":"standard","meta":{"_exactmetrics_skip_tracking":false,"_exactmetrics_sitenote_active":false,"_exactmetrics_sitenote_note":"","_exactmetrics_sitenote_category":0,"jetpack_post_was_ever_published":false,"_jetpack_newsletter_access":"","_jetpack_dont_email_post_to_subs":false,"_jetpack_newsletter_tier_id":0,"_jetpack_memberships_contains_paywalled_content":false,"_jetpack_memberships_contains_paid_content":false,"footnotes":"","jetpack_publicize_message":"","jetpack_publicize_feature_enabled":true,"jetpack_social_post_already_shared":true,"jetpack_social_options":{"image_generator_settings":{"template":"highway","enabled":false},"version":2}},"categories":[1],"tags":[],"class_list":["post-28502","post","type-post","status-publish","format-standard","hentry","category-notas"],"jetpack_publicize_connections":[],"jetpack_sharing_enabled":true,"jetpack_featured_media_url":"","jetpack_shortlink":"https:\/\/wp.me\/p7wKYW-7pI","jetpack-related-posts":[],"_links":{"self":[{"href":"http:\/\/blogdalucianaoliveira.com.br\/blog\/wp-json\/wp\/v2\/posts\/28502","targetHints":{"allow":["GET"]}}],"collection":[{"href":"http:\/\/blogdalucianaoliveira.com.br\/blog\/wp-json\/wp\/v2\/posts"}],"about":[{"href":"http:\/\/blogdalucianaoliveira.com.br\/blog\/wp-json\/wp\/v2\/types\/post"}],"author":[{"embeddable":true,"href":"http:\/\/blogdalucianaoliveira.com.br\/blog\/wp-json\/wp\/v2\/users\/1"}],"replies":[{"embeddable":true,"href":"http:\/\/blogdalucianaoliveira.com.br\/blog\/wp-json\/wp\/v2\/comments?post=28502"}],"version-history":[{"count":1,"href":"http:\/\/blogdalucianaoliveira.com.br\/blog\/wp-json\/wp\/v2\/posts\/28502\/revisions"}],"predecessor-version":[{"id":28504,"href":"http:\/\/blogdalucianaoliveira.com.br\/blog\/wp-json\/wp\/v2\/posts\/28502\/revisions\/28504"}],"wp:attachment":[{"href":"http:\/\/blogdalucianaoliveira.com.br\/blog\/wp-json\/wp\/v2\/media?parent=28502"}],"wp:term":[{"taxonomy":"category","embeddable":true,"href":"http:\/\/blogdalucianaoliveira.com.br\/blog\/wp-json\/wp\/v2\/categories?post=28502"},{"taxonomy":"post_tag","embeddable":true,"href":"http:\/\/blogdalucianaoliveira.com.br\/blog\/wp-json\/wp\/v2\/tags?post=28502"}],"curies":[{"name":"wp","href":"https:\/\/api.w.org\/{rel}","templated":true}]}}