{"id":28554,"date":"2020-06-04T10:28:58","date_gmt":"2020-06-04T14:28:58","guid":{"rendered":"http:\/\/blogdalucianaoliveira.com.br\/blog\/?p=28554"},"modified":"2020-06-04T10:29:03","modified_gmt":"2020-06-04T14:29:03","slug":"terrorista-e-bolsonaro-que-foi-preso-e-processado-pelo-exercito","status":"publish","type":"post","link":"http:\/\/blogdalucianaoliveira.com.br\/blog\/2020\/06\/04\/terrorista-e-bolsonaro-que-foi-preso-e-processado-pelo-exercito\/","title":{"rendered":"Terrorista \u00e9 Bolsonaro, que foi preso e processado pelo Ex\u00e9rcito"},"content":{"rendered":"\n<figure class=\"wp-block-image\"><img data-recalc-dims=\"1\" decoding=\"async\" src=\"https:\/\/i0.wp.com\/www.metro1.com.br\/fotos\/noticias\/91420\/IMAGEM_NOTICIA_3.jpg?w=600&#038;ssl=1\" alt=\"Bolsonaro estuda desrespeitar STF, renomear aliado para a PF e ...\"\/><\/figure>\n\n\n\n<p> Balaio do Kotscho &#8211; Em &#8220;entrevista&#8221; para seus devotos \u2014 ele n\u00e3o fala mais com a imprensa \u2014 em frente ao Alvorada, o presidente Jair Bolsonaro chamou de &#8220;marginais e terroristas&#8221; os grupos antifascistas que marcaram protestos contra seu governo para o pr\u00f3ximo domingo, em todo o pa\u00eds. Nem original ele foi. Usou os mesmos adjetivos empregados por Donald Trump para classificar os manifestantes dos protestos contra o racismo e a viol\u00eancia policial nos Estados Unidos. Era assim tamb\u00e9m que os generais da ditadura militar chamavam os opositores do regime. <\/p>\n\n\n\n<!--more-->\n\n\n\n<p> Mas se algu\u00e9m quiser saber quem \u00e9 o terrorista nesta hist\u00f3ria recomendo uma r\u00e1pida pesquisa sobre a breve passagem de Bolsonaro pelo Ex\u00e9rcito, que o aposentou como capit\u00e3o, quando tinha apenas 33 anos. Reportagem do meu colega Rubens Valente, agora nosso vizinho aqui no UOL, publicada na Folha em maio de 2017, com base em documentos obtidos no STM (Superior Tribunal Militar), relata: &#8220;O ent\u00e3o capit\u00e3o foi acusado por cinco irregularidades e teve que responder a um Conselho de Justifica\u00e7\u00e3o, uma esp\u00e9cie de inqu\u00e9rito, formado por tr\u00eas coron\u00e9is. Ele foi considerado culpado pelos coron\u00e9is, mas absolvido depois em recurso acolhido por ministros do STM, por 8 votos a 4. <\/p>\n\n\n\n<p> O processo tinha dois objetos: um artigo que ele escreveu em 1986 para a revista Veja para pedir aumento salarial para a tropa, sem consulta aos seus superiores, e a afirma\u00e7\u00e3o, meses depois, pela mesma publica\u00e7\u00e3o, de que ele e outro oficial haviam elaborado um plano para explodir bombas-rel\u00f3gio em unidades militares do Rio&#8221;. Pelo artigo publicado na revista, Bolsonaro foi punido com 15 dias de pris\u00e3o. De acordo com o documento assinado pelos tr\u00eas coron\u00e9is, Bolsonaro &#8220;revelou comportamento a\u00e9tico e incompat\u00edvel com o pundonor militar e o decoro da classe ao passar \u00e0 imprensa informa\u00e7\u00f5es sobre sua institui\u00e7\u00e3o&#8221;. <\/p>\n\n\n\n<p> O plano terrorista, chamado de &#8220;Beco sem Sa\u00edda&#8221;, previa uma s\u00e9rie de explos\u00f5es, inclusive na adutora do Guandu, conforme esbo\u00e7os atribu\u00eddos a Bolsonaro publicados pela Veja. Na reportagem, o capit\u00e3o alegou que haveria &#8220;s\u00f3 a explos\u00e3o de algumas espoletas&#8221; e ensinava como fazer uma bomba rel\u00f3gio. &#8220;Nosso Ex\u00e9rcito \u00e9 uma vergonha nacional, e o ministro est\u00e1 se saindo como um segundo Pinochet&#8221;, afirmou Bolsonaro. O alvo de Bolsonaro era o ministro e general Leonidas Pires Gon\u00e7alves, que determinou uma investiga\u00e7\u00e3o ao detectar um movimento para desestabilizar a cadeia de comando. <\/p>\n\n\n\n<p> Per\u00edcia da Pol\u00edcia Federal concluiu que as anota\u00e7\u00f5es sobre os locais onde as bombas deveriam explodir eram de Bolsonaro, mas ele negou a autoria de qualquer plano de bombas e apresentou dois exames grafot\u00e9cnicos inconclusos. &#8220;O Justificante (Bolsonaro) mentiu durante todo o processo, quando negou a autoria dos esbo\u00e7os publicados na revista Veja, como comprovam os laudos periciais&#8221;, escreveram os coron\u00e9is que o condenaram por unanimidade. Em 1987, Bolsonaro admitiu ter cometido atos de indisciplina e deslealdade para com seus superiores no Ex\u00e9rcito. Mesmo assim, seria absolvido pelo STM, e em seguida daria in\u00edcio \u00e0 sua carreira pol\u00edtica. <\/p>\n\n\n\n<p> Pergunto: de que atos terroristas foram acusados at\u00e9 agora os grupos antifascistas que protestam contra o governo Bolsonaro? Existe alguma investiga\u00e7\u00e3o? H\u00e1 provas? Ou essa \u00e9 apenas mais uma fake news, uma cortina de fuma\u00e7a lan\u00e7ada pelo &#8220;gabinete do \u00f3dio&#8221;? Bolsonaro j\u00e1 havia recomendado a seus seguidores na segunda-feira que eles n\u00e3o deveriam ir \u00e0s ruas de Bras\u00edlia, como fazem \u200b\u200b\u200b\u200b\u200b\u200b\u200btodos os domingos, porque j\u00e1 estava marcado um ato contra o fascismo. Como as Pol\u00edcias Militares dos estados obedecem mais \u00e0s ordens de Bolsonaro do que aos governadores, os ataques de hoje aos opositores do governo podem abrir caminho para justificar antecipadamente a repress\u00e3o aos movimentos. <\/p>\n\n\n\n<p> Bolsonaro n\u00e3o costuma dar ponto sem n\u00f3. <\/p>\n\n\n\n<p>Vida que segue. <\/p>\n\n\n\n<p><\/p>\n","protected":false},"excerpt":{"rendered":"<p>Balaio do Kotscho &#8211; Em &#8220;entrevista&#8221; para seus devotos \u2014 ele n\u00e3o fala mais com a imprensa \u2014 em frente ao Alvorada, o presidente Jair Bolsonaro chamou de &#8220;marginais e terroristas&#8221; os grupos antifascistas que marcaram protestos contra seu governo para o pr\u00f3ximo domingo, em todo o pa\u00eds. Nem original ele foi. Usou os mesmos&#8230;<a class=\"more-link\" href=\"http:\/\/blogdalucianaoliveira.com.br\/blog\/2020\/06\/04\/terrorista-e-bolsonaro-que-foi-preso-e-processado-pelo-exercito\/\">Continue a leitura <span class=\"meta-nav\">&raquo;<\/span><\/a><\/p>\n","protected":false},"author":1,"featured_media":0,"comment_status":"closed","ping_status":"open","sticky":false,"template":"","format":"standard","meta":{"_exactmetrics_skip_tracking":false,"_exactmetrics_sitenote_active":false,"_exactmetrics_sitenote_note":"","_exactmetrics_sitenote_category":0,"jetpack_post_was_ever_published":false,"_jetpack_newsletter_access":"","_jetpack_dont_email_post_to_subs":false,"_jetpack_newsletter_tier_id":0,"_jetpack_memberships_contains_paywalled_content":false,"_jetpack_memberships_contains_paid_content":false,"footnotes":"","jetpack_publicize_message":"","jetpack_publicize_feature_enabled":true,"jetpack_social_post_already_shared":true,"jetpack_social_options":{"image_generator_settings":{"template":"highway","enabled":false},"version":2}},"categories":[1],"tags":[],"class_list":["post-28554","post","type-post","status-publish","format-standard","hentry","category-notas"],"jetpack_publicize_connections":[],"jetpack_sharing_enabled":true,"jetpack_featured_media_url":"","jetpack_shortlink":"https:\/\/wp.me\/p7wKYW-7qy","jetpack-related-posts":[],"_links":{"self":[{"href":"http:\/\/blogdalucianaoliveira.com.br\/blog\/wp-json\/wp\/v2\/posts\/28554","targetHints":{"allow":["GET"]}}],"collection":[{"href":"http:\/\/blogdalucianaoliveira.com.br\/blog\/wp-json\/wp\/v2\/posts"}],"about":[{"href":"http:\/\/blogdalucianaoliveira.com.br\/blog\/wp-json\/wp\/v2\/types\/post"}],"author":[{"embeddable":true,"href":"http:\/\/blogdalucianaoliveira.com.br\/blog\/wp-json\/wp\/v2\/users\/1"}],"replies":[{"embeddable":true,"href":"http:\/\/blogdalucianaoliveira.com.br\/blog\/wp-json\/wp\/v2\/comments?post=28554"}],"version-history":[{"count":1,"href":"http:\/\/blogdalucianaoliveira.com.br\/blog\/wp-json\/wp\/v2\/posts\/28554\/revisions"}],"predecessor-version":[{"id":28555,"href":"http:\/\/blogdalucianaoliveira.com.br\/blog\/wp-json\/wp\/v2\/posts\/28554\/revisions\/28555"}],"wp:attachment":[{"href":"http:\/\/blogdalucianaoliveira.com.br\/blog\/wp-json\/wp\/v2\/media?parent=28554"}],"wp:term":[{"taxonomy":"category","embeddable":true,"href":"http:\/\/blogdalucianaoliveira.com.br\/blog\/wp-json\/wp\/v2\/categories?post=28554"},{"taxonomy":"post_tag","embeddable":true,"href":"http:\/\/blogdalucianaoliveira.com.br\/blog\/wp-json\/wp\/v2\/tags?post=28554"}],"curies":[{"name":"wp","href":"https:\/\/api.w.org\/{rel}","templated":true}]}}