{"id":28556,"date":"2020-06-04T10:39:49","date_gmt":"2020-06-04T14:39:49","guid":{"rendered":"http:\/\/blogdalucianaoliveira.com.br\/blog\/?p=28556"},"modified":"2020-06-04T10:39:54","modified_gmt":"2020-06-04T14:39:54","slug":"tacla-duran-tem-municao-para-implodir-o-que-restou-da-credibilidade-de-moro-e-lava-jato","status":"publish","type":"post","link":"http:\/\/blogdalucianaoliveira.com.br\/blog\/2020\/06\/04\/tacla-duran-tem-municao-para-implodir-o-que-restou-da-credibilidade-de-moro-e-lava-jato\/","title":{"rendered":"Tacla Dur\u00e1n tem muni\u00e7\u00e3o para implodir o que restou da credibilidade de Moro e Lava Jato"},"content":{"rendered":"\n<figure class=\"wp-block-image\"><img data-recalc-dims=\"1\" decoding=\"async\" src=\"https:\/\/i0.wp.com\/www.esmaelmorais.com.br\/wp-content\/uploads\/2020\/06\/moro-tacla.jpg?w=600&#038;ssl=1\" alt=\"\"\/><\/figure>\n\n\n\n<p>Na nota divulgada para contestar decis\u00e3o de Augusto Aras de retomar negocia\u00e7\u00f5es para dela\u00e7\u00e3o premiada de Rodrigo Tacla Dur\u00e1n, os procuradores da Lava Jato em Curitiba\u00a0<a href=\"https:\/\/www.diariodocentrodomundo.com.br\/dallagnol-agiu-de-ma-fe-e-enganou-a-imprensa-afirma-advogado-de-tacla-duran-em-nota\/\">mentiram<\/a>.<\/p>\n\n\n\n<!--more-->\n\n\n\n<p>No DCM, por Joaquim de Carvalho<\/p>\n\n\n\n<p>No item 2 da nota, os procuradores sob coordena\u00e7\u00e3o de Deltan Dallagnol disseram que o advogado \u201calegou perante a Interpol que seus pedidos de pris\u00e3o e de extradi\u00e7\u00e3o teriam sido revogados, quando isso n\u00e3o era verdade.\u201d<\/p>\n\n\n\n<p>Essa alega\u00e7\u00e3o teria levado a Interpol, em 5 de julho de 2018, a desconsiderar a pris\u00e3o preventiva decretada por Moro.<\/p>\n\n\n\n<p>Na decis\u00e3o que excluiu Tacla Dur\u00e1n do alerta vermelho, n\u00e3o h\u00e1 refer\u00eancia \u00e0 suposta alega\u00e7\u00e3o de revoga\u00e7\u00e3o dos pedidos de pris\u00e3o e extradi\u00e7\u00e3o no Brasil.<\/p>\n\n\n\n<p>O texto em que a Interpol comunica a retirada do nome de Tacla Dur\u00e1n do seu sistema de alerta vermelho tem 12 p\u00e1ginas e apresenta os argumentos do advogado em uma s\u00edntese:<\/p>\n\n\n\n<ol class=\"wp-block-list\"><li>Os procedimentos criminais que serviram de base para o alerta vermelho foram transferidos do Brasil para a Espanha;<\/li><li>N\u00e3o se espera que seu direito ao devido processo legal e suas garantias de um julgamento justo sejam respeitados no Brasil;<\/li><li>A Espanha negou o pedido de extradi\u00e7\u00e3o feito pelas autoridades brasileiras.<\/li><\/ol>\n\n\n\n<p>A Interpol analisou os tr\u00eas argumentos e deu raz\u00e3o \u00e0 Tacla Dur\u00e1n, com base na evid\u00eancia da parcialidade de Sergio Moro (o item B do resumo acima).<\/p>\n\n\n\n<p>Essa parcialidade ficou caracterizada na entrevista de Moro ao Roda Viva, em que ele disse que Tacla Dur\u00e1n era \u201csimplesmente um mentiroso\u201d.<\/p>\n\n\n\n<p>Como Moro poderia emitir essa opini\u00e3o se nunca quis ouvir o ex-prestador de servi\u00e7os da Odebrecht?<\/p>\n\n\n\n<p>E oportunidade n\u00e3o faltou.<\/p>\n\n\n\n<p>A defesa do ex-presidente Lula pediu seu depoimento, para demonstrar fraude nas provas juntadas pela Odebrecht, mas Moro negou.<\/p>\n\n\n\n<p>\u201cO juiz que presidia o caso negou repetidamente tais pedidos, afirmando que a palavra do requerente n\u00e3o poderia ser invocada, como ele \u00e9 uma pessoa acusada de crimes e \u00e9 um fugitivo internacional. Al\u00e9m disso, o juiz falou com a m\u00eddia sobre ele, afirmando que ele \u00e9 um mentiroso, antecipando assim o seu julgamento sobre o Requerente\u201d, relata a Interpol em sua decis\u00e3o.<\/p>\n\n\n\n<p>Para a Interpol, Tacla Dur\u00e1n apresentou evid\u00eancias de que Moro antecipou ju\u00edzo sobre ele, o que indica a viola\u00e7\u00e3o do artigo 2 da Constitui\u00e7\u00e3o da Interpol.<\/p>\n\n\n\n<p>Esse artigo diz que a rede internacional de pol\u00edcia segue a Declara\u00e7\u00e3o Universal dos Direitos Humanos, que assegura o direito de todo cidad\u00e3o a um julgamento justo.<\/p>\n\n\n\n<p>Em sua nota, a Lava Jato tamb\u00e9m&nbsp;&nbsp;n\u00e3o foi verdadeira ao dizer por que Tacla Dur\u00e1n exerceu seu direito ao sil\u00eancio na audi\u00eancia perante as autoridades espanholas em novembro de 2017.<\/p>\n\n\n\n<p>A pedido dos procuradores brasileiros, a Justi\u00e7a da Espanha intimou Tacla Dur\u00e1n para uma audi\u00eancia.<\/p>\n\n\n\n<p>O advogado compareceu, mas os procuradores, n\u00e3o. Perguntado pelo juiz se gostaria de dar alguma declara\u00e7\u00e3o, Tacla Dur\u00e1n disse que n\u00e3o.<\/p>\n\n\n\n<p>Preferia permanecer em sil\u00eancio.<\/p>\n\n\n\n<p>Mas a raz\u00e3o \u00e9 que n\u00e3o havia procuradores para fazer questionamentos.<\/p>\n\n\n\n<p>Caso venha a se concretizar, a dela\u00e7\u00e3o premiada de Tacla Dur\u00e1n pode esclarecer epis\u00f3dios nebulosos da Lava Jato que envolvem procuradores, advogados e o ex-juiz.<\/p>\n\n\n\n<p>O advogado apareceu no notici\u00e1rio internacional com uma entrevista-bomba para o jornal El Pa\u00eds, em que fez revela\u00e7\u00f5es sobre como a Odebrecht corrompia autoridades em todo o mundo.<\/p>\n\n\n\n<p>Depois, a jornalista M\u00f4nica Bergamo revelou que Tacla Dur\u00e1n havia postado na internet o que seria o cap\u00edtulo 1 de um livro sobre sua atua\u00e7\u00e3o na Odebrecht e sobre as tratativas para uma dela\u00e7\u00e3o premiada na Lava Jato.<\/p>\n\n\n\n<p>No trecho mais contundente, apresentou a reprodu\u00e7\u00e3o de uma conversa com o advogado Carlos Zucolotto J\u00fanior, padrinho de casamento de Moro.<\/p>\n\n\n\n<p>Nessa conversa, em maio de 2016, pelo aplicativo Wickr, Zucolotto pede 5 milh\u00f5es de d\u00f3lares para conseguir facilidades nos termos do acordo.<\/p>\n\n\n\n<p>Cita a interlocu\u00e7\u00e3o com DD, que seriam as iniciais de Deltan Dallagnol.<\/p>\n\n\n\n<p>No dia seguinte \u00e0 conversa, o Minist\u00e9rio P\u00fablico Federal envia e-mail a Tacla Dur\u00e1n, confirmando itens que haviam sido conversados com Zucolotto.<\/p>\n\n\n\n<p>Algumas semanas depois, Tacla Dur\u00e1n transfere para a conta de outro advogado, Marlus Arns, amigo de Ros\u00e2ngela Moro, 612 mil d\u00f3lares \u2014&nbsp;&nbsp;o equivalente hoje 3,2 milh\u00f5es de reais.<\/p>\n\n\n\n<p>\u201cPaguei para n\u00e3o ser preso\u201d, disse Tacla Dur\u00e1n ao jornalista Jamil Chade, ent\u00e3o no jornal O Estado de S. Paulo. O advogado apresentou o documento da transfer\u00eancia banc\u00e1ria.<\/p>\n\n\n\n<p>Marlus Arns n\u00e3o quis se manifestar.<\/p>\n\n\n\n<p>O que refor\u00e7a a suspeita de que se tratava de propina para a Lava Jato \u00e9 que, segundo Tacla Dur\u00e1n, n\u00e3o havia entre eles contrato de presta\u00e7\u00e3o de servi\u00e7os nem procura\u00e7\u00e3o assinada.<\/p>\n\n\n\n<p>O pagamento seria parte dos 5 milh\u00f5es de d\u00f3lares acertados com Zucolotto. Tacla Dur\u00e1n fez essa transfer\u00eancia, e nenhuma outra.<\/p>\n\n\n\n<p>Quatro meses depois, quando j\u00e1 estava fora do Brasil, Moro tornou p\u00fabico seu pedido de pris\u00e3o, com a deflagra\u00e7\u00e3o da Opera\u00e7\u00e3o Drag\u00e3o.<\/p>\n\n\n\n<p>Nos Estados Unidos, Tacla Dur\u00e1n n\u00e3o foi preso. Cidad\u00e3o espanhol, ele viajou para Madri, e se hospedou no Hotel Intercontinental.<\/p>\n\n\n\n<p>No dia 18 de novembro, foi preso e levado para o pres\u00eddio Soto Del Real, onde permaneceu cerca de tr\u00eas meses.<\/p>\n\n\n\n<p>Livre, respondeu a um processo de extradi\u00e7\u00e3o solicitado pelo Brasil.<\/p>\n\n\n\n<p>Na decis\u00e3o de primeira inst\u00e2ncia, perdeu.<\/p>\n\n\n\n<p>No recurso, teve a extradi\u00e7\u00e3o negada, em decis\u00e3o de car\u00e1ter definitivo.<\/p>\n\n\n\n<p>Em agosto de 2017, vem \u00e0 tona o cap\u00edtulo 1 do livro (que ainda n\u00e3o est\u00e1 conclu\u00eddo).<\/p>\n\n\n\n<p>Em novembro de 2017, o DCM o encontrou em Madri e o entrevistou, oportunidade em que confirmou que apresentaria provas \u00e0 CPI da JBS sobre o que considerou extors\u00e3o por parte Zucolotto.<\/p>\n\n\n\n<p>Ao mesmo tempo, ele pediu \u00e0 Interpol que cancelasse o alerta vermelho.<\/p>\n\n\n\n<p>No primeiro pedido, perdeu.<\/p>\n\n\n\n<p>Seis meses depois, fez novo pedido e apresentou novas evid\u00eancias: a negativa de Moro em tomar seu depoimento nos processos de Lula, e a entrevista no Roda Viva em que o ent\u00e3o juiz antecipou ju\u00edzo sobre ele.<\/p>\n\n\n\n<p>No ano passado, revelou a transfer\u00eancia banc\u00e1ria para Marlus Arns.<\/p>\n\n\n\n<p>Tacla Dur\u00e1n tem mais muni\u00e7\u00e3o, e est\u00e1 nas m\u00e3os de Augusto Aras a decis\u00e3o de conhecer a verdade sobre a ind\u00fastria da dela\u00e7\u00e3o premiada que prosperou na Lava Jato.<br><\/p>\n\n\n\n<p><br><\/p>\n","protected":false},"excerpt":{"rendered":"<p>Na nota divulgada para contestar decis\u00e3o de Augusto Aras de retomar negocia\u00e7\u00f5es para dela\u00e7\u00e3o premiada de Rodrigo Tacla Dur\u00e1n, os procuradores da Lava Jato em Curitiba\u00a0mentiram.<\/p>\n","protected":false},"author":1,"featured_media":0,"comment_status":"closed","ping_status":"open","sticky":false,"template":"","format":"standard","meta":{"_exactmetrics_skip_tracking":false,"_exactmetrics_sitenote_active":false,"_exactmetrics_sitenote_note":"","_exactmetrics_sitenote_category":0,"jetpack_post_was_ever_published":false,"_jetpack_newsletter_access":"","_jetpack_dont_email_post_to_subs":false,"_jetpack_newsletter_tier_id":0,"_jetpack_memberships_contains_paywalled_content":false,"_jetpack_memberships_contains_paid_content":false,"footnotes":"","jetpack_publicize_message":"","jetpack_publicize_feature_enabled":true,"jetpack_social_post_already_shared":true,"jetpack_social_options":{"image_generator_settings":{"template":"highway","enabled":false},"version":2}},"categories":[1],"tags":[],"class_list":["post-28556","post","type-post","status-publish","format-standard","hentry","category-notas"],"jetpack_publicize_connections":[],"jetpack_sharing_enabled":true,"jetpack_featured_media_url":"","jetpack_shortlink":"https:\/\/wp.me\/p7wKYW-7qA","jetpack-related-posts":[],"_links":{"self":[{"href":"http:\/\/blogdalucianaoliveira.com.br\/blog\/wp-json\/wp\/v2\/posts\/28556","targetHints":{"allow":["GET"]}}],"collection":[{"href":"http:\/\/blogdalucianaoliveira.com.br\/blog\/wp-json\/wp\/v2\/posts"}],"about":[{"href":"http:\/\/blogdalucianaoliveira.com.br\/blog\/wp-json\/wp\/v2\/types\/post"}],"author":[{"embeddable":true,"href":"http:\/\/blogdalucianaoliveira.com.br\/blog\/wp-json\/wp\/v2\/users\/1"}],"replies":[{"embeddable":true,"href":"http:\/\/blogdalucianaoliveira.com.br\/blog\/wp-json\/wp\/v2\/comments?post=28556"}],"version-history":[{"count":1,"href":"http:\/\/blogdalucianaoliveira.com.br\/blog\/wp-json\/wp\/v2\/posts\/28556\/revisions"}],"predecessor-version":[{"id":28557,"href":"http:\/\/blogdalucianaoliveira.com.br\/blog\/wp-json\/wp\/v2\/posts\/28556\/revisions\/28557"}],"wp:attachment":[{"href":"http:\/\/blogdalucianaoliveira.com.br\/blog\/wp-json\/wp\/v2\/media?parent=28556"}],"wp:term":[{"taxonomy":"category","embeddable":true,"href":"http:\/\/blogdalucianaoliveira.com.br\/blog\/wp-json\/wp\/v2\/categories?post=28556"},{"taxonomy":"post_tag","embeddable":true,"href":"http:\/\/blogdalucianaoliveira.com.br\/blog\/wp-json\/wp\/v2\/tags?post=28556"}],"curies":[{"name":"wp","href":"https:\/\/api.w.org\/{rel}","templated":true}]}}