{"id":28558,"date":"2020-06-04T11:01:26","date_gmt":"2020-06-04T15:01:26","guid":{"rendered":"http:\/\/blogdalucianaoliveira.com.br\/blog\/?p=28558"},"modified":"2020-06-04T11:01:34","modified_gmt":"2020-06-04T15:01:34","slug":"lula-cobra-um-manifesto-que-exija-restituicao-dos-direitos-do-povo-brasileiro","status":"publish","type":"post","link":"http:\/\/blogdalucianaoliveira.com.br\/blog\/2020\/06\/04\/lula-cobra-um-manifesto-que-exija-restituicao-dos-direitos-do-povo-brasileiro\/","title":{"rendered":"Lula cobra um manifesto que exija restitui\u00e7\u00e3o dos direitos do povo brasileiro"},"content":{"rendered":"\n<figure class=\"wp-block-image\"><img data-recalc-dims=\"1\" decoding=\"async\" src=\"https:\/\/i0.wp.com\/publisher-publish.s3.eu-central-1.amazonaws.com\/pb-brasil247\/swp\/jtjeq9\/media\/20200604090636_a783da9195cd0827aeedd91a9de9ff615cb8f968bda5a5acfaf3cab9fb67b7d1.jpeg?w=600&#038;ssl=1\" alt=\"Lula\"\/><\/figure>\n\n\n\n<p><strong>247&nbsp;<\/strong>&#8211; O ex-presidente Luiz In\u00e1cio Lula da Silva cobrou a elabora\u00e7\u00e3o de um manifesto que exiga os restitui\u00e7\u00e3o dos direitos sociais do povo brasileiro:&nbsp;<\/p>\n\n\n\n<p>&#8220;Aos 74 anos j\u00e1 assinei tanto manifesto&#8230; Mas vamos lembrar que tem 35 pedidos de impeachment na C\u00e2mara e esse manifesto n\u00e3o cita nem Bolsonaro, nem o Guedes. N\u00f3s vamos fazer um manifesto claro exigindo restituir os direitos que o povo brasileiro perdeu?&#8221;.<\/p>\n\n\n\n<!--more-->\n\n\n\n<figure class=\"wp-block-embed-twitter wp-block-embed is-type-rich is-provider-twitter\"><div class=\"wp-block-embed__wrapper\">\n<blockquote class=\"twitter-tweet\" data-width=\"550\" data-dnt=\"true\"><p lang=\"pt\" dir=\"ltr\">Aos 74 anos j\u00e1 assinei tanto manifesto&#8230; Mas vamos lembrar que tem 35 pedidos de impeachment na C\u00e2mara e esse manifesto n\u00e3o cita nem Bolsonaro, nem o Guedes. N\u00f3s vamos fazer um manifesto claro exigindo restituir os direitos que o povo brasileiro perdeu?<\/p>&mdash; Lula (@LulaOficial) <a href=\"https:\/\/twitter.com\/LulaOficial\/status\/1268501323009396738?ref_src=twsrc%5Etfw\">June 4, 2020<\/a><\/blockquote><script async src=\"https:\/\/platform.twitter.com\/widgets.js\" charset=\"utf-8\"><\/script>\n<\/div><\/figure>\n\n\n\n<p>Condenado sem provas no processo do triplex em Guaruj\u00e1 (SP), o ex-presidente Lula chegou a dizer, na segunda-feira (1), que n\u00e3o assinaria manifestos contra Jair Bolsonaro que tivessem &#8220;determinadas pessoas&#8221;.&nbsp;<\/p>\n\n\n\n<p>A presidente nacional do PT, deputada federal Gleisi Hoffmann (PR),&nbsp;<a target=\"_blank\" rel=\"noreferrer noopener\" href=\"https:\/\/www.brasil247.com\/brasil\/gleisi-lula-nao-assinou-o-manifesto-porque-fhc-e-temer-nao-sao-democratas\">disse&nbsp;<\/a>que Lula n\u00e3o assinou manifestos porque o ex-presidente Fernando Henrique Cardoso e Michel Temer n\u00e3o podem ser considerados democratas. &#8220;Foram in\u00fameras vezes em que FHC disse que Lula n\u00e3o era um preso pol\u00edtico, e sim um pol\u00edtico preso&#8221;, acrescentou.&nbsp;<\/p>\n","protected":false},"excerpt":{"rendered":"<p>247&nbsp;&#8211; O ex-presidente Luiz In\u00e1cio Lula da Silva cobrou a elabora\u00e7\u00e3o de um manifesto que exiga os restitui\u00e7\u00e3o dos direitos sociais do povo brasileiro:&nbsp; &#8220;Aos 74 anos j\u00e1 assinei tanto manifesto&#8230; Mas vamos lembrar que tem 35 pedidos de impeachment na C\u00e2mara e esse manifesto n\u00e3o cita nem Bolsonaro, nem o Guedes. N\u00f3s vamos fazer&#8230;<a class=\"more-link\" href=\"http:\/\/blogdalucianaoliveira.com.br\/blog\/2020\/06\/04\/lula-cobra-um-manifesto-que-exija-restituicao-dos-direitos-do-povo-brasileiro\/\">Continue a leitura <span class=\"meta-nav\">&raquo;<\/span><\/a><\/p>\n","protected":false},"author":1,"featured_media":0,"comment_status":"closed","ping_status":"open","sticky":false,"template":"","format":"standard","meta":{"_exactmetrics_skip_tracking":false,"_exactmetrics_sitenote_active":false,"_exactmetrics_sitenote_note":"","_exactmetrics_sitenote_category":0,"jetpack_post_was_ever_published":false,"_jetpack_newsletter_access":"","_jetpack_dont_email_post_to_subs":false,"_jetpack_newsletter_tier_id":0,"_jetpack_memberships_contains_paywalled_content":false,"_jetpack_memberships_contains_paid_content":false,"footnotes":"","jetpack_publicize_message":"","jetpack_publicize_feature_enabled":true,"jetpack_social_post_already_shared":true,"jetpack_social_options":{"image_generator_settings":{"template":"highway","enabled":false},"version":2}},"categories":[1],"tags":[],"class_list":["post-28558","post","type-post","status-publish","format-standard","hentry","category-notas"],"jetpack_publicize_connections":[],"jetpack_sharing_enabled":true,"jetpack_featured_media_url":"","jetpack_shortlink":"https:\/\/wp.me\/p7wKYW-7qC","jetpack-related-posts":[],"_links":{"self":[{"href":"http:\/\/blogdalucianaoliveira.com.br\/blog\/wp-json\/wp\/v2\/posts\/28558","targetHints":{"allow":["GET"]}}],"collection":[{"href":"http:\/\/blogdalucianaoliveira.com.br\/blog\/wp-json\/wp\/v2\/posts"}],"about":[{"href":"http:\/\/blogdalucianaoliveira.com.br\/blog\/wp-json\/wp\/v2\/types\/post"}],"author":[{"embeddable":true,"href":"http:\/\/blogdalucianaoliveira.com.br\/blog\/wp-json\/wp\/v2\/users\/1"}],"replies":[{"embeddable":true,"href":"http:\/\/blogdalucianaoliveira.com.br\/blog\/wp-json\/wp\/v2\/comments?post=28558"}],"version-history":[{"count":1,"href":"http:\/\/blogdalucianaoliveira.com.br\/blog\/wp-json\/wp\/v2\/posts\/28558\/revisions"}],"predecessor-version":[{"id":28559,"href":"http:\/\/blogdalucianaoliveira.com.br\/blog\/wp-json\/wp\/v2\/posts\/28558\/revisions\/28559"}],"wp:attachment":[{"href":"http:\/\/blogdalucianaoliveira.com.br\/blog\/wp-json\/wp\/v2\/media?parent=28558"}],"wp:term":[{"taxonomy":"category","embeddable":true,"href":"http:\/\/blogdalucianaoliveira.com.br\/blog\/wp-json\/wp\/v2\/categories?post=28558"},{"taxonomy":"post_tag","embeddable":true,"href":"http:\/\/blogdalucianaoliveira.com.br\/blog\/wp-json\/wp\/v2\/tags?post=28558"}],"curies":[{"name":"wp","href":"https:\/\/api.w.org\/{rel}","templated":true}]}}