{"id":28560,"date":"2020-06-04T12:26:55","date_gmt":"2020-06-04T16:26:55","guid":{"rendered":"http:\/\/blogdalucianaoliveira.com.br\/blog\/?p=28560"},"modified":"2020-06-04T12:27:04","modified_gmt":"2020-06-04T16:27:04","slug":"o-plato-da-curva-bolsonarista","status":"publish","type":"post","link":"http:\/\/blogdalucianaoliveira.com.br\/blog\/2020\/06\/04\/o-plato-da-curva-bolsonarista\/","title":{"rendered":"O PLAT\u00d4 DA CURVA BOLSONARISTA"},"content":{"rendered":"\n<figure class=\"wp-block-image size-large\"><img loading=\"lazy\" decoding=\"async\" width=\"1392\" height=\"664\" data-attachment-id=\"28561\" data-permalink=\"http:\/\/blogdalucianaoliveira.com.br\/blog\/2020\/06\/04\/o-plato-da-curva-bolsonarista\/image-8-9\/\" data-orig-file=\"https:\/\/i0.wp.com\/blogdalucianaoliveira.com.br\/blog\/wp-content\/uploads\/2020\/06\/image-8.jpeg?fit=1392%2C664\" data-orig-size=\"1392,664\" data-comments-opened=\"0\" data-image-meta=\"{&quot;aperture&quot;:&quot;0&quot;,&quot;credit&quot;:&quot;&quot;,&quot;camera&quot;:&quot;&quot;,&quot;caption&quot;:&quot;&quot;,&quot;created_timestamp&quot;:&quot;0&quot;,&quot;copyright&quot;:&quot;&quot;,&quot;focal_length&quot;:&quot;0&quot;,&quot;iso&quot;:&quot;0&quot;,&quot;shutter_speed&quot;:&quot;0&quot;,&quot;title&quot;:&quot;&quot;,&quot;orientation&quot;:&quot;0&quot;}\" data-image-title=\"image-8\" data-image-description=\"\" data-image-caption=\"\" data-medium-file=\"https:\/\/i0.wp.com\/blogdalucianaoliveira.com.br\/blog\/wp-content\/uploads\/2020\/06\/image-8.jpeg?fit=300%2C143\" data-large-file=\"https:\/\/i0.wp.com\/blogdalucianaoliveira.com.br\/blog\/wp-content\/uploads\/2020\/06\/image-8.jpeg?fit=600%2C286\" src=\"https:\/\/i0.wp.com\/blogdalucianaoliveira.com.br\/blog\/wp-content\/uploads\/2020\/06\/image-8.jpeg?fit=600%2C286\" alt=\"\" class=\"wp-image-28561\" srcset=\"https:\/\/i0.wp.com\/blogdalucianaoliveira.com.br\/blog\/wp-content\/uploads\/2020\/06\/image-8.jpeg?w=1392 1392w, https:\/\/i0.wp.com\/blogdalucianaoliveira.com.br\/blog\/wp-content\/uploads\/2020\/06\/image-8.jpeg?resize=300%2C143 300w, https:\/\/i0.wp.com\/blogdalucianaoliveira.com.br\/blog\/wp-content\/uploads\/2020\/06\/image-8.jpeg?resize=1024%2C488 1024w, https:\/\/i0.wp.com\/blogdalucianaoliveira.com.br\/blog\/wp-content\/uploads\/2020\/06\/image-8.jpeg?resize=768%2C366 768w, https:\/\/i0.wp.com\/blogdalucianaoliveira.com.br\/blog\/wp-content\/uploads\/2020\/06\/image-8.jpeg?resize=629%2C300 629w, https:\/\/i0.wp.com\/blogdalucianaoliveira.com.br\/blog\/wp-content\/uploads\/2020\/06\/image-8.jpeg?w=1200 1200w\" sizes=\"auto, (max-width: 600px) 100vw, 600px\" \/><\/figure>\n\n\n\n<p>Daqui para frente, no que se refere a apoio popular, Bolsonaro s\u00f3 perde, no m\u00e1ximo preserva o que tem. Isso talvez explique os gritos, os palavr\u00f5es. \u00c9 o rugido do animal acuado, com medo, desesperado.<\/p>\n\n\n\n<!--more-->\n\n\n\n<p>Jornalistas Livres, Por <strong>Rodrigo Perez Oliveira, professor de Teoria da Hist\u00f3ria na Universidade Federal da Bahia (UFBA)<\/strong><\/p>\n\n\n\n<p>Os infectologistas nunca estiveram t\u00e3o na moda. Vinte e quatro horas por dia. \u00c9 s\u00f3 ligar a TV e trope\u00e7amos em um infectologista transbordando termos t\u00e9cnicos, falando em curva de transmiss\u00e3o para c\u00e1, curva de \u00f3bitos para l\u00e1. Curvas, curvas e mais curvas. Tomo esse vocabul\u00e1rio emprestado para analisar o atual momento do bolsonarismo.<\/p>\n\n\n\n<p><strong>O bolsonarismo fez suas v\u00edtimas fatais, e s\u00e3o bem mais numerosas do que os 30 mil j\u00e1 levados pela covid-19. Parte da popula\u00e7\u00e3o brasileira morreu para o conv\u00edvio democr\u00e1tico. Essa gente n\u00e3o volta mais \u00e0 raz\u00e3o. Eles precisam ser isolados. Durante algum tempo, essa parcela correspondia a 30% da sociedade. Os famosos 30%, resilientes, leais ao bolsonarismo. Por\u00e9m, a \u00faltima pesquisa realizada pelo instituto Datafolha (publicada em 29 de maio) mostra algo novo.<\/strong><\/p>\n\n\n\n<p>1\u00b0) A faixa cinza dos que avaliam o governo como \u201cregular\u201d vai se estreitando e o coro da rejei\u00e7\u00e3o vai engrossando. Os indecisos est\u00e3o migrando para o campo do antibolsonarismo. Essa \u00e9 tend\u00eancia s\u00f3lida.<\/p>\n\n\n\n<p>2\u00b0) A aprova\u00e7\u00e3o do governo ficou em n\u00edveis j\u00e1 conhecidos, ali na casa dos 30%. Mas n\u00e3o s\u00e3o os mesmos 30% de antes. Desses 30%, 11% s\u00e3o formados por novos apoiadores, que avaliam positivamente o governo por causa da primeira parcela do aux\u00edlio emergencial liberado para amparar as fam\u00edlias em meio \u00e0 epidemia. Isso sugere que a crise com S\u00e9rgio Moro e a aproxima\u00e7\u00e3o com o centr\u00e3o derreteram parte da base org\u00e2nica do bolsonarismo, perda que por enquanto est\u00e1 sendo compensada pelo refluxo dos amparados. Mas esses novos apoiadores n\u00e3o s\u00e3o militantes. S\u00e3o pessoas desesperadas. Apoio desesperado \u00e9 sempre vol\u00e1til. O bolsonarismo raiz est\u00e1 em algo pr\u00f3ximo a 20%.<\/p>\n\n\n\n<p><strong>Os dois movimentos detectados pela pesquisa sugerem que a epidemia bolsonarista entrou na \u201cfase plat\u00f4\u201d. A curva est\u00e1 achatada. N\u00e3o h\u00e1 mais espa\u00e7o de crescimento. Daqui para frente, no que se refere a apoio popular, Bolsonaro s\u00f3 perde, no m\u00e1ximo preserva o que tem. N\u00e3o haver\u00e1 uma segunda onda de contamina\u00e7\u00e3o. Isso talvez explique os gritos, os palavr\u00f5es. \u00c9 o rugido do animal acuado, com medo, desesperado. De manh\u00e3, Bolsonaro amea\u00e7a o pa\u00eds de golpe. De tarde, recebe os deputados do centr\u00e3o para negociar cargos e verbas. Se h\u00e1 condi\u00e7\u00f5es objetivas para o golpe, por que se enlamear junto ao centr\u00e3o, sacrificando a narrativa da \u201cnova pol\u00edtica\u201d?<\/strong><\/p>\n\n\n\n<p>Talvez hoje n\u00e3o existam condi\u00e7\u00f5es objetivas para o golpe. Talvez hoje os generais palacianos n\u00e3o sejam capazes de arrastar a tropa para uma aventura golpista. Mas n\u00e3o h\u00e1 d\u00favidas de que est\u00e3o tentando. N\u00e3o h\u00e1 d\u00favidas de que vivemos uma atmosfera de golpe. Neste exato momento, h\u00e1 pessoas tentando viabilizar a implanta\u00e7\u00e3o de um regime de for\u00e7a, reunindo quadros das for\u00e7as armadas, das PMs e grupos paramilitares.<\/p>\n\n\n\n<p><strong>Bolsonaro sobrevoa o STF de bra\u00e7os dados com o ministro da Defesa. Augusto Heleno amea\u00e7a a Rep\u00fablica. Mour\u00e3o diz para deixar o \u201chomem governar\u201d. Cada vez mais a solu\u00e7\u00e3o de um governo moderado, austero, t\u00e9cnico, comandado por Hamilton Mour\u00e3o fica menos prov\u00e1vel. J\u00e1 n\u00e3o \u00e9 t\u00e3o f\u00e1cil abandonar Bolsonaro. Os militares com cargos no governo est\u00e3o atolados at\u00e9 o pesco\u00e7o na lama do bolsonarismo. S\u00e3o c\u00famplices de crimes que v\u00e3o da lavagem de dinheiro \u00e0 forma\u00e7\u00e3o de grupos de exterm\u00ednio. No m\u00ednimo s\u00e3o prevaricadores. No m\u00ednimo.<\/strong><\/p>\n\n\n\n<p>O Minist\u00e9rio da Sa\u00fade est\u00e1 ocupado por militares, a maioria sem qualifica\u00e7\u00e3o t\u00e9cnica para enfrentar a maior crise sanit\u00e1ria da hist\u00f3ria do pa\u00eds. No dia em que escrevo este texto, o Brasil registrou mais de 1.200 mortos pela covid-19. H\u00e1 quem diga que entraremos agosto na casa dos 200 mil mortos. O Ex\u00e9rcito brasileiro carregar\u00e1 sobre os ombros essa trag\u00e9dia. N\u00e3o h\u00e1 mais como desvincular o Ex\u00e9rcito do bolsonarismo. At\u00e9 pouco tempo isso era poss\u00edvel. Hoje, n\u00e3o mais.<\/p>\n\n\n\n<p>No \u00faltimo domingo, 31 de maio, a Avenida Paulista se tornou arena de uma batalha campal. Pela primeira vez, grupos antifas ocuparam as ruas para confrontar a malta fascista, que at\u00e9 aqui fazia o que bem entendia, sem ser incomodada. Esses grupos s\u00e3o formados por membros de torcidas organizadas, homens com know-how de conflito de rua. N\u00e3o s\u00e3o militantes de esquerda good vibes n\u00e3o. N\u00e3o \u00e9 a galerinha da bicicleta de bambu, do sarau de poesia. \u00c9 uma mo\u00e7ada de periferia, boa de porrada.<\/p>\n\n\n\n<p><strong>Enquanto isso, come\u00e7a a tomar corpo na sociedade civil o movimento dos 70%, que busca organizar a rejei\u00e7\u00e3o ao bolsonarismo em uma pauta comum m\u00ednima de defesa da democracia. A iniciativa \u00e9 vista com desconfian\u00e7a pelo Partido dos Trabalhadores. Lula se recusou a assinar o manifesto. Haddad se insubordinou e assinou.<\/strong><\/p>\n\n\n\n<p><strong>\u00c9 vi\u00e1vel uma frente ampla sem o PT, que ainda \u00e9 muito forte entre as esquerdas brasileiras? O anti-petismo se tornou for\u00e7a t\u00e3o interditante a ponto de a pr\u00f3pria frente ampla caminhar melhor sem o PT?<\/strong><\/p>\n\n\n\n<p><strong>Perguntas ainda sem respostas.<\/strong><\/p>\n\n\n\n<p>Fato fato mesmo \u00e9 que a curva do bolsonarismo est\u00e1 achatada, o que n\u00e3o \u00e9 exatamente uma boa not\u00edcia. O bolsonarismo \u00e9 diferente do corona v\u00edrus. \u00c9 mais letal. \u00c9 muito mais perigoso.<\/p>\n\n\n\n<p>Isolado, rejeitado pela ampla maioria e limitado a 1\/5 da popula\u00e7\u00e3o, sem nada a perder. Nesse cen\u00e1rio, o Bolsonarismo transforma a presid\u00eancia da Rep\u00fablica num bunker de sobreviv\u00eancia ocupado por bandidos armados e apavorados. O golpe, ent\u00e3o, deixar de ser um desejo, um horizonte de possibilidade constantemente evocado, para se tornar quest\u00e3o de vida ou morte.<\/p>\n\n\n\n<p>Mesmo que seja derrotada, uma tentativa de golpe sempre ceifa vidas, instaura um trauma na mem\u00f3ria nacional e desmoraliza o pa\u00eds no mundo inteiro, afastando investidores.<\/p>\n\n\n\n<p><strong>A curva achatou, mas o v\u00edrus do bolsonarismo continuar\u00e1 matando o brasil por muito tempo.<\/strong><\/p>\n","protected":false},"excerpt":{"rendered":"<p>Daqui para frente, no que se refere a apoio popular, Bolsonaro s\u00f3 perde, no m\u00e1ximo preserva o que tem. Isso talvez explique os gritos, os palavr\u00f5es. \u00c9 o rugido do animal acuado, com medo, desesperado.<\/p>\n","protected":false},"author":1,"featured_media":0,"comment_status":"closed","ping_status":"open","sticky":false,"template":"","format":"standard","meta":{"_exactmetrics_skip_tracking":false,"_exactmetrics_sitenote_active":false,"_exactmetrics_sitenote_note":"","_exactmetrics_sitenote_category":0,"jetpack_post_was_ever_published":false,"_jetpack_newsletter_access":"","_jetpack_dont_email_post_to_subs":false,"_jetpack_newsletter_tier_id":0,"_jetpack_memberships_contains_paywalled_content":false,"_jetpack_memberships_contains_paid_content":false,"footnotes":"","jetpack_publicize_message":"","jetpack_publicize_feature_enabled":true,"jetpack_social_post_already_shared":true,"jetpack_social_options":{"image_generator_settings":{"template":"highway","enabled":false},"version":2}},"categories":[1],"tags":[],"class_list":["post-28560","post","type-post","status-publish","format-standard","hentry","category-notas"],"jetpack_publicize_connections":[],"jetpack_sharing_enabled":true,"jetpack_featured_media_url":"","jetpack_shortlink":"https:\/\/wp.me\/p7wKYW-7qE","jetpack-related-posts":[],"_links":{"self":[{"href":"http:\/\/blogdalucianaoliveira.com.br\/blog\/wp-json\/wp\/v2\/posts\/28560","targetHints":{"allow":["GET"]}}],"collection":[{"href":"http:\/\/blogdalucianaoliveira.com.br\/blog\/wp-json\/wp\/v2\/posts"}],"about":[{"href":"http:\/\/blogdalucianaoliveira.com.br\/blog\/wp-json\/wp\/v2\/types\/post"}],"author":[{"embeddable":true,"href":"http:\/\/blogdalucianaoliveira.com.br\/blog\/wp-json\/wp\/v2\/users\/1"}],"replies":[{"embeddable":true,"href":"http:\/\/blogdalucianaoliveira.com.br\/blog\/wp-json\/wp\/v2\/comments?post=28560"}],"version-history":[{"count":1,"href":"http:\/\/blogdalucianaoliveira.com.br\/blog\/wp-json\/wp\/v2\/posts\/28560\/revisions"}],"predecessor-version":[{"id":28562,"href":"http:\/\/blogdalucianaoliveira.com.br\/blog\/wp-json\/wp\/v2\/posts\/28560\/revisions\/28562"}],"wp:attachment":[{"href":"http:\/\/blogdalucianaoliveira.com.br\/blog\/wp-json\/wp\/v2\/media?parent=28560"}],"wp:term":[{"taxonomy":"category","embeddable":true,"href":"http:\/\/blogdalucianaoliveira.com.br\/blog\/wp-json\/wp\/v2\/categories?post=28560"},{"taxonomy":"post_tag","embeddable":true,"href":"http:\/\/blogdalucianaoliveira.com.br\/blog\/wp-json\/wp\/v2\/tags?post=28560"}],"curies":[{"name":"wp","href":"https:\/\/api.w.org\/{rel}","templated":true}]}}