{"id":28563,"date":"2020-06-05T10:19:16","date_gmt":"2020-06-05T14:19:16","guid":{"rendered":"http:\/\/blogdalucianaoliveira.com.br\/blog\/?p=28563"},"modified":"2020-06-05T10:19:19","modified_gmt":"2020-06-05T14:19:19","slug":"lancamento-da-casa-ninja-amazonia-abre-centro-digital-de-colaboradores","status":"publish","type":"post","link":"http:\/\/blogdalucianaoliveira.com.br\/blog\/2020\/06\/05\/lancamento-da-casa-ninja-amazonia-abre-centro-digital-de-colaboradores\/","title":{"rendered":"Lan\u00e7amento da Casa NINJA Amaz\u00f4nia abre centro digital de colaboradores"},"content":{"rendered":"\n<figure class=\"wp-block-image\"><img decoding=\"async\" src=\"https:\/\/scontent.fbsb12-1.fna.fbcdn.net\/v\/t1.0-9\/100952166_141617677492414_6582316188922019840_n.png?_nc_cat=103&amp;_nc_sid=dd9801&amp;_nc_eui2=AeGIOlWUKFuN92n8w-n1MPVz3hI_2nC0pOLeEj_acLSk4tdlVzNmVKZANks23uWASwzkSB6haXqLHThuDnIK-71U&amp;_nc_ohc=jxarn2JdPsUAX9Zp24H&amp;_nc_ht=scontent.fbsb12-1.fna&amp;oh=1ff3b3fe534dd94165b2556afdcc6656&amp;oe=5F000962\" alt=\"A imagem pode conter: comida e texto\"\/><\/figure>\n\n\n\n<h2 class=\"wp-block-heading\"><\/h2>\n\n\n\n<p>Depois de experi\u00eancias exitosas na Bahia e em Lisboa, a M\u00eddia NINJA agora anuncia seu novo projeto, a Casa NINJA Amaz\u00f4nia. Centro digital que mobiliza colaboradores para uma rede de suporte permanente da Amaz\u00f4nia que&nbsp; promove uma programa\u00e7\u00e3o cont\u00ednua de rodas de conversas, workshops, encontros, reuni\u00f5es e campanhas voltada \u00e0s agendas de combate aos retrocessos ambientais, assim como para contar as pot\u00eancias e hist\u00f3rias da Amaz\u00f4nia profunda.<\/p>\n\n\n\n<!--more-->\n\n\n\n<div class=\"fb-video\" data-allowfullscreen=\"true\" data-href=\"https:\/\/www.facebook.com\/watch\/?v=242251533869541\"><\/div>\n\n\n\n<p>Do reiki ao hacker, dos povos ind\u00edgenas ao tecnobrega; das cidades ao Brasil profundo \u00e0s capitais globais, a inten\u00e7\u00e3o do novo projeto da M\u00eddia NINJA \u00e9 conectar Intelig\u00eancias diversas e provocar trocas de viv\u00eancias, conhecimentos e experi\u00eancias distintas.\u00a0Todas as atividades da casa nesse per\u00edodo ir\u00e3o respeitar as orienta\u00e7\u00f5es da Organiza\u00e7\u00e3o Mundial de Sa\u00fade (OMS) e garantir o isolamento social.<\/p>\n\n\n\n<p>As atividades come\u00e7am\u00a0nesta sexta-feira, 05, \u00e0s 10h <strong>(<\/strong>hor\u00e1rio<strong> <\/strong>de Bras\u00edlia<strong>)<\/strong>\u00a0com uma\u00a0<strong>M\u00edstica de Abertura de Caminhos<\/strong>\u00a0com M\u00e3e N\u00edvea de Oy\u00e1, mestre Francisco Hip\u00f3lito do Daime e C\u00e9lia Xakriab\u00e1. <\/p>\n\n\n\n<p>Na sequ\u00eancia, abre a primeira sala ao p\u00fablico com a mesa\u00a0<strong>Da<\/strong>\u00a0<strong>Alian\u00e7a dos Povos da Floresta \u00e0 Floresta Ativista<\/strong>. Presen\u00e7as confirmadas de Sonia Guajajara, Angela Mendes, Gaby Amarantos, Pablo Capil\u00e9 e Ivana Bentes. O dia segue intenso com v\u00e1rias outras atividades.<\/p>\n\n\n\n<p> <strong>As lives ser\u00e3o nas redes sociais da\u00a0<a rel=\"noreferrer noopener\" target=\"_blank\" href=\"https:\/\/s7409134.sendpul.se\/go\/ec\/3051f9b49b882a587794e701d5436b91\/ci\/Mjc5NTM5MA==\/ui\/NzQwOTEzNA==\/li\/MTAwOTY5MTQ=\/re\/bHVjaWFuYWRlcHZoQHlhaG9vLmNvbS5icg==\/l\/aHR0cHMlM0ElMkYlMkZ3d3cuaW5zdGFncmFtLmNvbSUyRm1pZGlhbmluamE=\/ls\/566dc3672ce1e50c25efec62a503463bb0ab08977a7dd6d4b207138df0a44098c6bdb583b7e531f6a3cf3d22b64f8ab170e621f7476f9821092fb0c86cb12934620c2eee7bab1b7520e06d823390aab7751035b279e4a0ccf73fc15aa8c36b96e022c61ddde574f01339a558b1386ae569acdd5ca8e4de323f19b940a24b0272\/\">@midianinja<\/a>\u00a0e tamb\u00e9m transmitidas no\u00a0<a rel=\"noreferrer noopener\" target=\"_blank\" href=\"https:\/\/s7409134.sendpul.se\/go\/ec\/3051f9b49b882a587794e701d5436b91\/ci\/Mjc5NTM5MA==\/ui\/NzQwOTEzNA==\/li\/MTAwOTY5MTU=\/re\/bHVjaWFuYWRlcHZoQHlhaG9vLmNvbS5icg==\/l\/aHR0cHMlM0ElMkYlMkZ5b3V0dWJlLmNvbSUyRiUyNTIwbWlkaWFuaW5qYW9maWNpYWw=\/ls\/0d5c4d410e0882946f02ea70fab0fc8ae8836bb3424a20f1c5b71c6be4540f2a6622a2cce9670fbdc11a6b97eb9186a72a2acf83565e3104c08df5b30b2740601d3b19c3221c3eb46892067a86e0a25b003dc74c4124914c9df651c553bd74b6b0927c1ce86fc9bbee517ab34ca129d7c48d0257fe3455227c6e59d2382c1dc4\/\">canal do youtube<\/a>.<\/strong> <\/p>\n\n\n\n<p>acompanha aqui: <\/p>\n\n\n\n<div class=\"fb-video\" data-allowfullscreen=\"true\" data-href=\"https:\/\/www.facebook.com\/watch\/?v=545284326156711\"><\/div>\n\n\n\n<p><br><\/p>\n","protected":false},"excerpt":{"rendered":"<p>Depois de experi\u00eancias exitosas na Bahia e em Lisboa, a M\u00eddia NINJA agora anuncia seu novo projeto, a Casa NINJA Amaz\u00f4nia. Centro digital que mobiliza colaboradores para uma rede de suporte permanente da Amaz\u00f4nia que&nbsp; promove uma programa\u00e7\u00e3o cont\u00ednua de rodas de conversas, workshops, encontros, reuni\u00f5es e campanhas voltada \u00e0s agendas de combate aos retrocessos&#8230;<a class=\"more-link\" href=\"http:\/\/blogdalucianaoliveira.com.br\/blog\/2020\/06\/05\/lancamento-da-casa-ninja-amazonia-abre-centro-digital-de-colaboradores\/\">Continue a leitura <span class=\"meta-nav\">&raquo;<\/span><\/a><\/p>\n","protected":false},"author":1,"featured_media":0,"comment_status":"closed","ping_status":"open","sticky":false,"template":"","format":"standard","meta":{"_exactmetrics_skip_tracking":false,"_exactmetrics_sitenote_active":false,"_exactmetrics_sitenote_note":"","_exactmetrics_sitenote_category":0,"jetpack_post_was_ever_published":false,"_jetpack_newsletter_access":"","_jetpack_dont_email_post_to_subs":false,"_jetpack_newsletter_tier_id":0,"_jetpack_memberships_contains_paywalled_content":false,"_jetpack_memberships_contains_paid_content":false,"footnotes":"","jetpack_publicize_message":"","jetpack_publicize_feature_enabled":true,"jetpack_social_post_already_shared":true,"jetpack_social_options":{"image_generator_settings":{"template":"highway","enabled":false},"version":2}},"categories":[1],"tags":[383],"class_list":["post-28563","post","type-post","status-publish","format-standard","hentry","category-notas","tag-casa-ninja-amazonia"],"jetpack_publicize_connections":[],"jetpack_sharing_enabled":true,"jetpack_featured_media_url":"","jetpack_shortlink":"https:\/\/wp.me\/p7wKYW-7qH","jetpack-related-posts":[],"_links":{"self":[{"href":"http:\/\/blogdalucianaoliveira.com.br\/blog\/wp-json\/wp\/v2\/posts\/28563","targetHints":{"allow":["GET"]}}],"collection":[{"href":"http:\/\/blogdalucianaoliveira.com.br\/blog\/wp-json\/wp\/v2\/posts"}],"about":[{"href":"http:\/\/blogdalucianaoliveira.com.br\/blog\/wp-json\/wp\/v2\/types\/post"}],"author":[{"embeddable":true,"href":"http:\/\/blogdalucianaoliveira.com.br\/blog\/wp-json\/wp\/v2\/users\/1"}],"replies":[{"embeddable":true,"href":"http:\/\/blogdalucianaoliveira.com.br\/blog\/wp-json\/wp\/v2\/comments?post=28563"}],"version-history":[{"count":2,"href":"http:\/\/blogdalucianaoliveira.com.br\/blog\/wp-json\/wp\/v2\/posts\/28563\/revisions"}],"predecessor-version":[{"id":28565,"href":"http:\/\/blogdalucianaoliveira.com.br\/blog\/wp-json\/wp\/v2\/posts\/28563\/revisions\/28565"}],"wp:attachment":[{"href":"http:\/\/blogdalucianaoliveira.com.br\/blog\/wp-json\/wp\/v2\/media?parent=28563"}],"wp:term":[{"taxonomy":"category","embeddable":true,"href":"http:\/\/blogdalucianaoliveira.com.br\/blog\/wp-json\/wp\/v2\/categories?post=28563"},{"taxonomy":"post_tag","embeddable":true,"href":"http:\/\/blogdalucianaoliveira.com.br\/blog\/wp-json\/wp\/v2\/tags?post=28563"}],"curies":[{"name":"wp","href":"https:\/\/api.w.org\/{rel}","templated":true}]}}