{"id":28566,"date":"2020-06-05T10:32:49","date_gmt":"2020-06-05T14:32:49","guid":{"rendered":"http:\/\/blogdalucianaoliveira.com.br\/blog\/?p=28566"},"modified":"2020-06-05T10:32:59","modified_gmt":"2020-06-05T14:32:59","slug":"ao-vivo-assista-ao-lancamento-do-plano-emergencial-de-reforma-agraria-popular","status":"publish","type":"post","link":"http:\/\/blogdalucianaoliveira.com.br\/blog\/2020\/06\/05\/ao-vivo-assista-ao-lancamento-do-plano-emergencial-de-reforma-agraria-popular\/","title":{"rendered":"Ao vivo | Assista ao lan\u00e7amento do Plano Emergencial de Reforma Agr\u00e1ria Popular"},"content":{"rendered":"\n<h2 class=\"wp-block-heading\">Medidas apresentadas t\u00eam o objetivo de promover a cria\u00e7\u00e3o de empregos e garantir renda e alimento ao povo<\/h2>\n\n\n\n<figure class=\"wp-block-image\"><img data-recalc-dims=\"1\" decoding=\"async\" src=\"https:\/\/i0.wp.com\/images01.brasildefato.com.br\/ce36e7ed14b9c0a0d90f1df1488186b9.jpeg?w=600&#038;ssl=1\" alt=\"\"\/><\/figure>\n\n\n\n<p>Reda\u00e7\u00e3o Brasil de Fato &#8211; O Movimento dos Trabalhadores Rurais Sem Terra (MST) lan\u00e7a nesta\u00a0sexta-feira (5) o Plano Emergencial de Reforma Agr\u00e1ria Popular, que leva\u00a0em conta as consequ\u00eancias causadas pela\u00a0<a rel=\"noreferrer noopener\" href=\"https:\/\/www.brasildefato.com.br\/minuto-a-minuto\/coronavirus-no-brasil\" target=\"_blank\">pandemia do novo\u00a0coronav\u00edrus<\/a>.<\/p>\n\n\n\n<!--more-->\n\n\n\n<p>\u00c0s 10h, as redes sociais do movimento transmitem o lan\u00e7amento, sob o comando de dirigentes e com&nbsp;a participa\u00e7\u00e3o de artistas, cientistas e parlamentares.<\/p>\n\n\n\n<p>Segundo o MST, as medidas apresentadas t\u00eam o objetivo de promover, rapidamente, a cria\u00e7\u00e3o de empregos, produzir alimentos para o povo e garantir renda e condi\u00e7\u00f5es para que fam\u00edlias vivam dignamente.<\/p>\n\n\n\n<p>Acompanhe ao vivo:<\/p>\n\n\n\n<p><br><\/p>\n\n\n\n<figure class=\"wp-block-embed-youtube wp-block-embed is-type-video is-provider-youtube wp-embed-aspect-16-9 wp-has-aspect-ratio\"><div class=\"wp-block-embed__wrapper\">\n<div class=\"jetpack-video-wrapper\"><iframe loading=\"lazy\" title=\"#AOVIVO \u270a\ud83c\udffe\ud83d\udea9 LAN\u00c7AMENTO DO PLANO EMERGENCIAL DE REFORMA AGR\u00c1RIA POPULAR\" width=\"600\" height=\"338\" src=\"https:\/\/www.youtube.com\/embed\/6_R5Ed4vLu0?feature=oembed\" frameborder=\"0\" allow=\"accelerometer; autoplay; clipboard-write; encrypted-media; gyroscope; picture-in-picture; web-share\" referrerpolicy=\"strict-origin-when-cross-origin\" allowfullscreen><\/iframe><\/div>\n<\/div><\/figure>\n\n\n\n<p><\/p>\n","protected":false},"excerpt":{"rendered":"<p>Medidas apresentadas t\u00eam o objetivo de promover a cria\u00e7\u00e3o de empregos e garantir renda e alimento ao povo Reda\u00e7\u00e3o Brasil de Fato &#8211; O Movimento dos Trabalhadores Rurais Sem Terra (MST) lan\u00e7a nesta\u00a0sexta-feira (5) o Plano Emergencial de Reforma Agr\u00e1ria Popular, que leva\u00a0em conta as consequ\u00eancias causadas pela\u00a0pandemia do novo\u00a0coronav\u00edrus.<\/p>\n","protected":false},"author":1,"featured_media":0,"comment_status":"closed","ping_status":"open","sticky":false,"template":"","format":"standard","meta":{"_exactmetrics_skip_tracking":false,"_exactmetrics_sitenote_active":false,"_exactmetrics_sitenote_note":"","_exactmetrics_sitenote_category":0,"jetpack_post_was_ever_published":false,"_jetpack_newsletter_access":"","_jetpack_dont_email_post_to_subs":false,"_jetpack_newsletter_tier_id":0,"_jetpack_memberships_contains_paywalled_content":false,"_jetpack_memberships_contains_paid_content":false,"footnotes":"","jetpack_publicize_message":"","jetpack_publicize_feature_enabled":true,"jetpack_social_post_already_shared":true,"jetpack_social_options":{"image_generator_settings":{"template":"highway","enabled":false},"version":2}},"categories":[1],"tags":[],"class_list":["post-28566","post","type-post","status-publish","format-standard","hentry","category-notas"],"jetpack_publicize_connections":[],"jetpack_sharing_enabled":true,"jetpack_featured_media_url":"","jetpack_shortlink":"https:\/\/wp.me\/p7wKYW-7qK","jetpack-related-posts":[],"_links":{"self":[{"href":"http:\/\/blogdalucianaoliveira.com.br\/blog\/wp-json\/wp\/v2\/posts\/28566","targetHints":{"allow":["GET"]}}],"collection":[{"href":"http:\/\/blogdalucianaoliveira.com.br\/blog\/wp-json\/wp\/v2\/posts"}],"about":[{"href":"http:\/\/blogdalucianaoliveira.com.br\/blog\/wp-json\/wp\/v2\/types\/post"}],"author":[{"embeddable":true,"href":"http:\/\/blogdalucianaoliveira.com.br\/blog\/wp-json\/wp\/v2\/users\/1"}],"replies":[{"embeddable":true,"href":"http:\/\/blogdalucianaoliveira.com.br\/blog\/wp-json\/wp\/v2\/comments?post=28566"}],"version-history":[{"count":1,"href":"http:\/\/blogdalucianaoliveira.com.br\/blog\/wp-json\/wp\/v2\/posts\/28566\/revisions"}],"predecessor-version":[{"id":28567,"href":"http:\/\/blogdalucianaoliveira.com.br\/blog\/wp-json\/wp\/v2\/posts\/28566\/revisions\/28567"}],"wp:attachment":[{"href":"http:\/\/blogdalucianaoliveira.com.br\/blog\/wp-json\/wp\/v2\/media?parent=28566"}],"wp:term":[{"taxonomy":"category","embeddable":true,"href":"http:\/\/blogdalucianaoliveira.com.br\/blog\/wp-json\/wp\/v2\/categories?post=28566"},{"taxonomy":"post_tag","embeddable":true,"href":"http:\/\/blogdalucianaoliveira.com.br\/blog\/wp-json\/wp\/v2\/tags?post=28566"}],"curies":[{"name":"wp","href":"https:\/\/api.w.org\/{rel}","templated":true}]}}