{"id":28569,"date":"2020-06-05T11:41:04","date_gmt":"2020-06-05T15:41:04","guid":{"rendered":"http:\/\/blogdalucianaoliveira.com.br\/blog\/?p=28569"},"modified":"2020-06-05T11:41:12","modified_gmt":"2020-06-05T15:41:12","slug":"chegou-a-horadanatureza-e-a-biodiversidade-esta-em-foco-neste-dia-mundial-do-meio-ambiente","status":"publish","type":"post","link":"http:\/\/blogdalucianaoliveira.com.br\/blog\/2020\/06\/05\/chegou-a-horadanatureza-e-a-biodiversidade-esta-em-foco-neste-dia-mundial-do-meio-ambiente\/","title":{"rendered":"Chegou a #HoraDaNatureza e a biodiversidade est\u00e1 em foco neste Dia Mundial do Meio Ambiente"},"content":{"rendered":"\n<figure class=\"wp-block-image size-large\"><img data-recalc-dims=\"1\" loading=\"lazy\" decoding=\"async\" width=\"600\" height=\"898\" data-attachment-id=\"28570\" data-permalink=\"http:\/\/blogdalucianaoliveira.com.br\/blog\/2020\/06\/05\/chegou-a-horadanatureza-e-a-biodiversidade-esta-em-foco-neste-dia-mundial-do-meio-ambiente\/image-9-8\/\" data-orig-file=\"https:\/\/i0.wp.com\/blogdalucianaoliveira.com.br\/blog\/wp-content\/uploads\/2020\/06\/image-9.jpeg?fit=684%2C1024\" data-orig-size=\"684,1024\" data-comments-opened=\"0\" data-image-meta=\"{&quot;aperture&quot;:&quot;0&quot;,&quot;credit&quot;:&quot;&quot;,&quot;camera&quot;:&quot;&quot;,&quot;caption&quot;:&quot;&quot;,&quot;created_timestamp&quot;:&quot;0&quot;,&quot;copyright&quot;:&quot;&quot;,&quot;focal_length&quot;:&quot;0&quot;,&quot;iso&quot;:&quot;0&quot;,&quot;shutter_speed&quot;:&quot;0&quot;,&quot;title&quot;:&quot;&quot;,&quot;orientation&quot;:&quot;0&quot;}\" data-image-title=\"image-9\" data-image-description=\"\" data-image-caption=\"\" data-medium-file=\"https:\/\/i0.wp.com\/blogdalucianaoliveira.com.br\/blog\/wp-content\/uploads\/2020\/06\/image-9.jpeg?fit=200%2C300\" data-large-file=\"https:\/\/i0.wp.com\/blogdalucianaoliveira.com.br\/blog\/wp-content\/uploads\/2020\/06\/image-9.jpeg?fit=600%2C898\" src=\"https:\/\/i0.wp.com\/blogdalucianaoliveira.com.br\/blog\/wp-content\/uploads\/2020\/06\/image-9.jpeg?resize=600%2C898\" alt=\"\" class=\"wp-image-28570\" srcset=\"https:\/\/i0.wp.com\/blogdalucianaoliveira.com.br\/blog\/wp-content\/uploads\/2020\/06\/image-9.jpeg?w=684 684w, https:\/\/i0.wp.com\/blogdalucianaoliveira.com.br\/blog\/wp-content\/uploads\/2020\/06\/image-9.jpeg?resize=200%2C300 200w\" sizes=\"auto, (max-width: 600px) 100vw, 600px\" \/><\/figure>\n\n\n\n<p>ONU &#8211; O\u00a0<a href=\"https:\/\/www.worldenvironmentday.global\/pt-br\">Dia Mundial do Meio Ambiente<\/a>, 5 de junho, \u00e9 a principal data das Na\u00e7\u00f5es Unidas para promover a\u00e7\u00f5es ambientais e sensibilizar a comunidade global sobre a necessidade de proteger o planeta. Criada em 1974, a data cresceu e se tornou uma plataforma global para a divulga\u00e7\u00e3o de a\u00e7\u00f5es p\u00fablicas pelo meio ambiente em mais de 100 pa\u00edses.<\/p>\n\n\n\n<!--more-->\n\n\n\n<p>Neste ano, a Col\u00f4mbia sediar\u00e1 o Dia Mundial do Meio Ambiente com eventos online e ao vivo transmitidos de Bogot\u00e1. Al\u00e9m disso, ser\u00e3o realizados outros eventos e celebra\u00e7\u00f5es online pelo mundo.<\/p>\n\n\n\n<p><strong>Biodiversidade<\/strong><\/p>\n\n\n\n<p>O tema do Dia Mundial do Meio Ambiente 2020 \u00e9 biodiversidade. A campanha #HoraDaNatureza \u00e9 um apelo \u00e0 a\u00e7\u00e3o global para combater a crescente perda de esp\u00e9cies e a degrada\u00e7\u00e3o ambiental, al\u00e9m de chamar a aten\u00e7\u00e3o para a rela\u00e7\u00e3o entre a sa\u00fade humana e a sa\u00fade do planeta.<\/p>\n\n\n\n<p>Com demandas crescentes, os seres humanos est\u00e3o sobrecarregando a natureza. Nos \u00faltimos 50 anos, a popula\u00e7\u00e3o mundial&nbsp;<a href=\"https:\/\/www.nature.com\/articles\/ncomms12558\">dobrou<\/a>, a&nbsp;<a href=\"https:\/\/ipbes.net\/sites\/default\/files\/2020-02\/ipbes_global_assessment_report_summary_for_policymakers_en.pdf\">economia global quase quadruplicou e o com\u00e9rcio cresceu quase dez vezes<\/a>.<\/p>\n\n\n\n<p>A crise da COVID-19 evidenciou que, ao destruir a biodiversidade, se destr\u00f3i o pr\u00f3prio sistema que sustenta a vida humana. Ao perturbar o delicado equil\u00edbrio da natureza, s\u00e3o criadas as condi\u00e7\u00f5es ideais para a propaga\u00e7\u00e3o de pat\u00f3genos \u2013 incluindo os diferentes tipos de coronav\u00edrus.<\/p>\n\n\n\n<p>O Programa das Na\u00e7\u00f5es Unidas para o Meio Ambiente (PNUMA) \u00e9 solid\u00e1rio com as bilh\u00f5es de pessoas em todo o mundo que est\u00e3o sofrendo com o impacto da pandemia global da COVID-19. Agora, a prioridade \u00e9 limitar sua propaga\u00e7\u00e3o e proteger as pessoas.<\/p>\n\n\n\n<p>\u00c0 medida que os pa\u00edses reabrirem as fronteiras e os governos aprovarem pacotes de est\u00edmulo para a cria\u00e7\u00e3o de empregos, a redu\u00e7\u00e3o da pobreza, o desenvolvimento e o crescimento econ\u00f4mico, ser\u00e1 necess\u00e1ria uma melhor reconstru\u00e7\u00e3o.<\/p>\n\n\n\n<p>Para isso, \u00e9 preciso aproveitar oportunidades de investimentos sustent\u00e1veis, como energia renov\u00e1vel, constru\u00e7\u00f5es inteligentes, contratos p\u00fablicos ecol\u00f3gicos e transporte p\u00fablico \u2013 guiados pelos princ\u00edpios e padr\u00f5es de produ\u00e7\u00e3o e consumo sustent\u00e1veis.<\/p>\n\n\n\n<p>Pol\u00edticas p\u00fablicas mal coordenadas podem piorar a situa\u00e7\u00e3o de desigualdade e insustentabilidade em que vivemos e reverter as conquistas alcan\u00e7adas no desenvolvimento e na redu\u00e7\u00e3o da pobreza.<\/p>\n\n\n\n<p>Ao mudar radicalmente o relacionamento com a natureza, \u00e9 poss\u00edvel evitar futuras pandemias e buscar um planeta mais saud\u00e1vel e sustent\u00e1vel que funcione para todas e todos.<\/p>\n\n\n\n<p><strong>Fique atento aos eventos transmitidos no site e nas redes sociais do PNUMA<\/strong>&nbsp;(<a href=\"https:\/\/www.worldenvironmentday.global\/pt-br\/ultimas-noticias\/blog\">https:\/\/www.worldenvironmentday.global\/pt-br\/ultimas-noticias\/blog<\/a>):<\/p>\n\n\n\n<p><strong>No Brasil,<\/strong>&nbsp;a Representante do PNUMA, Denise Ham\u00fa, participar\u00e1 da mesa \u201cQual ser\u00e1 o mundo p\u00f3s COVID-19\u201d, \u00e0s 12 horas, juntamente com Ailton Krenak e Christiane Torloni, sob a modera\u00e7\u00e3o de Sergio Besserman.<\/p>\n\n\n\n<p>A conversa \u00e9 parte da Mega Live do Green Nation, que ter\u00e1 seis horas de dura\u00e7\u00e3o. No final da tarde, \u00e0s 17h, o cantor e ativista ambiental Lenine tocar\u00e1 os cl\u00e1ssicos de sua carreira, intercalando m\u00fasicas e conversas com o curador do Museu do Amanh\u00e3, Luiz Alberto Oliveira. Na pauta: reflex\u00f5es, hist\u00f3rias e inspira\u00e7\u00e3o. A transmiss\u00e3o ser\u00e1 pelo You Tube do PNUMA e do Museu do Amanh\u00e3.<\/p>\n\n\n\n<p><strong>Veja outras atividades do PNUMA e parceiros ao longo do dia:<\/strong><\/p>\n\n\n\n<p>10h: Mega Live Green Nation \u2013&nbsp;<a href=\"http:\/\/facebook.com\/greennationbrasil\">facebook.com\/greennationbrasil<\/a>&nbsp;;&nbsp;<a href=\"http:\/\/youtube.com\/GreenNationFest\">youtube.com\/GreenNationFest<\/a><\/p>\n\n\n\n<p>17h: Papo Musical com Lenine \u2013&nbsp;<a href=\"http:\/\/youtube.com\/PNUMABrasil\">youtube.com\/PNUMABrasil<\/a>&nbsp;e&nbsp;<a href=\"http:\/\/youtube.com\/museudoamanha\">youtube.com\/museudoamanha<\/a><\/p>\n\n\n\n<p>17h*: Di\u00e1logos sobre Educa\u00e7\u00e3o para Desenvolvimento Sustent\u00e1vel, com Funda\u00e7\u00e3o Amazonas Sustent\u00e1vel (Google meet)<\/p>\n\n\n\n<p>17h: Biodiversidade marinha e os lixos nos mares \u2013 Zoom e YouTube do Instituto Lixo Zero<\/p>\n\n\n\n<p>17:30h Reflex\u00f5es sobre consumo e natureza \u2013 Instagram do Instituto Alana @institutoalana<\/p>\n\n\n\n<p>18h: Troca de ideias com jovens do Engajamundo \u2013 No zoom<\/p>\n\n\n\n<p>19h: Compostagem com libras \u2013 Nas plataformas zoom e YouTube do Instituto Lixo Zero<\/p>\n\n\n\n<p>20h: Webinar sobre Conserva\u00e7\u00e3o e Biodiversidade \u2013 No Youtube e Facebook da SOS Pantanal.<\/p>\n\n\n\n<p>*Hor\u00e1rio de Bras\u00edlia<\/p>\n\n\n\n<p><strong>Em termos globais,<\/strong>&nbsp;a partir das 7h30, fuso hor\u00e1rio local (GMT-5), alguns convidados e convidadas participar\u00e3o de conversas ao vivo para iniciar os eventos organizados pela Col\u00f4mbia:<\/p>\n\n\n\n<ul class=\"wp-block-list\"><li>Presidente da Rep\u00fablica da Col\u00f4mbia, Iv\u00e1n Duque M\u00e1rquez;<\/li><li>Ministro do Meio Ambiente e Desenvolvimento Sustent\u00e1vel da Col\u00f4mbia, Ricardo Lozano;<\/li><li>Diretora-Executiva do PNUMA, Inger Andersen;<\/li><li>Presidente do Banco Interamericano de Desenvolvimento, Luis Alberto Moreno;<\/li><li>Fundador e Presidente do F\u00f3rum Econ\u00f4mico Mundial, Klaus Schwab;<\/li><li>Ex-Secret\u00e1ria Executiva do Conven\u00e7\u00e3o-Quadro das Na\u00e7\u00f5es Unidas sobre a Mudan\u00e7a do Clima, Christiana Figueres; e<\/li><li>Presidente e CEO do<em>World Resources Institute<\/em>, Andrew Steer.<\/li><\/ul>\n\n\n\n<p>Al\u00e9m disso, haver\u00e1 a participa\u00e7\u00e3o de outros convidados e convidadas especiais e a transmiss\u00e3o de uma mensagem do Secret\u00e1rio Geral das Na\u00e7\u00f5es Unidas, Ant\u00f3nio Guterres.<\/p>\n\n\n\n<p>A partir das 9h, ser\u00e3o exibidos v\u00e1rios pain\u00e9is sobre temas como:<\/p>\n\n\n\n<ul class=\"wp-block-list\"><li>Conserva\u00e7\u00e3o da Amaz\u00f4nia;<\/li><li>Uso sustent\u00e1vel da biodiversidade, neg\u00f3cios verdes e a pandemia do COVID-19;<\/li><li>Sa\u00fade e qualidade do ar;<\/li><li>Mudan\u00e7as do clima;<\/li><li>Cidades; e<\/li><li>Economia circular.<\/li><\/ul>\n\n\n\n<p>Dentre os participantes dos pain\u00e9is, est\u00e3o previstos palestrantes do&nbsp;<a href=\"https:\/\/www.c40.org\/\">Grupo de Lideran\u00e7a Clim\u00e1tica das Grandes Cidades C40<\/a>, da&nbsp;<a href=\"https:\/\/ccacoalition.org\/en\">Coaliz\u00e3o Clima e Ar Limpo<\/a>, da&nbsp;<a href=\"https:\/\/www.conservation.org\/brasil\"><em>Conservation International<\/em><\/a>, da&nbsp;<a href=\"https:\/\/www.ellenmacarthurfoundation.org\/pt\/economia-circular\/conceito\">Funda\u00e7\u00e3o Ellen MacArthur<\/a>, da&nbsp;<a href=\"https:\/\/europa.eu\/european-union\/index_pt\">Uni\u00e3o Europeia<\/a>, da&nbsp;<a href=\"https:\/\/ipbes.net\/\">Plataforma Intergovernamental sobre Biodiversidade e Servi\u00e7os Ecossist\u00eamicos (IPBES)<\/a>, do&nbsp;<a href=\"https:\/\/www.worldwildlife.org\/\">Fundo Mundial para a Vida Selvagem (WWF)<\/a>, da&nbsp;<a href=\"https:\/\/www.paho.org\/pt\">Organiza\u00e7\u00e3o Pan-Americana da Sa\u00fade<\/a>, do&nbsp;<a href=\"https:\/\/www.cbd.int\/convention\/\">Secretariado da Conven\u00e7\u00e3o sobre Biodiversidade<\/a>, do&nbsp;<a href=\"https:\/\/www.unenvironment.org\/pt-br\">PNUMA<\/a>, da&nbsp;<a href=\"https:\/\/unfccc.int\/\">Conven\u00e7\u00e3o-Quadro das Na\u00e7\u00f5es Unidas sobre Mudan\u00e7a do Clima<\/a>&nbsp;e muito mais.<\/p>\n\n\n\n<p><\/p>\n","protected":false},"excerpt":{"rendered":"<p>ONU &#8211; O\u00a0Dia Mundial do Meio Ambiente, 5 de junho, \u00e9 a principal data das Na\u00e7\u00f5es Unidas para promover a\u00e7\u00f5es ambientais e sensibilizar a comunidade global sobre a necessidade de proteger o planeta. Criada em 1974, a data cresceu e se tornou uma plataforma global para a divulga\u00e7\u00e3o de a\u00e7\u00f5es p\u00fablicas pelo meio ambiente em&#8230;<a class=\"more-link\" href=\"http:\/\/blogdalucianaoliveira.com.br\/blog\/2020\/06\/05\/chegou-a-horadanatureza-e-a-biodiversidade-esta-em-foco-neste-dia-mundial-do-meio-ambiente\/\">Continue a leitura <span class=\"meta-nav\">&raquo;<\/span><\/a><\/p>\n","protected":false},"author":1,"featured_media":0,"comment_status":"closed","ping_status":"open","sticky":false,"template":"","format":"standard","meta":{"_exactmetrics_skip_tracking":false,"_exactmetrics_sitenote_active":false,"_exactmetrics_sitenote_note":"","_exactmetrics_sitenote_category":0,"jetpack_post_was_ever_published":false,"_jetpack_newsletter_access":"","_jetpack_dont_email_post_to_subs":false,"_jetpack_newsletter_tier_id":0,"_jetpack_memberships_contains_paywalled_content":false,"_jetpack_memberships_contains_paid_content":false,"footnotes":"","jetpack_publicize_message":"","jetpack_publicize_feature_enabled":true,"jetpack_social_post_already_shared":true,"jetpack_social_options":{"image_generator_settings":{"template":"highway","enabled":false},"version":2}},"categories":[1],"tags":[],"class_list":["post-28569","post","type-post","status-publish","format-standard","hentry","category-notas"],"jetpack_publicize_connections":[],"jetpack_sharing_enabled":true,"jetpack_featured_media_url":"","jetpack_shortlink":"https:\/\/wp.me\/p7wKYW-7qN","jetpack-related-posts":[],"_links":{"self":[{"href":"http:\/\/blogdalucianaoliveira.com.br\/blog\/wp-json\/wp\/v2\/posts\/28569","targetHints":{"allow":["GET"]}}],"collection":[{"href":"http:\/\/blogdalucianaoliveira.com.br\/blog\/wp-json\/wp\/v2\/posts"}],"about":[{"href":"http:\/\/blogdalucianaoliveira.com.br\/blog\/wp-json\/wp\/v2\/types\/post"}],"author":[{"embeddable":true,"href":"http:\/\/blogdalucianaoliveira.com.br\/blog\/wp-json\/wp\/v2\/users\/1"}],"replies":[{"embeddable":true,"href":"http:\/\/blogdalucianaoliveira.com.br\/blog\/wp-json\/wp\/v2\/comments?post=28569"}],"version-history":[{"count":1,"href":"http:\/\/blogdalucianaoliveira.com.br\/blog\/wp-json\/wp\/v2\/posts\/28569\/revisions"}],"predecessor-version":[{"id":28571,"href":"http:\/\/blogdalucianaoliveira.com.br\/blog\/wp-json\/wp\/v2\/posts\/28569\/revisions\/28571"}],"wp:attachment":[{"href":"http:\/\/blogdalucianaoliveira.com.br\/blog\/wp-json\/wp\/v2\/media?parent=28569"}],"wp:term":[{"taxonomy":"category","embeddable":true,"href":"http:\/\/blogdalucianaoliveira.com.br\/blog\/wp-json\/wp\/v2\/categories?post=28569"},{"taxonomy":"post_tag","embeddable":true,"href":"http:\/\/blogdalucianaoliveira.com.br\/blog\/wp-json\/wp\/v2\/tags?post=28569"}],"curies":[{"name":"wp","href":"https:\/\/api.w.org\/{rel}","templated":true}]}}