{"id":28572,"date":"2020-06-05T12:05:01","date_gmt":"2020-06-05T16:05:01","guid":{"rendered":"http:\/\/blogdalucianaoliveira.com.br\/blog\/?p=28572"},"modified":"2020-06-05T12:05:04","modified_gmt":"2020-06-05T16:05:04","slug":"coronavirus-mata-mais-de-uma-pessoa-por-minuto-no-brasil","status":"publish","type":"post","link":"http:\/\/blogdalucianaoliveira.com.br\/blog\/2020\/06\/05\/coronavirus-mata-mais-de-uma-pessoa-por-minuto-no-brasil\/","title":{"rendered":"Coronav\u00edrus mata mais de uma pessoa por minuto no Brasil"},"content":{"rendered":"\n<figure class=\"wp-block-image size-large\"><img data-recalc-dims=\"1\" loading=\"lazy\" decoding=\"async\" width=\"600\" height=\"337\" data-attachment-id=\"28577\" data-permalink=\"http:\/\/blogdalucianaoliveira.com.br\/blog\/2020\/06\/05\/coronavirus-mata-mais-de-uma-pessoa-por-minuto-no-brasil\/image-10-9\/\" data-orig-file=\"https:\/\/i0.wp.com\/blogdalucianaoliveira.com.br\/blog\/wp-content\/uploads\/2020\/06\/image-10.jpeg?fit=739%2C415\" data-orig-size=\"739,415\" data-comments-opened=\"0\" data-image-meta=\"{&quot;aperture&quot;:&quot;0&quot;,&quot;credit&quot;:&quot;&quot;,&quot;camera&quot;:&quot;&quot;,&quot;caption&quot;:&quot;&quot;,&quot;created_timestamp&quot;:&quot;0&quot;,&quot;copyright&quot;:&quot;&quot;,&quot;focal_length&quot;:&quot;0&quot;,&quot;iso&quot;:&quot;0&quot;,&quot;shutter_speed&quot;:&quot;0&quot;,&quot;title&quot;:&quot;&quot;,&quot;orientation&quot;:&quot;0&quot;}\" data-image-title=\"image-10\" data-image-description=\"\" data-image-caption=\"\" data-medium-file=\"https:\/\/i0.wp.com\/blogdalucianaoliveira.com.br\/blog\/wp-content\/uploads\/2020\/06\/image-10.jpeg?fit=300%2C168\" data-large-file=\"https:\/\/i0.wp.com\/blogdalucianaoliveira.com.br\/blog\/wp-content\/uploads\/2020\/06\/image-10.jpeg?fit=600%2C337\" src=\"https:\/\/i0.wp.com\/blogdalucianaoliveira.com.br\/blog\/wp-content\/uploads\/2020\/06\/image-10.jpeg?resize=600%2C337\" alt=\"\" class=\"wp-image-28577\" srcset=\"https:\/\/i0.wp.com\/blogdalucianaoliveira.com.br\/blog\/wp-content\/uploads\/2020\/06\/image-10.jpeg?w=739 739w, https:\/\/i0.wp.com\/blogdalucianaoliveira.com.br\/blog\/wp-content\/uploads\/2020\/06\/image-10.jpeg?resize=300%2C168 300w, https:\/\/i0.wp.com\/blogdalucianaoliveira.com.br\/blog\/wp-content\/uploads\/2020\/06\/image-10.jpeg?resize=534%2C300 534w\" sizes=\"auto, (max-width: 600px) 100vw, 600px\" \/><\/figure>\n\n\n\n<p>Com 1.473 mortes registradas em 24 h, pa\u00eds passa It\u00e1lia e supera 34 mil \u00f3bitos.<\/p>\n\n\n\n<!--more-->\n\n\n\n<p>Na FSP<\/p>\n\n\n\n<p>Exatos cem dias apos ter sido diagnosticada pela primeira vez no Brasil, a doen\u00e7a primeiro chamada de &#8220;gripezinha&#8221; j\u00e1 mata mais de um brasileiro a cada minuto no pa\u00eds.<\/p>\n\n\n\n<p>Com um salto de 1.473 \u00f3bitos por Covid-19 registrados no pa\u00eds nas \u00faltimas 24 horas, o Brasil cruzou a marca de 34 mil mortes em decorr\u00eancia do novo coronav\u00edrus e superou a&nbsp;<a href=\"https:\/\/www1.folha.uol.com.br\/equilibrioesaude\/2020\/03\/europa-e-agora-o-centro-da-pandemia-de-coronavirus-diz-oms.shtml\">It\u00e1lia, pa\u00eds que simbolizou primeiro a trag\u00e9dia da pandemia<\/a>, tornando-se nesta quinta-feira (4) o terceiro no ranking de \u00f3bitos resultantes da doen\u00e7a no mundo.<\/p>\n\n\n\n<p>Neste momento, apenas os\u00a0<a href=\"https:\/\/www1.folha.uol.com.br\/equilibrioesaude\/2020\/05\/mortes-pelo-novo-coronavirus-passam-de-100-mil-nos-eua.shtml\">Estados Unidos, com 107 mil mortes<\/a>, e o\u00a0<a href=\"https:\/\/www1.folha.uol.com.br\/equilibrioesaude\/2020\/04\/reino-unido-inclui-asilos-e-e-o-3o-com-maior-numero-de-mortes-no-mundo.shtml\">Reino Unido, com quase 40 mil,<\/a>\u00a0est\u00e3o \u00e0 frente.<\/p>\n\n\n\n<p>Foram 30.925 novos casos de coronav\u00edrus registrados apenas nas \u00faltimas 24 horas, informou o Minist\u00e9rio da Sa\u00fade com um atraso de mais de tr\u00eas horas em rela\u00e7\u00e3o ao hor\u00e1rio programado. Ao todo, s\u00e3o 34.021 mortes e 614.941 casos confirmados no pa\u00eds at\u00e9 agora, com outras 4.159 mortes em investiga\u00e7\u00e3o.<\/p>\n\n\n\n<p>O numero pode ser maior, sobretudo nos casos, j\u00e1 que o&nbsp;<a href=\"https:\/\/www1.folha.uol.com.br\/equilibrioesaude\/2020\/04\/paises-sul-americanos-fazem-mais-testes-de-coronavirus-que-sp-brasil-nem-sabe-seus-numeros.shtml\">pa\u00eds \u00e9 um dos que tem os menores \u00edndices de testagem do mundo<\/a>, limitando os exames no sistema p\u00fablico a casos graves e profissionais da sa\u00fade e da seguran\u00e7a.<\/p>\n\n\n\n<figure class=\"wp-block-image size-large\"><img loading=\"lazy\" decoding=\"async\" width=\"828\" height=\"1278\" data-attachment-id=\"28573\" data-permalink=\"http:\/\/blogdalucianaoliveira.com.br\/blog\/2020\/06\/05\/coronavirus-mata-mais-de-uma-pessoa-por-minuto-no-brasil\/49cff7ca-8a90-4473-b4da-66f8105bdaa2\/\" data-orig-file=\"https:\/\/i0.wp.com\/blogdalucianaoliveira.com.br\/blog\/wp-content\/uploads\/2020\/06\/49CFF7CA-8A90-4473-B4DA-66F8105BDAA2.jpeg?fit=828%2C1278\" data-orig-size=\"828,1278\" data-comments-opened=\"0\" data-image-meta=\"{&quot;aperture&quot;:&quot;0&quot;,&quot;credit&quot;:&quot;&quot;,&quot;camera&quot;:&quot;&quot;,&quot;caption&quot;:&quot;&quot;,&quot;created_timestamp&quot;:&quot;0&quot;,&quot;copyright&quot;:&quot;&quot;,&quot;focal_length&quot;:&quot;0&quot;,&quot;iso&quot;:&quot;0&quot;,&quot;shutter_speed&quot;:&quot;0&quot;,&quot;title&quot;:&quot;&quot;,&quot;orientation&quot;:&quot;1&quot;}\" data-image-title=\"49CFF7CA-8A90-4473-B4DA-66F8105BDAA2\" data-image-description=\"\" data-image-caption=\"\" data-medium-file=\"https:\/\/i0.wp.com\/blogdalucianaoliveira.com.br\/blog\/wp-content\/uploads\/2020\/06\/49CFF7CA-8A90-4473-B4DA-66F8105BDAA2.jpeg?fit=194%2C300\" data-large-file=\"https:\/\/i0.wp.com\/blogdalucianaoliveira.com.br\/blog\/wp-content\/uploads\/2020\/06\/49CFF7CA-8A90-4473-B4DA-66F8105BDAA2.jpeg?fit=600%2C927\" src=\"https:\/\/i0.wp.com\/blogdalucianaoliveira.com.br\/blog\/wp-content\/uploads\/2020\/06\/49CFF7CA-8A90-4473-B4DA-66F8105BDAA2.jpeg?fit=600%2C927\" alt=\"\" class=\"wp-image-28573\" srcset=\"https:\/\/i0.wp.com\/blogdalucianaoliveira.com.br\/blog\/wp-content\/uploads\/2020\/06\/49CFF7CA-8A90-4473-B4DA-66F8105BDAA2.jpeg?w=828 828w, https:\/\/i0.wp.com\/blogdalucianaoliveira.com.br\/blog\/wp-content\/uploads\/2020\/06\/49CFF7CA-8A90-4473-B4DA-66F8105BDAA2.jpeg?resize=194%2C300 194w, https:\/\/i0.wp.com\/blogdalucianaoliveira.com.br\/blog\/wp-content\/uploads\/2020\/06\/49CFF7CA-8A90-4473-B4DA-66F8105BDAA2.jpeg?resize=663%2C1024 663w, https:\/\/i0.wp.com\/blogdalucianaoliveira.com.br\/blog\/wp-content\/uploads\/2020\/06\/49CFF7CA-8A90-4473-B4DA-66F8105BDAA2.jpeg?resize=768%2C1185 768w\" sizes=\"auto, (max-width: 600px) 100vw, 600px\" \/><\/figure>\n\n\n\n<p>Esta quinta foi o segundo dia seguido com recorde no n\u00famero de mortes. Na quarta-feira (3), foram registradas 1.349 \u00f3bitos em um per\u00edodo de 24 horas.<\/p>\n\n\n\n<p>Nas \u00faltimas semana, o Brasil, que registrou seu primeiro diagn\u00f3stico em 25 de fevereiro e a primeira morte decorrente da doen\u00e7a em 16 de mar\u00e7o, foi superando um a um os pa\u00edses que marcaram a emerg\u00eancia da crise, inclusive Espanha e Fran\u00e7a, e caminha para superar tamb\u00e9m o Reino Unido.<\/p>\n\n\n\n<p>Diferentemente dos demais pa\u00edses com grande numero de casos, por\u00e9m, o&nbsp;<a href=\"https:\/\/www1.folha.uol.com.br\/equilibrioesaude\/2020\/06\/brasil-ainda-nao-chegou-ao-pior-da-pandemia-diz-oms.shtml\">Brasil ainda n\u00e3o come\u00e7ou a achatar a curva de dissemina\u00e7\u00e3o da doen\u00e7a<\/a>. Ou seja, o pico de casos, quando eles chegam a seu auge para ent\u00e3o come\u00e7ar a regredir, n\u00e3o foi atingido, indicando que a situa\u00e7\u00e3o vai piorar nas pr\u00f3ximas semanas.<\/p>\n\n\n\n<figure class=\"wp-block-image\"><img data-recalc-dims=\"1\" decoding=\"async\" src=\"https:\/\/i0.wp.com\/f.i.uol.com.br\/fotografia\/2020\/06\/04\/15913046635ed961d78b973_1591304663_3x2_md.jpg?w=600&#038;ssl=1\" alt=\"Enterro de Jos\u00e9 Soares, 48, morto por Covid-19, no Cemit\u00e9rio S\u00e3o Luiz, em S\u00e3o Paulo, nesta quinta (4)\"\/><figcaption>Enterro de Jos\u00e9 Soares, 48, morto por Covid-19, no Cemit\u00e9rio S\u00e3o Luiz, em S\u00e3o Paulo, nesta quinta (4) &#8211;&nbsp;Amanda Perobelli\/Reuters<\/figcaption><\/figure>\n\n\n\n<p>Esse salto ocorre em um momento em que<a href=\"https:\/\/www1.folha.uol.com.br\/cotidiano\/2020\/05\/cidades-do-interior-celebram-reabertura-gradual-da-economia.shtml\">governadores e prefeitos, pressionados pela queda abrupta na atividade econ\u00f4mica, come\u00e7am a afrouxar restri\u00e7\u00f5es<\/a>&nbsp;de isolamento social que vinham contendo parte do crescimento dos casos. Coincide tamb\u00e9m com a dissemina\u00e7\u00e3o do discurso do presidente Jair Bolsonaro (sem partido) de que a paralisa\u00e7\u00e3o da atividade econ\u00f4mica traria consequ\u00eancias mais graves do que a pandemia em si, apesar dos repetidos alertas de m\u00e9dicos e cientistas para os riscos.<\/p>\n\n\n\n<p>A quarentena tem sido recomendada como um meio de os estados prepararem melhor seus sistemas hospitalares para receber os doentes de Covid-19. Nesta semana, segundo levantamento feito pela&nbsp;<strong>Folha<\/strong>, ao menos&nbsp;<a href=\"https:\/\/www1.folha.uol.com.br\/cotidiano\/2020\/06\/cinco-estados-tem-mais-90-dos-leitos-de-uti-ocupados.shtml\">cinco estados tinham mais de 90% de seus leitos de UTI para pacientes de coronav\u00edrus ocupados<\/a>, o que coloca novos doentes em risco de ficarem sem vagas.<\/p>\n\n\n\n<p>Assim como acontece desde o in\u00edcio da pandemia, o\u00a0<a href=\"https:\/\/www1.folha.uol.com.br\/equilibrioesaude\/2020\/06\/estado-de-sao-paulo-tem-mais-de-8200-mortes-por-covid-19.shtml\">estado de S\u00e3o Paulo concentra os casos confirmados da Covid-19<\/a>. S\u00e3o agora 8.560 \u00f3bitos e 129.200 pessoas infectadas pela doen\u00e7a. O Rio de Janeiro \u00e9 o segundo estado com maior n\u00famero de obitos: 6.327. Na sequ\u00eancia aparecem Cear\u00e1 (3.813), Par\u00e1 (3.416) e Pernambuco (3.134).<\/p>\n\n\n\n<p>O balan\u00e7o do Minist\u00e9rio da Sa\u00fade tamb\u00e9m indica que 254.963 pessoas se recuperaram da Covid-19, o que representa 41,5% do total de infectados. Os demais casos est\u00e3o em fase de acompanhamento da doen\u00e7a.<\/p>\n\n\n\n<p>Tamb\u00e9m nesta quinta-feira, gr\u00e1ficos apresentados pelo Minist\u00e9rio da Sa\u00fade com refer\u00eancias \u00e0s duas semanas anteriores \u00e0 atual mostram que nenhuma regi\u00e3o brasileira apresenta ind\u00edcios de estabiliza\u00e7\u00e3o, tanto na quantidade de novos casos como de \u00f3bitos.<\/p>\n\n\n\n<p>&#8220;Ao se comparar as semanas 21 e 22, a gente ainda percebe um aumento [na quantidade de casos e mortes] nessas semanas&#8221;, disse o secret\u00e1rio substituto de vigil\u00e2ncia em sa\u00fade do minist\u00e9rio, Eduardo Mac\u00e1rio.<\/p>\n\n\n\n<p>Por outro lado, alguns estados brasileiros mostram os primeiros sinais de estabiliza\u00e7\u00e3o e queda. O caso mais vis\u00edvel \u00e9&nbsp;<a href=\"https:\/\/www1.folha.uol.com.br\/equilibrioesaude\/2020\/05\/pernambuco-registra-em-tres-semanas-diminuicao-de-26-na-fila-por-vaga-de-uti.shtml\">Pernambuco, o quinto com maior n\u00famero de mortes<\/a>.<\/p>\n\n\n\n<p>Comparando-se a semana passada com a anterior, a curva de casos e \u00f3bitos \u00e9 decrescente, como na regi\u00e3o metropolitana do Recife. H\u00e1 ind\u00edcios tamb\u00e9m de estabiliza\u00e7\u00e3o nas regi\u00f5es metropolitanas de Manaus (AM) e Bel\u00e9m (PA).<\/p>\n\n\n\n<p>A reabertura das atividades em v\u00e1rios desses estados, porem, p\u00f5e a tend\u00eancia em risco, podendo alimentar nova onda de dissemina\u00e7\u00e3o do v\u00edrus.<\/p>\n\n\n\n<figure class=\"wp-block-image size-large\"><img loading=\"lazy\" decoding=\"async\" width=\"828\" height=\"1516\" data-attachment-id=\"28575\" data-permalink=\"http:\/\/blogdalucianaoliveira.com.br\/blog\/2020\/06\/05\/coronavirus-mata-mais-de-uma-pessoa-por-minuto-no-brasil\/4c058f2b-193d-41ef-8fa7-994d5d13ef94\/\" data-orig-file=\"https:\/\/i0.wp.com\/blogdalucianaoliveira.com.br\/blog\/wp-content\/uploads\/2020\/06\/4C058F2B-193D-41EF-8FA7-994D5D13EF94.jpeg?fit=828%2C1516\" data-orig-size=\"828,1516\" data-comments-opened=\"0\" data-image-meta=\"{&quot;aperture&quot;:&quot;0&quot;,&quot;credit&quot;:&quot;&quot;,&quot;camera&quot;:&quot;&quot;,&quot;caption&quot;:&quot;&quot;,&quot;created_timestamp&quot;:&quot;0&quot;,&quot;copyright&quot;:&quot;&quot;,&quot;focal_length&quot;:&quot;0&quot;,&quot;iso&quot;:&quot;0&quot;,&quot;shutter_speed&quot;:&quot;0&quot;,&quot;title&quot;:&quot;&quot;,&quot;orientation&quot;:&quot;0&quot;}\" data-image-title=\"4C058F2B-193D-41EF-8FA7-994D5D13EF94\" data-image-description=\"\" data-image-caption=\"\" data-medium-file=\"https:\/\/i0.wp.com\/blogdalucianaoliveira.com.br\/blog\/wp-content\/uploads\/2020\/06\/4C058F2B-193D-41EF-8FA7-994D5D13EF94.jpeg?fit=164%2C300\" data-large-file=\"https:\/\/i0.wp.com\/blogdalucianaoliveira.com.br\/blog\/wp-content\/uploads\/2020\/06\/4C058F2B-193D-41EF-8FA7-994D5D13EF94.jpeg?fit=559%2C1024\" src=\"https:\/\/i2.wp.com\/blogdalucianaoliveira.com.br\/blog\/wp-content\/uploads\/2020\/06\/4C058F2B-193D-41EF-8FA7-994D5D13EF94.jpeg?fit=559%2C1024\" alt=\"\" class=\"wp-image-28575\" srcset=\"https:\/\/i0.wp.com\/blogdalucianaoliveira.com.br\/blog\/wp-content\/uploads\/2020\/06\/4C058F2B-193D-41EF-8FA7-994D5D13EF94.jpeg?w=828 828w, https:\/\/i0.wp.com\/blogdalucianaoliveira.com.br\/blog\/wp-content\/uploads\/2020\/06\/4C058F2B-193D-41EF-8FA7-994D5D13EF94.jpeg?resize=164%2C300 164w, https:\/\/i0.wp.com\/blogdalucianaoliveira.com.br\/blog\/wp-content\/uploads\/2020\/06\/4C058F2B-193D-41EF-8FA7-994D5D13EF94.jpeg?resize=559%2C1024 559w, https:\/\/i0.wp.com\/blogdalucianaoliveira.com.br\/blog\/wp-content\/uploads\/2020\/06\/4C058F2B-193D-41EF-8FA7-994D5D13EF94.jpeg?resize=768%2C1406 768w\" sizes=\"auto, (max-width: 600px) 100vw, 600px\" \/><\/figure>\n\n\n\n<figure class=\"wp-block-image size-large\"><img loading=\"lazy\" decoding=\"async\" width=\"828\" height=\"1535\" data-attachment-id=\"28576\" data-permalink=\"http:\/\/blogdalucianaoliveira.com.br\/blog\/2020\/06\/05\/coronavirus-mata-mais-de-uma-pessoa-por-minuto-no-brasil\/1e25664f-a307-4500-a741-1c2273374673\/\" data-orig-file=\"https:\/\/i0.wp.com\/blogdalucianaoliveira.com.br\/blog\/wp-content\/uploads\/2020\/06\/1E25664F-A307-4500-A741-1C2273374673.jpeg?fit=828%2C1535\" data-orig-size=\"828,1535\" data-comments-opened=\"0\" data-image-meta=\"{&quot;aperture&quot;:&quot;0&quot;,&quot;credit&quot;:&quot;&quot;,&quot;camera&quot;:&quot;&quot;,&quot;caption&quot;:&quot;&quot;,&quot;created_timestamp&quot;:&quot;0&quot;,&quot;copyright&quot;:&quot;&quot;,&quot;focal_length&quot;:&quot;0&quot;,&quot;iso&quot;:&quot;0&quot;,&quot;shutter_speed&quot;:&quot;0&quot;,&quot;title&quot;:&quot;&quot;,&quot;orientation&quot;:&quot;0&quot;}\" data-image-title=\"1E25664F-A307-4500-A741-1C2273374673\" data-image-description=\"\" data-image-caption=\"\" data-medium-file=\"https:\/\/i0.wp.com\/blogdalucianaoliveira.com.br\/blog\/wp-content\/uploads\/2020\/06\/1E25664F-A307-4500-A741-1C2273374673.jpeg?fit=162%2C300\" data-large-file=\"https:\/\/i0.wp.com\/blogdalucianaoliveira.com.br\/blog\/wp-content\/uploads\/2020\/06\/1E25664F-A307-4500-A741-1C2273374673.jpeg?fit=552%2C1024\" src=\"https:\/\/i0.wp.com\/blogdalucianaoliveira.com.br\/blog\/wp-content\/uploads\/2020\/06\/1E25664F-A307-4500-A741-1C2273374673.jpeg?fit=552%2C1024\" alt=\"\" class=\"wp-image-28576\" srcset=\"https:\/\/i0.wp.com\/blogdalucianaoliveira.com.br\/blog\/wp-content\/uploads\/2020\/06\/1E25664F-A307-4500-A741-1C2273374673.jpeg?w=828 828w, https:\/\/i0.wp.com\/blogdalucianaoliveira.com.br\/blog\/wp-content\/uploads\/2020\/06\/1E25664F-A307-4500-A741-1C2273374673.jpeg?resize=162%2C300 162w, https:\/\/i0.wp.com\/blogdalucianaoliveira.com.br\/blog\/wp-content\/uploads\/2020\/06\/1E25664F-A307-4500-A741-1C2273374673.jpeg?resize=552%2C1024 552w, https:\/\/i0.wp.com\/blogdalucianaoliveira.com.br\/blog\/wp-content\/uploads\/2020\/06\/1E25664F-A307-4500-A741-1C2273374673.jpeg?resize=768%2C1424 768w\" sizes=\"auto, (max-width: 600px) 100vw, 600px\" \/><\/figure>\n","protected":false},"excerpt":{"rendered":"<p>Com 1.473 mortes registradas em 24 h, pa\u00eds passa It\u00e1lia e supera 34 mil \u00f3bitos.<\/p>\n","protected":false},"author":1,"featured_media":0,"comment_status":"closed","ping_status":"open","sticky":false,"template":"","format":"standard","meta":{"_exactmetrics_skip_tracking":false,"_exactmetrics_sitenote_active":false,"_exactmetrics_sitenote_note":"","_exactmetrics_sitenote_category":0,"jetpack_post_was_ever_published":false,"_jetpack_newsletter_access":"","_jetpack_dont_email_post_to_subs":false,"_jetpack_newsletter_tier_id":0,"_jetpack_memberships_contains_paywalled_content":false,"_jetpack_memberships_contains_paid_content":false,"footnotes":"","jetpack_publicize_message":"","jetpack_publicize_feature_enabled":true,"jetpack_social_post_already_shared":true,"jetpack_social_options":{"image_generator_settings":{"template":"highway","enabled":false},"version":2}},"categories":[1],"tags":[],"class_list":["post-28572","post","type-post","status-publish","format-standard","hentry","category-notas"],"jetpack_publicize_connections":[],"jetpack_sharing_enabled":true,"jetpack_featured_media_url":"","jetpack_shortlink":"https:\/\/wp.me\/p7wKYW-7qQ","jetpack-related-posts":[],"_links":{"self":[{"href":"http:\/\/blogdalucianaoliveira.com.br\/blog\/wp-json\/wp\/v2\/posts\/28572","targetHints":{"allow":["GET"]}}],"collection":[{"href":"http:\/\/blogdalucianaoliveira.com.br\/blog\/wp-json\/wp\/v2\/posts"}],"about":[{"href":"http:\/\/blogdalucianaoliveira.com.br\/blog\/wp-json\/wp\/v2\/types\/post"}],"author":[{"embeddable":true,"href":"http:\/\/blogdalucianaoliveira.com.br\/blog\/wp-json\/wp\/v2\/users\/1"}],"replies":[{"embeddable":true,"href":"http:\/\/blogdalucianaoliveira.com.br\/blog\/wp-json\/wp\/v2\/comments?post=28572"}],"version-history":[{"count":1,"href":"http:\/\/blogdalucianaoliveira.com.br\/blog\/wp-json\/wp\/v2\/posts\/28572\/revisions"}],"predecessor-version":[{"id":28578,"href":"http:\/\/blogdalucianaoliveira.com.br\/blog\/wp-json\/wp\/v2\/posts\/28572\/revisions\/28578"}],"wp:attachment":[{"href":"http:\/\/blogdalucianaoliveira.com.br\/blog\/wp-json\/wp\/v2\/media?parent=28572"}],"wp:term":[{"taxonomy":"category","embeddable":true,"href":"http:\/\/blogdalucianaoliveira.com.br\/blog\/wp-json\/wp\/v2\/categories?post=28572"},{"taxonomy":"post_tag","embeddable":true,"href":"http:\/\/blogdalucianaoliveira.com.br\/blog\/wp-json\/wp\/v2\/tags?post=28572"}],"curies":[{"name":"wp","href":"https:\/\/api.w.org\/{rel}","templated":true}]}}