{"id":2861,"date":"2016-08-03T18:20:33","date_gmt":"2016-08-03T22:20:33","guid":{"rendered":"http:\/\/blogdalucianaoliveira.com.br\/blog\/?p=2861"},"modified":"2016-08-03T18:20:33","modified_gmt":"2016-08-03T22:20:33","slug":"tarciso-gomes-e-ouro-no-revezamento-da-tocha-olimpica","status":"publish","type":"post","link":"http:\/\/blogdalucianaoliveira.com.br\/blog\/2016\/08\/03\/tarciso-gomes-e-ouro-no-revezamento-da-tocha-olimpica\/","title":{"rendered":"Tarciso Gomes \u00e9 ouro no revezamento da tocha ol\u00edmpica"},"content":{"rendered":"<p><img data-recalc-dims=\"1\" loading=\"lazy\" decoding=\"async\" data-attachment-id=\"2862\" data-permalink=\"http:\/\/blogdalucianaoliveira.com.br\/blog\/2016\/08\/03\/tarciso-gomes-e-ouro-no-revezamento-da-tocha-olimpica\/image-657\/\" data-orig-file=\"https:\/\/i0.wp.com\/blogdalucianaoliveira.com.br\/blog\/wp-content\/uploads\/2016\/08\/image-27.jpeg?fit=540%2C960\" data-orig-size=\"540,960\" data-comments-opened=\"0\" data-image-meta=\"{&quot;aperture&quot;:&quot;0&quot;,&quot;credit&quot;:&quot;&quot;,&quot;camera&quot;:&quot;&quot;,&quot;caption&quot;:&quot;&quot;,&quot;created_timestamp&quot;:&quot;0&quot;,&quot;copyright&quot;:&quot;&quot;,&quot;focal_length&quot;:&quot;0&quot;,&quot;iso&quot;:&quot;0&quot;,&quot;shutter_speed&quot;:&quot;0&quot;,&quot;title&quot;:&quot;&quot;,&quot;orientation&quot;:&quot;1&quot;}\" data-image-title=\"image\" data-image-description=\"\" data-image-caption=\"\" data-medium-file=\"https:\/\/i0.wp.com\/blogdalucianaoliveira.com.br\/blog\/wp-content\/uploads\/2016\/08\/image-27.jpeg?fit=169%2C300\" data-large-file=\"https:\/\/i0.wp.com\/blogdalucianaoliveira.com.br\/blog\/wp-content\/uploads\/2016\/08\/image-27.jpeg?fit=540%2C960\" src=\"https:\/\/i0.wp.com\/blogdalucianaoliveira.com.br\/blog\/wp-content\/uploads\/2016\/08\/image-27.jpeg?resize=540%2C960\" alt=\"image\" width=\"540\" height=\"960\" class=\"alignnone size-full wp-image-2862\" srcset=\"https:\/\/i0.wp.com\/blogdalucianaoliveira.com.br\/blog\/wp-content\/uploads\/2016\/08\/image-27.jpeg?w=540 540w, https:\/\/i0.wp.com\/blogdalucianaoliveira.com.br\/blog\/wp-content\/uploads\/2016\/08\/image-27.jpeg?resize=169%2C300 169w\" sizes=\"auto, (max-width: 540px) 100vw, 540px\" \/><\/p>\n<p>CONDUTOR DA TOCHA PROTESTA PELO FORA TEMER<!--more--><\/p>\n<p>Fonte: Cuca da Une<\/p>\n<p>Hoje, 03, j\u00e1 no munic\u00edpio do Rio, no Centro, um condutor desceu a bermuda e em sua bunda estava escrito Fora Temer. Ele usava um biquini de on\u00e7a.<\/p>\n<p>O condutor \u00e9 uma figura cl\u00e1ssica na noite do rio e no carnaval carioca. Tarciso Gomes, o Cis\u00e3o, \u00e9 uma figura bem humorada e tem como sua marca a risada inigual\u00e1vel. Faz parte de diversos projetos musicais em que o ponto em comum \u00e9 o espa\u00e7o p\u00fablico. Um dos fundadores do Vulc\u00e3o Erup\u00e7ado e do Bloco Amigos Da On\u00e7a. <\/p>\n<p>De acordo com o Estad\u00e3o, Cis\u00e3o teria recebido duas liga\u00e7\u00f5es do COB (Comit\u00ea Ol\u00edmpico Brasileiro). Fez pouco caso, mas depois que percebeu que n\u00e3o era trote, aproveitou o momento para publicizar o golpe no Brasil. <\/p>\n<p>Veja no v\u00eddeo se o melhor do Brasil n\u00e3o \u00e9 o brasileiro!<\/p>\n<div class=\"fb-video\" data-allowfullscreen=\"true\" data-href=\"https:\/\/www.facebook.com\/cucaune\/videos\/1194837840536888\/\"><\/div>\n<p>V\u00eddeo: Julio Barroso<\/p>\n","protected":false},"excerpt":{"rendered":"<p>CONDUTOR DA TOCHA PROTESTA PELO FORA TEMER<\/p>\n","protected":false},"author":1,"featured_media":0,"comment_status":"closed","ping_status":"open","sticky":false,"template":"","format":"standard","meta":{"_exactmetrics_skip_tracking":false,"_exactmetrics_sitenote_active":false,"_exactmetrics_sitenote_note":"","_exactmetrics_sitenote_category":0,"jetpack_post_was_ever_published":false,"_jetpack_newsletter_access":"","_jetpack_dont_email_post_to_subs":false,"_jetpack_newsletter_tier_id":0,"_jetpack_memberships_contains_paywalled_content":false,"_jetpack_memberships_contains_paid_content":false,"footnotes":"","jetpack_publicize_message":"","jetpack_publicize_feature_enabled":true,"jetpack_social_post_already_shared":true,"jetpack_social_options":{"image_generator_settings":{"template":"highway","enabled":false},"version":2}},"categories":[1],"tags":[],"class_list":["post-2861","post","type-post","status-publish","format-standard","hentry","category-notas"],"jetpack_publicize_connections":[],"jetpack_sharing_enabled":true,"jetpack_featured_media_url":"","jetpack_shortlink":"https:\/\/wp.me\/p7wKYW-K9","jetpack-related-posts":[],"_links":{"self":[{"href":"http:\/\/blogdalucianaoliveira.com.br\/blog\/wp-json\/wp\/v2\/posts\/2861","targetHints":{"allow":["GET"]}}],"collection":[{"href":"http:\/\/blogdalucianaoliveira.com.br\/blog\/wp-json\/wp\/v2\/posts"}],"about":[{"href":"http:\/\/blogdalucianaoliveira.com.br\/blog\/wp-json\/wp\/v2\/types\/post"}],"author":[{"embeddable":true,"href":"http:\/\/blogdalucianaoliveira.com.br\/blog\/wp-json\/wp\/v2\/users\/1"}],"replies":[{"embeddable":true,"href":"http:\/\/blogdalucianaoliveira.com.br\/blog\/wp-json\/wp\/v2\/comments?post=2861"}],"version-history":[{"count":2,"href":"http:\/\/blogdalucianaoliveira.com.br\/blog\/wp-json\/wp\/v2\/posts\/2861\/revisions"}],"predecessor-version":[{"id":2864,"href":"http:\/\/blogdalucianaoliveira.com.br\/blog\/wp-json\/wp\/v2\/posts\/2861\/revisions\/2864"}],"wp:attachment":[{"href":"http:\/\/blogdalucianaoliveira.com.br\/blog\/wp-json\/wp\/v2\/media?parent=2861"}],"wp:term":[{"taxonomy":"category","embeddable":true,"href":"http:\/\/blogdalucianaoliveira.com.br\/blog\/wp-json\/wp\/v2\/categories?post=2861"},{"taxonomy":"post_tag","embeddable":true,"href":"http:\/\/blogdalucianaoliveira.com.br\/blog\/wp-json\/wp\/v2\/tags?post=2861"}],"curies":[{"name":"wp","href":"https:\/\/api.w.org\/{rel}","templated":true}]}}